{"id":98,"date":"2023-10-25T19:31:30","date_gmt":"2023-10-25T17:31:30","guid":{"rendered":"https:\/\/jeyjo.es\/blog\/?p=98"},"modified":"2023-10-25T19:31:30","modified_gmt":"2023-10-25T17:31:30","slug":"manten-a-salvo-tus-documentos-confidenciales-y-cumple-con-el-nuevo-reglamento-general-de-proteccion-de-datos","status":"publish","type":"post","link":"https:\/\/jeyjo.es\/blog\/index.php\/2023\/10\/25\/manten-a-salvo-tus-documentos-confidenciales-y-cumple-con-el-nuevo-reglamento-general-de-proteccion-de-datos\/","title":{"rendered":"Mant\u00e9n a salvo tus documentos confidenciales y cumple con el nuevo Reglamento General de Protecci\u00f3n de Datos"},"content":{"rendered":"\n<h2 class=\"wp-block-heading\">Mant\u00e9n a salvo tus documentos confidenciales y cumple con el nuevo Reglamento General de Protecci\u00f3n de Datos<\/h2>\n\n\n\n<p>El Reglamento General de Protecci\u00f3n de Datos (RGPD) entr\u00f3 en vigor en toda Europa el 25 de mayo de 2018. Esta nueva norma se aplicar\u00e1 de forma general desde autoridades p\u00fablicas a peque\u00f1as y medianas empresas.<\/p>\n\n\n\n<p>EL RGPD se aplica al tratamiento de datos personales. Los datos personales se refieren a toda aquella informaci\u00f3n relativa al individuo que lo identifica o lo hace identificable, como nombre, direcci\u00f3n f\u00edsica, direcci\u00f3n de email, n\u00fameros de la seguridad social, cuentas bancarias, etc.<\/p>\n\n\n\n<p>El no cumplimiento con este nuevo reglamento, puede conllevar a sanciones de 20 millones de euros o el 4% del volumen total del negocio total anual.<\/p>\n\n\n\n<p>Las empresas tienen que implementar medidas t\u00e9cnicas y organizacionales para asegurarse que cumplen con el reglamento correctamente, ya que afectar\u00e1 tanto a datos personales electr\u00f3nicos o en papel.<\/p>\n\n\n\n<p>\u00bfQuieres saber m\u00e1s acerca del RGPD?\u00a0<strong><a href=\"https:\/\/assets.fellowes.com\/skins\/v2\/desktop\/ES\/ES\/gdpr\/downloads\/whitepaper_ES.pdf\">\u00a1Descarga ahora nuestra gu\u00eda!<\/a><\/strong><\/p>\n\n\n\n<figure class=\"wp-block-image\"><a href=\"https:\/\/www.blogger.com\/blog\/post\/edit\/9203335948979382529\/3567578203099316837#\"><img loading=\"lazy\" decoding=\"async\" width=\"454\" height=\"608\" src=\"https:\/\/jeyjo.es\/blog\/wp-content\/uploads\/2023\/10\/image.png\" alt=\"Whitepaper\" class=\"wp-image-100\" srcset=\"https:\/\/jeyjo.es\/blog\/wp-content\/uploads\/2023\/10\/image.png 454w, https:\/\/jeyjo.es\/blog\/wp-content\/uploads\/2023\/10\/image-224x300.png 224w\" sizes=\"auto, (max-width: 454px) 100vw, 454px\" \/><\/a><\/figure>\n\n\n\n<h2 class=\"wp-block-heading\">\u00bfQu\u00e9 debes hacer con tus documentos en papel seg\u00fan el RGPD?<\/h2>\n\n\n\n<p>Aparte de proteger los datos confidenciales en formato electr\u00f3nico, debes incluir tambi\u00e9n la gesti\u00f3n de documentos en papel en tu pol\u00edtica de protecci\u00f3n de datos.<\/p>\n\n\n\n<p>\u2022 Destruye de forma segura los documentos que no vayas a necesitar m\u00e1s.<\/p>\n\n\n\n<p>\u2022 Los documentos que necesites conservar, deben ser almacenados de tal manera que puedas acceder a ellos de una manera sencilla y r\u00e1pida.<\/p>\n\n\n\n<p>\u2022 Los documentos confidenciales m\u00e1s sensibles deben ser almacenados en armarios cerrados, y s\u00f3lo determinadas personas dentro de la empresa tendr\u00e1n acceso a ellos.<\/p>\n\n\n\n<p>\u2022 Es importante que tengas en cuenta a todos los trabajadores, incluidos los que trabajan desde casa. Debes incluirlos en la pol\u00edtica de protecci\u00f3n de datos e informarles acerca de c\u00f3mo deben proteger los datos confidenciales con los que trabajan.<\/p>\n\n\n\n<p>Para saber m\u00e1s sobre la Protecci\u00f3n de Datos en papel,\u00a0<strong><a href=\"https:\/\/assets.fellowes.com\/skins\/v2\/desktop\/ES\/ES\/gdpr\/downloads\/GDPR_brochure_ES.pdf\">descarga nuestro folleto haciendo clic aqu\u00ed<\/a><\/strong><\/p>\n\n\n\n<figure class=\"wp-block-image\"><a href=\"https:\/\/www.blogger.com\/blog\/post\/edit\/9203335948979382529\/3567578203099316837#\"><img loading=\"lazy\" decoding=\"async\" width=\"454\" height=\"305\" src=\"https:\/\/jeyjo.es\/blog\/wp-content\/uploads\/2023\/10\/image-2.png\" alt=\"Reglamento General de Protecci\u00f3n de Datos\" class=\"wp-image-102\" srcset=\"https:\/\/jeyjo.es\/blog\/wp-content\/uploads\/2023\/10\/image-2.png 454w, https:\/\/jeyjo.es\/blog\/wp-content\/uploads\/2023\/10\/image-2-300x202.png 300w\" sizes=\"auto, (max-width: 454px) 100vw, 454px\" \/><\/a><\/figure>\n\n\n\n<figure class=\"wp-block-image\"><img loading=\"lazy\" decoding=\"async\" width=\"990\" height=\"509\" src=\"https:\/\/jeyjo.es\/blog\/wp-content\/uploads\/2023\/10\/image.jpeg\" alt=\"Rules\" class=\"wp-image-103\" srcset=\"https:\/\/jeyjo.es\/blog\/wp-content\/uploads\/2023\/10\/image.jpeg 990w, https:\/\/jeyjo.es\/blog\/wp-content\/uploads\/2023\/10\/image-300x154.jpeg 300w, https:\/\/jeyjo.es\/blog\/wp-content\/uploads\/2023\/10\/image-768x395.jpeg 768w\" sizes=\"auto, (max-width: 990px) 100vw, 990px\" \/><\/figure>\n\n\n\n<h2 class=\"wp-block-heading\">\u00bfEst\u00e1 tu negocio protegido?<\/h2>\n\n\n\n<figure class=\"wp-block-image\"><a href=\"https:\/\/www.blogger.com\/blog\/post\/edit\/9203335948979382529\/3567578203099316837#\"><img loading=\"lazy\" decoding=\"async\" width=\"454\" height=\"409\" src=\"https:\/\/jeyjo.es\/blog\/wp-content\/uploads\/2023\/10\/image-1.png\" alt=\"Test del nivel de privacidad de datos\" class=\"wp-image-101\" srcset=\"https:\/\/jeyjo.es\/blog\/wp-content\/uploads\/2023\/10\/image-1.png 454w, https:\/\/jeyjo.es\/blog\/wp-content\/uploads\/2023\/10\/image-1-300x270.png 300w, https:\/\/jeyjo.es\/blog\/wp-content\/uploads\/2023\/10\/image-1-90x80.png 90w\" sizes=\"auto, (max-width: 454px) 100vw, 454px\" \/><\/a><\/figure>\n\n\n\n<p>Sin una pol\u00edtica de protecci\u00f3n de datos, tu empresa est\u00e1 expuesta a sufrir un fraudes y robos de identidad, lo que supondr\u00e1 cuantiosas p\u00e9rdidas tanto en el \u00e1mbito financiero como en el reputacional. Descubre c\u00f3mo proteger tu negocio y tu reputaci\u00f3n con esta gu\u00eda. Tu gu\u00eda personalizada para la protecci\u00f3n de tu negocio, tus empleados, y tus clientes.<\/p>\n\n\n\n<p><strong><a href=\"https:\/\/apps.fellowes.com\/micrositeeu\/healthcheck\/es\/\">Descarga ahora esta gu\u00eda de caracter\u00edsticas clave haciendo clic aqu\u00ed<\/a><\/strong>\u00a0y descubre c\u00f3mo mejorar tu seguridad en la empresa.<\/p>\n\n\n\n<h2 class=\"wp-block-heading\"><\/h2>\n\n\n\n<h3 class=\"wp-block-heading\">Ver m\u00e1s<\/h3>\n\n\n\n<p><a href=\"https:\/\/www.fellowes.com\/es\/es\/recursos\/privacidad\/RGPD-documentos-papel-proteccion-datos.aspx\">El RGPD y los documentos en papel<\/a><\/p>\n\n\n\n<p><a href=\"https:\/\/www.fellowes.com\/es\/es\/recursos\/privacidad\/riesgos-teletrabajo-RGPD-proteccion-datos.aspx\">Los riesgos del teletrabajo en cuanto a protecci\u00f3n de datos<\/a><\/p>\n","protected":false},"excerpt":{"rendered":"<p class=\"text-justify\">El Reglamento General de Protecci\u00f3n de Datos (RGPD) entr\u00f3 en vigor en toda Europa el 25 de mayo de 2018. Esta nueva norma se aplicar\u00e1 de forma general desde autoridades p\u00fablicas a peque\u00f1as y medianas empresas.<\/p>\n<p class=\"text-justify\">EL RGPD se aplica al tratamiento de datos personales. Los datos personales se refieren a toda aquella informaci\u00f3n relativa al individuo que lo identifica o lo hace identificable, como nombre, direcci\u00f3n f\u00edsica, direcci\u00f3n de email, n\u00fameros de la seguridad social, cuentas bancarias, etc.<\/p>\n","protected":false},"author":1,"featured_media":99,"comment_status":"open","ping_status":"open","sticky":false,"template":"","format":"standard","meta":{"footnotes":""},"categories":[12],"tags":[164,162,161,165,167,163,166,15,160,168],"class_list":["post-98","post","type-post","status-publish","format-standard","has-post-thumbnail","hentry","category-guias-de-compra","tag-consejos-para-el-rgdp","tag-destructora","tag-destructoras","tag-fellowes-y-rgdp","tag-fraude-rgpd","tag-manual-rgpd","tag-perdida-reputacional","tag-proteccion-de-datos","tag-rgpd","tag-test-de-nivel-de-privacidad"],"yoast_head":"<!-- This site is optimized with the Yoast SEO plugin v27.5 - https:\/\/yoast.com\/product\/yoast-seo-wordpress\/ -->\n<title>Mant\u00e9n a salvo tus documentos confidenciales y cumple con el nuevo Reglamento General de Protecci\u00f3n de Datos - Jeyjo<\/title>\n<meta name=\"robots\" content=\"index, follow, max-snippet:-1, max-image-preview:large, max-video-preview:-1\" \/>\n<link rel=\"canonical\" href=\"https:\/\/jeyjo.es\/blog\/index.php\/2023\/10\/25\/manten-a-salvo-tus-documentos-confidenciales-y-cumple-con-el-nuevo-reglamento-general-de-proteccion-de-datos\/\" \/>\n<meta property=\"og:locale\" content=\"es_ES\" \/>\n<meta property=\"og:type\" content=\"article\" \/>\n<meta property=\"og:title\" content=\"Mant\u00e9n a salvo tus documentos confidenciales y cumple con el nuevo Reglamento General de Protecci\u00f3n de Datos - Jeyjo\" \/>\n<meta property=\"og:description\" content=\"El Reglamento General de Protecci\u00f3n de Datos (RGPD) entr\u00f3 en vigor en toda Europa el 25 de mayo de 2018. Esta nueva norma se aplicar\u00e1 de forma general desde autoridades p\u00fablicas a peque\u00f1as y medianas empresas. EL RGPD se aplica al tratamiento de datos personales. Los datos personales se refieren a toda aquella informaci\u00f3n relativa al individuo que lo identifica o lo hace identificable, como nombre, direcci\u00f3n f\u00edsica, direcci\u00f3n de email, n\u00fameros de la seguridad social, cuentas bancarias, etc.\" \/>\n<meta property=\"og:url\" content=\"https:\/\/jeyjo.es\/blog\/index.php\/2023\/10\/25\/manten-a-salvo-tus-documentos-confidenciales-y-cumple-con-el-nuevo-reglamento-general-de-proteccion-de-datos\/\" \/>\n<meta property=\"og:site_name\" content=\"Jeyjo\" \/>\n<meta property=\"article:publisher\" content=\"https:\/\/www.facebook.com\/jeyjo.papeleria.9\" \/>\n<meta property=\"article:published_time\" content=\"2023-10-25T17:31:30+00:00\" \/>\n<meta property=\"og:image\" content=\"https:\/\/jeyjo.es\/blog\/wp-content\/uploads\/2023\/10\/Manten-a-salvo-tus-documentos-confidenciales-y-cumple-con-el-nuevo-Reglamento-General-de-Proteccion-de-Datos.png\" \/>\n\t<meta property=\"og:image:width\" content=\"454\" \/>\n\t<meta property=\"og:image:height\" content=\"305\" \/>\n\t<meta property=\"og:image:type\" content=\"image\/png\" \/>\n<meta name=\"author\" content=\"Jos\u00e9 Antonio\" \/>\n<meta name=\"twitter:card\" content=\"summary_large_image\" \/>\n<meta name=\"twitter:creator\" content=\"@jeyjooficinas\" \/>\n<meta name=\"twitter:site\" content=\"@jeyjooficinas\" \/>\n<meta name=\"twitter:label1\" content=\"Escrito por\" \/>\n\t<meta name=\"twitter:data1\" content=\"Jos\u00e9 Antonio\" \/>\n\t<meta name=\"twitter:label2\" content=\"Tiempo de lectura\" \/>\n\t<meta name=\"twitter:data2\" content=\"2 minutos\" \/>\n<script type=\"application\/ld+json\" class=\"yoast-schema-graph\">{\"@context\":\"https:\\\/\\\/schema.org\",\"@graph\":[{\"@type\":\"Article\",\"@id\":\"https:\\\/\\\/jeyjo.es\\\/blog\\\/index.php\\\/2023\\\/10\\\/25\\\/manten-a-salvo-tus-documentos-confidenciales-y-cumple-con-el-nuevo-reglamento-general-de-proteccion-de-datos\\\/#article\",\"isPartOf\":{\"@id\":\"https:\\\/\\\/jeyjo.es\\\/blog\\\/index.php\\\/2023\\\/10\\\/25\\\/manten-a-salvo-tus-documentos-confidenciales-y-cumple-con-el-nuevo-reglamento-general-de-proteccion-de-datos\\\/\"},\"author\":{\"name\":\"Jos\u00e9 Antonio\",\"@id\":\"https:\\\/\\\/jeyjo.es\\\/blog\\\/#\\\/schema\\\/person\\\/27b39b68644e2843617b9eb0877b528b\"},\"headline\":\"Mant\u00e9n a salvo tus documentos confidenciales y cumple con el nuevo Reglamento General de Protecci\u00f3n de Datos\",\"datePublished\":\"2023-10-25T17:31:30+00:00\",\"mainEntityOfPage\":{\"@id\":\"https:\\\/\\\/jeyjo.es\\\/blog\\\/index.php\\\/2023\\\/10\\\/25\\\/manten-a-salvo-tus-documentos-confidenciales-y-cumple-con-el-nuevo-reglamento-general-de-proteccion-de-datos\\\/\"},\"wordCount\":466,\"commentCount\":0,\"publisher\":{\"@id\":\"https:\\\/\\\/jeyjo.es\\\/blog\\\/#organization\"},\"image\":{\"@id\":\"https:\\\/\\\/jeyjo.es\\\/blog\\\/index.php\\\/2023\\\/10\\\/25\\\/manten-a-salvo-tus-documentos-confidenciales-y-cumple-con-el-nuevo-reglamento-general-de-proteccion-de-datos\\\/#primaryimage\"},\"thumbnailUrl\":\"https:\\\/\\\/jeyjo.es\\\/blog\\\/wp-content\\\/uploads\\\/2023\\\/10\\\/Manten-a-salvo-tus-documentos-confidenciales-y-cumple-con-el-nuevo-Reglamento-General-de-Proteccion-de-Datos.png\",\"keywords\":[\"consejos para el rgdp\",\"destructora\",\"destructoras\",\"fellowes y rgdp\",\"fraude rgpd\",\"manual rgpd\",\"perdida reputacional\",\"protecci\u00f3n de datos\",\"rgpd\",\"test de nivel de privacidad\"],\"articleSection\":[\"Gu\u00edas de compra\"],\"inLanguage\":\"es\",\"potentialAction\":[{\"@type\":\"CommentAction\",\"name\":\"Comment\",\"target\":[\"https:\\\/\\\/jeyjo.es\\\/blog\\\/index.php\\\/2023\\\/10\\\/25\\\/manten-a-salvo-tus-documentos-confidenciales-y-cumple-con-el-nuevo-reglamento-general-de-proteccion-de-datos\\\/#respond\"]}]},{\"@type\":\"WebPage\",\"@id\":\"https:\\\/\\\/jeyjo.es\\\/blog\\\/index.php\\\/2023\\\/10\\\/25\\\/manten-a-salvo-tus-documentos-confidenciales-y-cumple-con-el-nuevo-reglamento-general-de-proteccion-de-datos\\\/\",\"url\":\"https:\\\/\\\/jeyjo.es\\\/blog\\\/index.php\\\/2023\\\/10\\\/25\\\/manten-a-salvo-tus-documentos-confidenciales-y-cumple-con-el-nuevo-reglamento-general-de-proteccion-de-datos\\\/\",\"name\":\"Mant\u00e9n a salvo tus documentos confidenciales y cumple con el nuevo Reglamento General de Protecci\u00f3n de Datos - Jeyjo\",\"isPartOf\":{\"@id\":\"https:\\\/\\\/jeyjo.es\\\/blog\\\/#website\"},\"primaryImageOfPage\":{\"@id\":\"https:\\\/\\\/jeyjo.es\\\/blog\\\/index.php\\\/2023\\\/10\\\/25\\\/manten-a-salvo-tus-documentos-confidenciales-y-cumple-con-el-nuevo-reglamento-general-de-proteccion-de-datos\\\/#primaryimage\"},\"image\":{\"@id\":\"https:\\\/\\\/jeyjo.es\\\/blog\\\/index.php\\\/2023\\\/10\\\/25\\\/manten-a-salvo-tus-documentos-confidenciales-y-cumple-con-el-nuevo-reglamento-general-de-proteccion-de-datos\\\/#primaryimage\"},\"thumbnailUrl\":\"https:\\\/\\\/jeyjo.es\\\/blog\\\/wp-content\\\/uploads\\\/2023\\\/10\\\/Manten-a-salvo-tus-documentos-confidenciales-y-cumple-con-el-nuevo-Reglamento-General-de-Proteccion-de-Datos.png\",\"datePublished\":\"2023-10-25T17:31:30+00:00\",\"breadcrumb\":{\"@id\":\"https:\\\/\\\/jeyjo.es\\\/blog\\\/index.php\\\/2023\\\/10\\\/25\\\/manten-a-salvo-tus-documentos-confidenciales-y-cumple-con-el-nuevo-reglamento-general-de-proteccion-de-datos\\\/#breadcrumb\"},\"inLanguage\":\"es\",\"potentialAction\":[{\"@type\":\"ReadAction\",\"target\":[\"https:\\\/\\\/jeyjo.es\\\/blog\\\/index.php\\\/2023\\\/10\\\/25\\\/manten-a-salvo-tus-documentos-confidenciales-y-cumple-con-el-nuevo-reglamento-general-de-proteccion-de-datos\\\/\"]}]},{\"@type\":\"ImageObject\",\"inLanguage\":\"es\",\"@id\":\"https:\\\/\\\/jeyjo.es\\\/blog\\\/index.php\\\/2023\\\/10\\\/25\\\/manten-a-salvo-tus-documentos-confidenciales-y-cumple-con-el-nuevo-reglamento-general-de-proteccion-de-datos\\\/#primaryimage\",\"url\":\"https:\\\/\\\/jeyjo.es\\\/blog\\\/wp-content\\\/uploads\\\/2023\\\/10\\\/Manten-a-salvo-tus-documentos-confidenciales-y-cumple-con-el-nuevo-Reglamento-General-de-Proteccion-de-Datos.png\",\"contentUrl\":\"https:\\\/\\\/jeyjo.es\\\/blog\\\/wp-content\\\/uploads\\\/2023\\\/10\\\/Manten-a-salvo-tus-documentos-confidenciales-y-cumple-con-el-nuevo-Reglamento-General-de-Proteccion-de-Datos.png\",\"width\":454,\"height\":305},{\"@type\":\"BreadcrumbList\",\"@id\":\"https:\\\/\\\/jeyjo.es\\\/blog\\\/index.php\\\/2023\\\/10\\\/25\\\/manten-a-salvo-tus-documentos-confidenciales-y-cumple-con-el-nuevo-reglamento-general-de-proteccion-de-datos\\\/#breadcrumb\",\"itemListElement\":[{\"@type\":\"ListItem\",\"position\":1,\"name\":\"Portada\",\"item\":\"https:\\\/\\\/jeyjo.es\\\/blog\\\/\"},{\"@type\":\"ListItem\",\"position\":2,\"name\":\"Mant\u00e9n a salvo tus documentos confidenciales y cumple con el nuevo Reglamento General de Protecci\u00f3n de Datos\"}]},{\"@type\":\"WebSite\",\"@id\":\"https:\\\/\\\/jeyjo.es\\\/blog\\\/#website\",\"url\":\"https:\\\/\\\/jeyjo.es\\\/blog\\\/\",\"name\":\"Blog para conocer todo sobre la oficina y el colegio\",\"description\":\"El Blog de tu Oficina - Expertos en Material de Oficina, Papeler\u00eda y Mobiliario\",\"publisher\":{\"@id\":\"https:\\\/\\\/jeyjo.es\\\/blog\\\/#organization\"},\"potentialAction\":[{\"@type\":\"SearchAction\",\"target\":{\"@type\":\"EntryPoint\",\"urlTemplate\":\"https:\\\/\\\/jeyjo.es\\\/blog\\\/?s={search_term_string}\"},\"query-input\":{\"@type\":\"PropertyValueSpecification\",\"valueRequired\":true,\"valueName\":\"search_term_string\"}}],\"inLanguage\":\"es\"},{\"@type\":\"Organization\",\"@id\":\"https:\\\/\\\/jeyjo.es\\\/blog\\\/#organization\",\"name\":\"Jeyjo Material de Oficina\",\"url\":\"https:\\\/\\\/jeyjo.es\\\/blog\\\/\",\"logo\":{\"@type\":\"ImageObject\",\"inLanguage\":\"es\",\"@id\":\"https:\\\/\\\/jeyjo.es\\\/blog\\\/#\\\/schema\\\/logo\\\/image\\\/\",\"url\":\"https:\\\/\\\/jeyjo.es\\\/blog\\\/wp-content\\\/uploads\\\/2023\\\/10\\\/LOGOTIPO-COLOR-cac-150px.jpg\",\"contentUrl\":\"https:\\\/\\\/jeyjo.es\\\/blog\\\/wp-content\\\/uploads\\\/2023\\\/10\\\/LOGOTIPO-COLOR-cac-150px.jpg\",\"width\":1771,\"height\":1006,\"caption\":\"Jeyjo Material de Oficina\"},\"image\":{\"@id\":\"https:\\\/\\\/jeyjo.es\\\/blog\\\/#\\\/schema\\\/logo\\\/image\\\/\"},\"sameAs\":[\"https:\\\/\\\/www.facebook.com\\\/jeyjo.papeleria.9\",\"https:\\\/\\\/x.com\\\/jeyjooficinas\",\"https:\\\/\\\/www.youtube.com\\\/channel\\\/UCUNp2bZMllJUVIAMZYdGZ8Q\",\"https:\\\/\\\/www.instagram.com\\\/jeyjomaterialdeoficina\\\/\",\"https:\\\/\\\/www.linkedin.com\\\/in\\\/jeyjo-material-de-oficina-aba48b49\"]},{\"@type\":\"Person\",\"@id\":\"https:\\\/\\\/jeyjo.es\\\/blog\\\/#\\\/schema\\\/person\\\/27b39b68644e2843617b9eb0877b528b\",\"name\":\"Jos\u00e9 Antonio\",\"image\":{\"@type\":\"ImageObject\",\"inLanguage\":\"es\",\"@id\":\"https:\\\/\\\/secure.gravatar.com\\\/avatar\\\/e8bbcf4f7a3e91ea18ca5e076249495fd4bcbc0c9bd4e3fb6c8294649ec86fcc?s=96&d=mm&r=g\",\"url\":\"https:\\\/\\\/secure.gravatar.com\\\/avatar\\\/e8bbcf4f7a3e91ea18ca5e076249495fd4bcbc0c9bd4e3fb6c8294649ec86fcc?s=96&d=mm&r=g\",\"contentUrl\":\"https:\\\/\\\/secure.gravatar.com\\\/avatar\\\/e8bbcf4f7a3e91ea18ca5e076249495fd4bcbc0c9bd4e3fb6c8294649ec86fcc?s=96&d=mm&r=g\",\"caption\":\"Jos\u00e9 Antonio\"},\"sameAs\":[\"http:\\\/\\\/jeyjo.es\\\/blog\"],\"url\":\"https:\\\/\\\/jeyjo.es\\\/blog\\\/index.php\\\/author\\\/programador\\\/\"}]}<\/script>\n<!-- \/ Yoast SEO plugin. -->","yoast_head_json":{"title":"Mant\u00e9n a salvo tus documentos confidenciales y cumple con el nuevo Reglamento General de Protecci\u00f3n de Datos - Jeyjo","robots":{"index":"index","follow":"follow","max-snippet":"max-snippet:-1","max-image-preview":"max-image-preview:large","max-video-preview":"max-video-preview:-1"},"canonical":"https:\/\/jeyjo.es\/blog\/index.php\/2023\/10\/25\/manten-a-salvo-tus-documentos-confidenciales-y-cumple-con-el-nuevo-reglamento-general-de-proteccion-de-datos\/","og_locale":"es_ES","og_type":"article","og_title":"Mant\u00e9n a salvo tus documentos confidenciales y cumple con el nuevo Reglamento General de Protecci\u00f3n de Datos - Jeyjo","og_description":"El Reglamento General de Protecci\u00f3n de Datos (RGPD) entr\u00f3 en vigor en toda Europa el 25 de mayo de 2018. Esta nueva norma se aplicar\u00e1 de forma general desde autoridades p\u00fablicas a peque\u00f1as y medianas empresas. EL RGPD se aplica al tratamiento de datos personales. Los datos personales se refieren a toda aquella informaci\u00f3n relativa al individuo que lo identifica o lo hace identificable, como nombre, direcci\u00f3n f\u00edsica, direcci\u00f3n de email, n\u00fameros de la seguridad social, cuentas bancarias, etc.","og_url":"https:\/\/jeyjo.es\/blog\/index.php\/2023\/10\/25\/manten-a-salvo-tus-documentos-confidenciales-y-cumple-con-el-nuevo-reglamento-general-de-proteccion-de-datos\/","og_site_name":"Jeyjo","article_publisher":"https:\/\/www.facebook.com\/jeyjo.papeleria.9","article_published_time":"2023-10-25T17:31:30+00:00","og_image":[{"width":454,"height":305,"url":"https:\/\/jeyjo.es\/blog\/wp-content\/uploads\/2023\/10\/Manten-a-salvo-tus-documentos-confidenciales-y-cumple-con-el-nuevo-Reglamento-General-de-Proteccion-de-Datos.png","type":"image\/png"}],"author":"Jos\u00e9 Antonio","twitter_card":"summary_large_image","twitter_creator":"@jeyjooficinas","twitter_site":"@jeyjooficinas","twitter_misc":{"Escrito por":"Jos\u00e9 Antonio","Tiempo de lectura":"2 minutos"},"schema":{"@context":"https:\/\/schema.org","@graph":[{"@type":"Article","@id":"https:\/\/jeyjo.es\/blog\/index.php\/2023\/10\/25\/manten-a-salvo-tus-documentos-confidenciales-y-cumple-con-el-nuevo-reglamento-general-de-proteccion-de-datos\/#article","isPartOf":{"@id":"https:\/\/jeyjo.es\/blog\/index.php\/2023\/10\/25\/manten-a-salvo-tus-documentos-confidenciales-y-cumple-con-el-nuevo-reglamento-general-de-proteccion-de-datos\/"},"author":{"name":"Jos\u00e9 Antonio","@id":"https:\/\/jeyjo.es\/blog\/#\/schema\/person\/27b39b68644e2843617b9eb0877b528b"},"headline":"Mant\u00e9n a salvo tus documentos confidenciales y cumple con el nuevo Reglamento General de Protecci\u00f3n de Datos","datePublished":"2023-10-25T17:31:30+00:00","mainEntityOfPage":{"@id":"https:\/\/jeyjo.es\/blog\/index.php\/2023\/10\/25\/manten-a-salvo-tus-documentos-confidenciales-y-cumple-con-el-nuevo-reglamento-general-de-proteccion-de-datos\/"},"wordCount":466,"commentCount":0,"publisher":{"@id":"https:\/\/jeyjo.es\/blog\/#organization"},"image":{"@id":"https:\/\/jeyjo.es\/blog\/index.php\/2023\/10\/25\/manten-a-salvo-tus-documentos-confidenciales-y-cumple-con-el-nuevo-reglamento-general-de-proteccion-de-datos\/#primaryimage"},"thumbnailUrl":"https:\/\/jeyjo.es\/blog\/wp-content\/uploads\/2023\/10\/Manten-a-salvo-tus-documentos-confidenciales-y-cumple-con-el-nuevo-Reglamento-General-de-Proteccion-de-Datos.png","keywords":["consejos para el rgdp","destructora","destructoras","fellowes y rgdp","fraude rgpd","manual rgpd","perdida reputacional","protecci\u00f3n de datos","rgpd","test de nivel de privacidad"],"articleSection":["Gu\u00edas de compra"],"inLanguage":"es","potentialAction":[{"@type":"CommentAction","name":"Comment","target":["https:\/\/jeyjo.es\/blog\/index.php\/2023\/10\/25\/manten-a-salvo-tus-documentos-confidenciales-y-cumple-con-el-nuevo-reglamento-general-de-proteccion-de-datos\/#respond"]}]},{"@type":"WebPage","@id":"https:\/\/jeyjo.es\/blog\/index.php\/2023\/10\/25\/manten-a-salvo-tus-documentos-confidenciales-y-cumple-con-el-nuevo-reglamento-general-de-proteccion-de-datos\/","url":"https:\/\/jeyjo.es\/blog\/index.php\/2023\/10\/25\/manten-a-salvo-tus-documentos-confidenciales-y-cumple-con-el-nuevo-reglamento-general-de-proteccion-de-datos\/","name":"Mant\u00e9n a salvo tus documentos confidenciales y cumple con el nuevo Reglamento General de Protecci\u00f3n de Datos - Jeyjo","isPartOf":{"@id":"https:\/\/jeyjo.es\/blog\/#website"},"primaryImageOfPage":{"@id":"https:\/\/jeyjo.es\/blog\/index.php\/2023\/10\/25\/manten-a-salvo-tus-documentos-confidenciales-y-cumple-con-el-nuevo-reglamento-general-de-proteccion-de-datos\/#primaryimage"},"image":{"@id":"https:\/\/jeyjo.es\/blog\/index.php\/2023\/10\/25\/manten-a-salvo-tus-documentos-confidenciales-y-cumple-con-el-nuevo-reglamento-general-de-proteccion-de-datos\/#primaryimage"},"thumbnailUrl":"https:\/\/jeyjo.es\/blog\/wp-content\/uploads\/2023\/10\/Manten-a-salvo-tus-documentos-confidenciales-y-cumple-con-el-nuevo-Reglamento-General-de-Proteccion-de-Datos.png","datePublished":"2023-10-25T17:31:30+00:00","breadcrumb":{"@id":"https:\/\/jeyjo.es\/blog\/index.php\/2023\/10\/25\/manten-a-salvo-tus-documentos-confidenciales-y-cumple-con-el-nuevo-reglamento-general-de-proteccion-de-datos\/#breadcrumb"},"inLanguage":"es","potentialAction":[{"@type":"ReadAction","target":["https:\/\/jeyjo.es\/blog\/index.php\/2023\/10\/25\/manten-a-salvo-tus-documentos-confidenciales-y-cumple-con-el-nuevo-reglamento-general-de-proteccion-de-datos\/"]}]},{"@type":"ImageObject","inLanguage":"es","@id":"https:\/\/jeyjo.es\/blog\/index.php\/2023\/10\/25\/manten-a-salvo-tus-documentos-confidenciales-y-cumple-con-el-nuevo-reglamento-general-de-proteccion-de-datos\/#primaryimage","url":"https:\/\/jeyjo.es\/blog\/wp-content\/uploads\/2023\/10\/Manten-a-salvo-tus-documentos-confidenciales-y-cumple-con-el-nuevo-Reglamento-General-de-Proteccion-de-Datos.png","contentUrl":"https:\/\/jeyjo.es\/blog\/wp-content\/uploads\/2023\/10\/Manten-a-salvo-tus-documentos-confidenciales-y-cumple-con-el-nuevo-Reglamento-General-de-Proteccion-de-Datos.png","width":454,"height":305},{"@type":"BreadcrumbList","@id":"https:\/\/jeyjo.es\/blog\/index.php\/2023\/10\/25\/manten-a-salvo-tus-documentos-confidenciales-y-cumple-con-el-nuevo-reglamento-general-de-proteccion-de-datos\/#breadcrumb","itemListElement":[{"@type":"ListItem","position":1,"name":"Portada","item":"https:\/\/jeyjo.es\/blog\/"},{"@type":"ListItem","position":2,"name":"Mant\u00e9n a salvo tus documentos confidenciales y cumple con el nuevo Reglamento General de Protecci\u00f3n de Datos"}]},{"@type":"WebSite","@id":"https:\/\/jeyjo.es\/blog\/#website","url":"https:\/\/jeyjo.es\/blog\/","name":"Blog para conocer todo sobre la oficina y el colegio","description":"El Blog de tu Oficina - Expertos en Material de Oficina, Papeler\u00eda y Mobiliario","publisher":{"@id":"https:\/\/jeyjo.es\/blog\/#organization"},"potentialAction":[{"@type":"SearchAction","target":{"@type":"EntryPoint","urlTemplate":"https:\/\/jeyjo.es\/blog\/?s={search_term_string}"},"query-input":{"@type":"PropertyValueSpecification","valueRequired":true,"valueName":"search_term_string"}}],"inLanguage":"es"},{"@type":"Organization","@id":"https:\/\/jeyjo.es\/blog\/#organization","name":"Jeyjo Material de Oficina","url":"https:\/\/jeyjo.es\/blog\/","logo":{"@type":"ImageObject","inLanguage":"es","@id":"https:\/\/jeyjo.es\/blog\/#\/schema\/logo\/image\/","url":"https:\/\/jeyjo.es\/blog\/wp-content\/uploads\/2023\/10\/LOGOTIPO-COLOR-cac-150px.jpg","contentUrl":"https:\/\/jeyjo.es\/blog\/wp-content\/uploads\/2023\/10\/LOGOTIPO-COLOR-cac-150px.jpg","width":1771,"height":1006,"caption":"Jeyjo Material de Oficina"},"image":{"@id":"https:\/\/jeyjo.es\/blog\/#\/schema\/logo\/image\/"},"sameAs":["https:\/\/www.facebook.com\/jeyjo.papeleria.9","https:\/\/x.com\/jeyjooficinas","https:\/\/www.youtube.com\/channel\/UCUNp2bZMllJUVIAMZYdGZ8Q","https:\/\/www.instagram.com\/jeyjomaterialdeoficina\/","https:\/\/www.linkedin.com\/in\/jeyjo-material-de-oficina-aba48b49"]},{"@type":"Person","@id":"https:\/\/jeyjo.es\/blog\/#\/schema\/person\/27b39b68644e2843617b9eb0877b528b","name":"Jos\u00e9 Antonio","image":{"@type":"ImageObject","inLanguage":"es","@id":"https:\/\/secure.gravatar.com\/avatar\/e8bbcf4f7a3e91ea18ca5e076249495fd4bcbc0c9bd4e3fb6c8294649ec86fcc?s=96&d=mm&r=g","url":"https:\/\/secure.gravatar.com\/avatar\/e8bbcf4f7a3e91ea18ca5e076249495fd4bcbc0c9bd4e3fb6c8294649ec86fcc?s=96&d=mm&r=g","contentUrl":"https:\/\/secure.gravatar.com\/avatar\/e8bbcf4f7a3e91ea18ca5e076249495fd4bcbc0c9bd4e3fb6c8294649ec86fcc?s=96&d=mm&r=g","caption":"Jos\u00e9 Antonio"},"sameAs":["http:\/\/jeyjo.es\/blog"],"url":"https:\/\/jeyjo.es\/blog\/index.php\/author\/programador\/"}]}},"_links":{"self":[{"href":"https:\/\/jeyjo.es\/blog\/index.php\/wp-json\/wp\/v2\/posts\/98","targetHints":{"allow":["GET"]}}],"collection":[{"href":"https:\/\/jeyjo.es\/blog\/index.php\/wp-json\/wp\/v2\/posts"}],"about":[{"href":"https:\/\/jeyjo.es\/blog\/index.php\/wp-json\/wp\/v2\/types\/post"}],"author":[{"embeddable":true,"href":"https:\/\/jeyjo.es\/blog\/index.php\/wp-json\/wp\/v2\/users\/1"}],"replies":[{"embeddable":true,"href":"https:\/\/jeyjo.es\/blog\/index.php\/wp-json\/wp\/v2\/comments?post=98"}],"version-history":[{"count":1,"href":"https:\/\/jeyjo.es\/blog\/index.php\/wp-json\/wp\/v2\/posts\/98\/revisions"}],"predecessor-version":[{"id":104,"href":"https:\/\/jeyjo.es\/blog\/index.php\/wp-json\/wp\/v2\/posts\/98\/revisions\/104"}],"wp:featuredmedia":[{"embeddable":true,"href":"https:\/\/jeyjo.es\/blog\/index.php\/wp-json\/wp\/v2\/media\/99"}],"wp:attachment":[{"href":"https:\/\/jeyjo.es\/blog\/index.php\/wp-json\/wp\/v2\/media?parent=98"}],"wp:term":[{"taxonomy":"category","embeddable":true,"href":"https:\/\/jeyjo.es\/blog\/index.php\/wp-json\/wp\/v2\/categories?post=98"},{"taxonomy":"post_tag","embeddable":true,"href":"https:\/\/jeyjo.es\/blog\/index.php\/wp-json\/wp\/v2\/tags?post=98"}],"curies":[{"name":"wp","href":"https:\/\/api.w.org\/{rel}","templated":true}]}}