{"id":91,"date":"2023-10-25T19:13:45","date_gmt":"2023-10-25T17:13:45","guid":{"rendered":"https:\/\/jeyjo.es\/blog\/?p=91"},"modified":"2023-10-25T19:13:45","modified_gmt":"2023-10-25T17:13:45","slug":"el-poder-de-la-agenda","status":"publish","type":"post","link":"https:\/\/jeyjo.es\/blog\/index.php\/2023\/10\/25\/el-poder-de-la-agenda\/","title":{"rendered":"EL PODER DE LA AGENDA"},"content":{"rendered":"\n<figure class=\"wp-block-image\"><a href=\"https:\/\/www.blogger.com\/blog\/post\/edit\/9203335948979382529\/3578029489949012893#\"><img decoding=\"async\" src=\"https:\/\/blogger.googleusercontent.com\/img\/b\/R29vZ2xl\/AVvXsEiXMkuZLV_PoX8WQajXRfwC52uAUok8VDPimhMcKZmjwIIpdK6X0hrXuy1iYnn6iIZPaMKSoWDZNqHlplCPGyi4ac8SUvMDMvjvCHhsr-6xLLEdHuopaXKIUOtjf5TJIssCwzH3zqBRWpodzfUZ2sjf5hFmPR9sG7ISGi2HO6N5KjQmnFR7AotWzgGe\/w406-h406\/agenda-finocam-open-club-1000-sv-burdeus-catalan.jpg\" alt=\"\"\/><\/a><\/figure>\n\n\n\n<h1 class=\"wp-block-heading\">La&nbsp;<a href=\"https:\/\/www.blogger.com\/blog\/post\/edit\/9203335948979382529\/3578029489949012893#\">agenda tradicional<\/a>&nbsp;sigue siendo muy popular para \u201ccuidar tu tiempo\u201d<\/h1>\n\n\n\n<p><strong>El escritor y fil\u00f3sofo sueco Henri-Fr\u00e9d\u00e9ric Amiel,<\/strong>&nbsp;autor del famoso \u201cDiario \u00edntimo\u201d, dijo que \u201cEl orden es poder\u201d, un pensamiento con el que todos estaremos m\u00e1s o menos de acuerdo. Precisamente porque el orden es tan necesario y evita que seamos esclavos del desbarajuste, en las sociedades avanzadas aprendemos desde muy peque\u00f1os a regularnos con una planificaci\u00f3n m\u00ednima que facilite nuestro bienestar cotidiano.<\/p>\n\n\n\n<p>En los \u00faltimos a\u00f1os, por ejemplo, no faltan en las mochilas escolares la correspondiente&nbsp;<a href=\"https:\/\/www.blogger.com\/blog\/post\/edit\/9203335948979382529\/3578029489949012893#\">agenda<\/a>, a veces facilitada por las administraciones de cada comunidad, que posibilitan una interacci\u00f3n imprescindible entre los padres y los profesores. Es la mejor forma que tienen unos y otros de compartir informaci\u00f3n sobre cualquier contingencia con el uniforme, el bocadillo, los deberes, los horarios, todo consignado por d\u00edas, lo cual acaba por convertirla en algo as\u00ed como un diario de los primeros pasos en sociedad de los m\u00e1s peque\u00f1os.<\/p>\n\n\n\n<p>Por tanto, desde muy corta edad, el ser humano aprende a organizarse en la vida. No hacerlo, no guiarnos por estas valiosas p\u00e1ginas vitales, ser\u00eda condenarnos al caos. No es de extra\u00f1ar que este art\u00edculo econ\u00f3mico, seductor y de tanta utilidad lleve con nosotros desde tiempos inmemoriales, prestando un servicio que vale su precio en oro.<\/p>\n\n\n\n<p>Y eso que, antes o despu\u00e9s, todos hemos ca\u00eddo en la tentaci\u00f3n de creernos lo suficientemente capacitados como para retener en la mente nuestros compromisos, o bien anotarlos en hojas sueltas que dejamos aqu\u00ed y all\u00e1 y que, a la larga, acaban por perderse y desbaratar, por ende, todo aquello que tenemos pendiente de hacer. Pero tambi\u00e9n antes o despu\u00e9s, conscientes de que tenemos demasiadas cosas que gestionar, tendemos a retomar la cl\u00e1sica combinaci\u00f3n&nbsp;<a href=\"https:\/\/www.blogger.com\/blog\/post\/edit\/9203335948979382529\/3578029489949012893#\">agenda<\/a>-bol\u00edgrafo para recuperar \u2013recordemos a Amiel\u2013 el poder. S\u00ed, el poder sobre nuestras propias vidas. Ese poder que da la buena organizaci\u00f3n.<\/p>\n\n\n\n<p>Si la agenda tiene un \u00e9xito asegurado es porque nos conecta con el mundo, con nuestro mundo, reduce los riesgos de olvidos, nos ayuda a planificar el presente m\u00e1s cercano y un futuro a medio plazo, y nos otorga paz y bienestar.<br>Llevarla en el bolso, la mochila, la cartera del ordenador o incluso en la guantera del coche nos transmite seguridad y confianza.<\/p>\n\n\n\n<p>El ciudadano sigue demandando la&nbsp;<a href=\"https:\/\/www.blogger.com\/blog\/post\/edit\/9203335948979382529\/3578029489949012893#\">agenda<\/a>&nbsp;como compa\u00f1era de viaje para el d\u00eda a d\u00eda, y los fabricantes, en correspondencia, ofertan modelos cada vez m\u00e1s atractivos. Es f\u00e1cil encontrar agendas cl\u00e1sicas o modernas, encuadernadas en espiral o en formato libro, para zurdos, para ejecutivos, para colegiales o para profesores, decoradas con los iconos culturales del momento o minimalistas\u2026<\/p>\n\n\n\n<p>Es obvio que a quien no se apoya en una&nbsp;<a href=\"https:\/\/www.blogger.com\/blog\/post\/edit\/9203335948979382529\/3578029489949012893#\">agenda&nbsp;<\/a>le va a resultar m\u00e1s dif\u00edcil tener el control cotidiano de su vida.<\/p>\n\n\n\n<p>Fuente: Revista La Papeler\u00eda<\/p>\n\n\n\n<p>Jeyjo Material de Oficina<\/p>\n","protected":false},"excerpt":{"rendered":"<p class=\"text-justify\">El escritor y fil\u00f3sofo sueco Henri-Fr\u00e9d\u00e9ric Amiel,\u00a0autor del famoso \u201cDiario \u00edntimo\u201d, dijo que \u201cEl orden es poder\u201d, un pensamiento con el que todos estaremos m\u00e1s o menos de acuerdo. Precisamente porque el orden es tan necesario y evita que seamos esclavos del desbarajuste, en las sociedades avanzadas aprendemos desde muy peque\u00f1os a regularnos con una planificaci\u00f3n m\u00ednima que facilite nuestro bienestar cotidiano.<\/p>\n","protected":false},"author":1,"featured_media":92,"comment_status":"open","ping_status":"open","sticky":false,"template":"","format":"standard","meta":{"footnotes":""},"categories":[12],"tags":[154,151,153,150,152],"class_list":["post-91","post","type-post","status-publish","format-standard","has-post-thumbnail","hentry","category-guias-de-compra","tag-agenda","tag-finocam","tag-miquelrius","tag-oxford","tag-recambio"],"yoast_head":"<!-- This site is optimized with the Yoast SEO plugin v27.5 - https:\/\/yoast.com\/product\/yoast-seo-wordpress\/ -->\n<title>EL PODER DE LA AGENDA - Jeyjo<\/title>\n<meta name=\"robots\" content=\"index, follow, max-snippet:-1, max-image-preview:large, max-video-preview:-1\" \/>\n<link rel=\"canonical\" href=\"https:\/\/jeyjo.es\/blog\/index.php\/2023\/10\/25\/el-poder-de-la-agenda\/\" \/>\n<meta property=\"og:locale\" content=\"es_ES\" \/>\n<meta property=\"og:type\" content=\"article\" \/>\n<meta property=\"og:title\" content=\"EL PODER DE LA AGENDA - Jeyjo\" \/>\n<meta property=\"og:description\" content=\"El escritor y fil\u00f3sofo sueco Henri-Fr\u00e9d\u00e9ric Amiel,\u00a0autor del famoso \u201cDiario \u00edntimo\u201d, dijo que \u201cEl orden es poder\u201d, un pensamiento con el que todos estaremos m\u00e1s o menos de acuerdo. Precisamente porque el orden es tan necesario y evita que seamos esclavos del desbarajuste, en las sociedades avanzadas aprendemos desde muy peque\u00f1os a regularnos con una planificaci\u00f3n m\u00ednima que facilite nuestro bienestar cotidiano.\" \/>\n<meta property=\"og:url\" content=\"https:\/\/jeyjo.es\/blog\/index.php\/2023\/10\/25\/el-poder-de-la-agenda\/\" \/>\n<meta property=\"og:site_name\" content=\"Jeyjo\" \/>\n<meta property=\"article:publisher\" content=\"https:\/\/www.facebook.com\/jeyjo.papeleria.9\" \/>\n<meta property=\"article:published_time\" content=\"2023-10-25T17:13:45+00:00\" \/>\n<meta property=\"og:image\" content=\"https:\/\/jeyjo.es\/blog\/wp-content\/uploads\/2023\/10\/agenda-finocam-open-club-1000-sv-burdeus-catalanoxfordfinocamrecambiomiquelriusagenda.jpg\" \/>\n\t<meta property=\"og:image:width\" content=\"406\" \/>\n\t<meta property=\"og:image:height\" content=\"406\" \/>\n\t<meta property=\"og:image:type\" content=\"image\/jpeg\" \/>\n<meta name=\"author\" content=\"Jos\u00e9 Antonio\" \/>\n<meta name=\"twitter:card\" content=\"summary_large_image\" \/>\n<meta name=\"twitter:creator\" content=\"@jeyjooficinas\" \/>\n<meta name=\"twitter:site\" content=\"@jeyjooficinas\" \/>\n<meta name=\"twitter:label1\" content=\"Escrito por\" \/>\n\t<meta name=\"twitter:data1\" content=\"Jos\u00e9 Antonio\" \/>\n\t<meta name=\"twitter:label2\" content=\"Tiempo de lectura\" \/>\n\t<meta name=\"twitter:data2\" content=\"3 minutos\" \/>\n<script type=\"application\/ld+json\" class=\"yoast-schema-graph\">{\"@context\":\"https:\\\/\\\/schema.org\",\"@graph\":[{\"@type\":\"Article\",\"@id\":\"https:\\\/\\\/jeyjo.es\\\/blog\\\/index.php\\\/2023\\\/10\\\/25\\\/el-poder-de-la-agenda\\\/#article\",\"isPartOf\":{\"@id\":\"https:\\\/\\\/jeyjo.es\\\/blog\\\/index.php\\\/2023\\\/10\\\/25\\\/el-poder-de-la-agenda\\\/\"},\"author\":{\"name\":\"Jos\u00e9 Antonio\",\"@id\":\"https:\\\/\\\/jeyjo.es\\\/blog\\\/#\\\/schema\\\/person\\\/27b39b68644e2843617b9eb0877b528b\"},\"headline\":\"EL PODER DE LA AGENDA\",\"datePublished\":\"2023-10-25T17:13:45+00:00\",\"mainEntityOfPage\":{\"@id\":\"https:\\\/\\\/jeyjo.es\\\/blog\\\/index.php\\\/2023\\\/10\\\/25\\\/el-poder-de-la-agenda\\\/\"},\"wordCount\":515,\"commentCount\":0,\"publisher\":{\"@id\":\"https:\\\/\\\/jeyjo.es\\\/blog\\\/#organization\"},\"image\":{\"@id\":\"https:\\\/\\\/jeyjo.es\\\/blog\\\/index.php\\\/2023\\\/10\\\/25\\\/el-poder-de-la-agenda\\\/#primaryimage\"},\"thumbnailUrl\":\"https:\\\/\\\/jeyjo.es\\\/blog\\\/wp-content\\\/uploads\\\/2023\\\/10\\\/agenda-finocam-open-club-1000-sv-burdeus-catalanoxfordfinocamrecambiomiquelriusagenda.jpg\",\"keywords\":[\"agenda\",\"finocam\",\"miquelrius\",\"oxford\",\"recambio\"],\"articleSection\":[\"Gu\u00edas de compra\"],\"inLanguage\":\"es\",\"potentialAction\":[{\"@type\":\"CommentAction\",\"name\":\"Comment\",\"target\":[\"https:\\\/\\\/jeyjo.es\\\/blog\\\/index.php\\\/2023\\\/10\\\/25\\\/el-poder-de-la-agenda\\\/#respond\"]}]},{\"@type\":\"WebPage\",\"@id\":\"https:\\\/\\\/jeyjo.es\\\/blog\\\/index.php\\\/2023\\\/10\\\/25\\\/el-poder-de-la-agenda\\\/\",\"url\":\"https:\\\/\\\/jeyjo.es\\\/blog\\\/index.php\\\/2023\\\/10\\\/25\\\/el-poder-de-la-agenda\\\/\",\"name\":\"EL PODER DE LA AGENDA - Jeyjo\",\"isPartOf\":{\"@id\":\"https:\\\/\\\/jeyjo.es\\\/blog\\\/#website\"},\"primaryImageOfPage\":{\"@id\":\"https:\\\/\\\/jeyjo.es\\\/blog\\\/index.php\\\/2023\\\/10\\\/25\\\/el-poder-de-la-agenda\\\/#primaryimage\"},\"image\":{\"@id\":\"https:\\\/\\\/jeyjo.es\\\/blog\\\/index.php\\\/2023\\\/10\\\/25\\\/el-poder-de-la-agenda\\\/#primaryimage\"},\"thumbnailUrl\":\"https:\\\/\\\/jeyjo.es\\\/blog\\\/wp-content\\\/uploads\\\/2023\\\/10\\\/agenda-finocam-open-club-1000-sv-burdeus-catalanoxfordfinocamrecambiomiquelriusagenda.jpg\",\"datePublished\":\"2023-10-25T17:13:45+00:00\",\"breadcrumb\":{\"@id\":\"https:\\\/\\\/jeyjo.es\\\/blog\\\/index.php\\\/2023\\\/10\\\/25\\\/el-poder-de-la-agenda\\\/#breadcrumb\"},\"inLanguage\":\"es\",\"potentialAction\":[{\"@type\":\"ReadAction\",\"target\":[\"https:\\\/\\\/jeyjo.es\\\/blog\\\/index.php\\\/2023\\\/10\\\/25\\\/el-poder-de-la-agenda\\\/\"]}]},{\"@type\":\"ImageObject\",\"inLanguage\":\"es\",\"@id\":\"https:\\\/\\\/jeyjo.es\\\/blog\\\/index.php\\\/2023\\\/10\\\/25\\\/el-poder-de-la-agenda\\\/#primaryimage\",\"url\":\"https:\\\/\\\/jeyjo.es\\\/blog\\\/wp-content\\\/uploads\\\/2023\\\/10\\\/agenda-finocam-open-club-1000-sv-burdeus-catalanoxfordfinocamrecambiomiquelriusagenda.jpg\",\"contentUrl\":\"https:\\\/\\\/jeyjo.es\\\/blog\\\/wp-content\\\/uploads\\\/2023\\\/10\\\/agenda-finocam-open-club-1000-sv-burdeus-catalanoxfordfinocamrecambiomiquelriusagenda.jpg\",\"width\":406,\"height\":406},{\"@type\":\"BreadcrumbList\",\"@id\":\"https:\\\/\\\/jeyjo.es\\\/blog\\\/index.php\\\/2023\\\/10\\\/25\\\/el-poder-de-la-agenda\\\/#breadcrumb\",\"itemListElement\":[{\"@type\":\"ListItem\",\"position\":1,\"name\":\"Portada\",\"item\":\"https:\\\/\\\/jeyjo.es\\\/blog\\\/\"},{\"@type\":\"ListItem\",\"position\":2,\"name\":\"EL PODER DE LA AGENDA\"}]},{\"@type\":\"WebSite\",\"@id\":\"https:\\\/\\\/jeyjo.es\\\/blog\\\/#website\",\"url\":\"https:\\\/\\\/jeyjo.es\\\/blog\\\/\",\"name\":\"Blog para conocer todo sobre la oficina y el colegio\",\"description\":\"El Blog de tu Oficina - Expertos en Material de Oficina, Papeler\u00eda y Mobiliario\",\"publisher\":{\"@id\":\"https:\\\/\\\/jeyjo.es\\\/blog\\\/#organization\"},\"potentialAction\":[{\"@type\":\"SearchAction\",\"target\":{\"@type\":\"EntryPoint\",\"urlTemplate\":\"https:\\\/\\\/jeyjo.es\\\/blog\\\/?s={search_term_string}\"},\"query-input\":{\"@type\":\"PropertyValueSpecification\",\"valueRequired\":true,\"valueName\":\"search_term_string\"}}],\"inLanguage\":\"es\"},{\"@type\":\"Organization\",\"@id\":\"https:\\\/\\\/jeyjo.es\\\/blog\\\/#organization\",\"name\":\"Jeyjo Material de Oficina\",\"url\":\"https:\\\/\\\/jeyjo.es\\\/blog\\\/\",\"logo\":{\"@type\":\"ImageObject\",\"inLanguage\":\"es\",\"@id\":\"https:\\\/\\\/jeyjo.es\\\/blog\\\/#\\\/schema\\\/logo\\\/image\\\/\",\"url\":\"https:\\\/\\\/jeyjo.es\\\/blog\\\/wp-content\\\/uploads\\\/2023\\\/10\\\/LOGOTIPO-COLOR-cac-150px.jpg\",\"contentUrl\":\"https:\\\/\\\/jeyjo.es\\\/blog\\\/wp-content\\\/uploads\\\/2023\\\/10\\\/LOGOTIPO-COLOR-cac-150px.jpg\",\"width\":1771,\"height\":1006,\"caption\":\"Jeyjo Material de Oficina\"},\"image\":{\"@id\":\"https:\\\/\\\/jeyjo.es\\\/blog\\\/#\\\/schema\\\/logo\\\/image\\\/\"},\"sameAs\":[\"https:\\\/\\\/www.facebook.com\\\/jeyjo.papeleria.9\",\"https:\\\/\\\/x.com\\\/jeyjooficinas\",\"https:\\\/\\\/www.youtube.com\\\/channel\\\/UCUNp2bZMllJUVIAMZYdGZ8Q\",\"https:\\\/\\\/www.instagram.com\\\/jeyjomaterialdeoficina\\\/\",\"https:\\\/\\\/www.linkedin.com\\\/in\\\/jeyjo-material-de-oficina-aba48b49\"]},{\"@type\":\"Person\",\"@id\":\"https:\\\/\\\/jeyjo.es\\\/blog\\\/#\\\/schema\\\/person\\\/27b39b68644e2843617b9eb0877b528b\",\"name\":\"Jos\u00e9 Antonio\",\"image\":{\"@type\":\"ImageObject\",\"inLanguage\":\"es\",\"@id\":\"https:\\\/\\\/secure.gravatar.com\\\/avatar\\\/e8bbcf4f7a3e91ea18ca5e076249495fd4bcbc0c9bd4e3fb6c8294649ec86fcc?s=96&d=mm&r=g\",\"url\":\"https:\\\/\\\/secure.gravatar.com\\\/avatar\\\/e8bbcf4f7a3e91ea18ca5e076249495fd4bcbc0c9bd4e3fb6c8294649ec86fcc?s=96&d=mm&r=g\",\"contentUrl\":\"https:\\\/\\\/secure.gravatar.com\\\/avatar\\\/e8bbcf4f7a3e91ea18ca5e076249495fd4bcbc0c9bd4e3fb6c8294649ec86fcc?s=96&d=mm&r=g\",\"caption\":\"Jos\u00e9 Antonio\"},\"sameAs\":[\"http:\\\/\\\/jeyjo.es\\\/blog\"],\"url\":\"https:\\\/\\\/jeyjo.es\\\/blog\\\/index.php\\\/author\\\/programador\\\/\"}]}<\/script>\n<!-- \/ Yoast SEO plugin. -->","yoast_head_json":{"title":"EL PODER DE LA AGENDA - Jeyjo","robots":{"index":"index","follow":"follow","max-snippet":"max-snippet:-1","max-image-preview":"max-image-preview:large","max-video-preview":"max-video-preview:-1"},"canonical":"https:\/\/jeyjo.es\/blog\/index.php\/2023\/10\/25\/el-poder-de-la-agenda\/","og_locale":"es_ES","og_type":"article","og_title":"EL PODER DE LA AGENDA - Jeyjo","og_description":"El escritor y fil\u00f3sofo sueco Henri-Fr\u00e9d\u00e9ric Amiel,\u00a0autor del famoso \u201cDiario \u00edntimo\u201d, dijo que \u201cEl orden es poder\u201d, un pensamiento con el que todos estaremos m\u00e1s o menos de acuerdo. Precisamente porque el orden es tan necesario y evita que seamos esclavos del desbarajuste, en las sociedades avanzadas aprendemos desde muy peque\u00f1os a regularnos con una planificaci\u00f3n m\u00ednima que facilite nuestro bienestar cotidiano.","og_url":"https:\/\/jeyjo.es\/blog\/index.php\/2023\/10\/25\/el-poder-de-la-agenda\/","og_site_name":"Jeyjo","article_publisher":"https:\/\/www.facebook.com\/jeyjo.papeleria.9","article_published_time":"2023-10-25T17:13:45+00:00","og_image":[{"width":406,"height":406,"url":"https:\/\/jeyjo.es\/blog\/wp-content\/uploads\/2023\/10\/agenda-finocam-open-club-1000-sv-burdeus-catalanoxfordfinocamrecambiomiquelriusagenda.jpg","type":"image\/jpeg"}],"author":"Jos\u00e9 Antonio","twitter_card":"summary_large_image","twitter_creator":"@jeyjooficinas","twitter_site":"@jeyjooficinas","twitter_misc":{"Escrito por":"Jos\u00e9 Antonio","Tiempo de lectura":"3 minutos"},"schema":{"@context":"https:\/\/schema.org","@graph":[{"@type":"Article","@id":"https:\/\/jeyjo.es\/blog\/index.php\/2023\/10\/25\/el-poder-de-la-agenda\/#article","isPartOf":{"@id":"https:\/\/jeyjo.es\/blog\/index.php\/2023\/10\/25\/el-poder-de-la-agenda\/"},"author":{"name":"Jos\u00e9 Antonio","@id":"https:\/\/jeyjo.es\/blog\/#\/schema\/person\/27b39b68644e2843617b9eb0877b528b"},"headline":"EL PODER DE LA AGENDA","datePublished":"2023-10-25T17:13:45+00:00","mainEntityOfPage":{"@id":"https:\/\/jeyjo.es\/blog\/index.php\/2023\/10\/25\/el-poder-de-la-agenda\/"},"wordCount":515,"commentCount":0,"publisher":{"@id":"https:\/\/jeyjo.es\/blog\/#organization"},"image":{"@id":"https:\/\/jeyjo.es\/blog\/index.php\/2023\/10\/25\/el-poder-de-la-agenda\/#primaryimage"},"thumbnailUrl":"https:\/\/jeyjo.es\/blog\/wp-content\/uploads\/2023\/10\/agenda-finocam-open-club-1000-sv-burdeus-catalanoxfordfinocamrecambiomiquelriusagenda.jpg","keywords":["agenda","finocam","miquelrius","oxford","recambio"],"articleSection":["Gu\u00edas de compra"],"inLanguage":"es","potentialAction":[{"@type":"CommentAction","name":"Comment","target":["https:\/\/jeyjo.es\/blog\/index.php\/2023\/10\/25\/el-poder-de-la-agenda\/#respond"]}]},{"@type":"WebPage","@id":"https:\/\/jeyjo.es\/blog\/index.php\/2023\/10\/25\/el-poder-de-la-agenda\/","url":"https:\/\/jeyjo.es\/blog\/index.php\/2023\/10\/25\/el-poder-de-la-agenda\/","name":"EL PODER DE LA AGENDA - Jeyjo","isPartOf":{"@id":"https:\/\/jeyjo.es\/blog\/#website"},"primaryImageOfPage":{"@id":"https:\/\/jeyjo.es\/blog\/index.php\/2023\/10\/25\/el-poder-de-la-agenda\/#primaryimage"},"image":{"@id":"https:\/\/jeyjo.es\/blog\/index.php\/2023\/10\/25\/el-poder-de-la-agenda\/#primaryimage"},"thumbnailUrl":"https:\/\/jeyjo.es\/blog\/wp-content\/uploads\/2023\/10\/agenda-finocam-open-club-1000-sv-burdeus-catalanoxfordfinocamrecambiomiquelriusagenda.jpg","datePublished":"2023-10-25T17:13:45+00:00","breadcrumb":{"@id":"https:\/\/jeyjo.es\/blog\/index.php\/2023\/10\/25\/el-poder-de-la-agenda\/#breadcrumb"},"inLanguage":"es","potentialAction":[{"@type":"ReadAction","target":["https:\/\/jeyjo.es\/blog\/index.php\/2023\/10\/25\/el-poder-de-la-agenda\/"]}]},{"@type":"ImageObject","inLanguage":"es","@id":"https:\/\/jeyjo.es\/blog\/index.php\/2023\/10\/25\/el-poder-de-la-agenda\/#primaryimage","url":"https:\/\/jeyjo.es\/blog\/wp-content\/uploads\/2023\/10\/agenda-finocam-open-club-1000-sv-burdeus-catalanoxfordfinocamrecambiomiquelriusagenda.jpg","contentUrl":"https:\/\/jeyjo.es\/blog\/wp-content\/uploads\/2023\/10\/agenda-finocam-open-club-1000-sv-burdeus-catalanoxfordfinocamrecambiomiquelriusagenda.jpg","width":406,"height":406},{"@type":"BreadcrumbList","@id":"https:\/\/jeyjo.es\/blog\/index.php\/2023\/10\/25\/el-poder-de-la-agenda\/#breadcrumb","itemListElement":[{"@type":"ListItem","position":1,"name":"Portada","item":"https:\/\/jeyjo.es\/blog\/"},{"@type":"ListItem","position":2,"name":"EL PODER DE LA AGENDA"}]},{"@type":"WebSite","@id":"https:\/\/jeyjo.es\/blog\/#website","url":"https:\/\/jeyjo.es\/blog\/","name":"Blog para conocer todo sobre la oficina y el colegio","description":"El Blog de tu Oficina - Expertos en Material de Oficina, Papeler\u00eda y Mobiliario","publisher":{"@id":"https:\/\/jeyjo.es\/blog\/#organization"},"potentialAction":[{"@type":"SearchAction","target":{"@type":"EntryPoint","urlTemplate":"https:\/\/jeyjo.es\/blog\/?s={search_term_string}"},"query-input":{"@type":"PropertyValueSpecification","valueRequired":true,"valueName":"search_term_string"}}],"inLanguage":"es"},{"@type":"Organization","@id":"https:\/\/jeyjo.es\/blog\/#organization","name":"Jeyjo Material de Oficina","url":"https:\/\/jeyjo.es\/blog\/","logo":{"@type":"ImageObject","inLanguage":"es","@id":"https:\/\/jeyjo.es\/blog\/#\/schema\/logo\/image\/","url":"https:\/\/jeyjo.es\/blog\/wp-content\/uploads\/2023\/10\/LOGOTIPO-COLOR-cac-150px.jpg","contentUrl":"https:\/\/jeyjo.es\/blog\/wp-content\/uploads\/2023\/10\/LOGOTIPO-COLOR-cac-150px.jpg","width":1771,"height":1006,"caption":"Jeyjo Material de Oficina"},"image":{"@id":"https:\/\/jeyjo.es\/blog\/#\/schema\/logo\/image\/"},"sameAs":["https:\/\/www.facebook.com\/jeyjo.papeleria.9","https:\/\/x.com\/jeyjooficinas","https:\/\/www.youtube.com\/channel\/UCUNp2bZMllJUVIAMZYdGZ8Q","https:\/\/www.instagram.com\/jeyjomaterialdeoficina\/","https:\/\/www.linkedin.com\/in\/jeyjo-material-de-oficina-aba48b49"]},{"@type":"Person","@id":"https:\/\/jeyjo.es\/blog\/#\/schema\/person\/27b39b68644e2843617b9eb0877b528b","name":"Jos\u00e9 Antonio","image":{"@type":"ImageObject","inLanguage":"es","@id":"https:\/\/secure.gravatar.com\/avatar\/e8bbcf4f7a3e91ea18ca5e076249495fd4bcbc0c9bd4e3fb6c8294649ec86fcc?s=96&d=mm&r=g","url":"https:\/\/secure.gravatar.com\/avatar\/e8bbcf4f7a3e91ea18ca5e076249495fd4bcbc0c9bd4e3fb6c8294649ec86fcc?s=96&d=mm&r=g","contentUrl":"https:\/\/secure.gravatar.com\/avatar\/e8bbcf4f7a3e91ea18ca5e076249495fd4bcbc0c9bd4e3fb6c8294649ec86fcc?s=96&d=mm&r=g","caption":"Jos\u00e9 Antonio"},"sameAs":["http:\/\/jeyjo.es\/blog"],"url":"https:\/\/jeyjo.es\/blog\/index.php\/author\/programador\/"}]}},"_links":{"self":[{"href":"https:\/\/jeyjo.es\/blog\/index.php\/wp-json\/wp\/v2\/posts\/91","targetHints":{"allow":["GET"]}}],"collection":[{"href":"https:\/\/jeyjo.es\/blog\/index.php\/wp-json\/wp\/v2\/posts"}],"about":[{"href":"https:\/\/jeyjo.es\/blog\/index.php\/wp-json\/wp\/v2\/types\/post"}],"author":[{"embeddable":true,"href":"https:\/\/jeyjo.es\/blog\/index.php\/wp-json\/wp\/v2\/users\/1"}],"replies":[{"embeddable":true,"href":"https:\/\/jeyjo.es\/blog\/index.php\/wp-json\/wp\/v2\/comments?post=91"}],"version-history":[{"count":1,"href":"https:\/\/jeyjo.es\/blog\/index.php\/wp-json\/wp\/v2\/posts\/91\/revisions"}],"predecessor-version":[{"id":93,"href":"https:\/\/jeyjo.es\/blog\/index.php\/wp-json\/wp\/v2\/posts\/91\/revisions\/93"}],"wp:featuredmedia":[{"embeddable":true,"href":"https:\/\/jeyjo.es\/blog\/index.php\/wp-json\/wp\/v2\/media\/92"}],"wp:attachment":[{"href":"https:\/\/jeyjo.es\/blog\/index.php\/wp-json\/wp\/v2\/media?parent=91"}],"wp:term":[{"taxonomy":"category","embeddable":true,"href":"https:\/\/jeyjo.es\/blog\/index.php\/wp-json\/wp\/v2\/categories?post=91"},{"taxonomy":"post_tag","embeddable":true,"href":"https:\/\/jeyjo.es\/blog\/index.php\/wp-json\/wp\/v2\/tags?post=91"}],"curies":[{"name":"wp","href":"https:\/\/api.w.org\/{rel}","templated":true}]}}