{"id":75,"date":"2023-10-25T19:02:30","date_gmt":"2023-10-25T17:02:30","guid":{"rendered":"https:\/\/jeyjo.es\/blog\/?p=75"},"modified":"2023-10-25T19:02:30","modified_gmt":"2023-10-25T17:02:30","slug":"la-gama-de-lumocolor-continua-creciendo","status":"publish","type":"post","link":"https:\/\/jeyjo.es\/blog\/index.php\/2023\/10\/25\/la-gama-de-lumocolor-continua-creciendo\/","title":{"rendered":"La gama de Lumocolor contin\u00faa creciendo"},"content":{"rendered":"\n<p><strong>Nuevos rotuladores para usuarios aficionados y profesionales<\/strong><\/p>\n\n\n\n<figure class=\"wp-block-image\"><img decoding=\"async\" src=\"https:\/\/blogger.googleusercontent.com\/img\/b\/R29vZ2xl\/AVvXsEguT6VHsKE5oqXeA6C-I3MvVpABBhB9BsOFYW-c-ecyq3NIklHRZFi1hJjnqaY1VRTdiONGpe-Cy6do42pU86yKBs8l7KmYojul7UxkGqOaVZkdrRvV7iQ9QBkhekxsCgVWRASJBpInEWxPdZ26IJzPYmQ-8BgFRQFwTyf2bPDszHeKB-jU72haCrM5\/w455-h228\/image%20(2).png\" alt=\"\"\/><\/figure>\n\n\n\n<p><a href=\"https:\/\/www.blogger.com\/blog\/post\/edit\/9203335948979382529\/1143911207759596827#\"><\/a><\/p>\n\n\n\n<p>El nombre&nbsp;<strong>Lumocolor&nbsp;<\/strong>procede de las palabras latinas &lt;&lt;Lumen&gt;&gt; y &lt;&lt;Colorem&gt;&gt;: luz y color. La gama comenz\u00f3 con marcadores permanentes y no permanentes, para gran variedad de usos, pero en los \u00faltimos a\u00f1os&nbsp;<strong>STAEDTLER&nbsp;<\/strong>la ha ampliado con marcadores de pizarra blanca, marcadores permanentes gruesos y marcadores para blocs de conferencia, y ahora con dos nuevos modelos dirigidos al mundo del arte y de las manualidades: el rotulador acr\u00edlico&nbsp;<strong>Lumocolor Paint Marker<\/strong>&nbsp;y el rotulador de tiza l\u00edquida&nbsp;<strong>Lumocolor Chalk Marker<\/strong><\/p>\n\n\n\n<p><strong>Lumocolor Paint Marker: rotulador acr\u00edlico permanente<\/strong><\/p>\n\n\n\n<p>La&nbsp;<strong>tinta acr\u00edlica<\/strong>&nbsp;de este rotulador de base acuosa sorprende por el brillo de sus colores y sus posibilidades creativas ilimitadas. Con un grosor de l\u00ednea de aproximadamente 2,4mm, permite trazos mucho m\u00e1s precisos que cuando se utilizan colores acr\u00edlicos en tubo.<\/p>\n\n\n\n<ul class=\"wp-block-list\">\n<li>M\u00e1xima cobertura: incluso en superficies oscuras.<\/li>\n\n\n\n<li>Secado r\u00e1pido: para collages creativos, porque los colores se pueden superponer despu\u00e9s de secarse.<\/li>\n\n\n\n<li>No emborrona y es resistente al agua: en casi todas las superficies.<\/li>\n\n\n\n<li>Resistente a la decoloraci\u00f3n y a la intemperie.<\/li>\n<\/ul>\n\n\n\n<figure class=\"wp-block-image\"><a href=\"https:\/\/www.blogger.com\/blog\/post\/edit\/9203335948979382529\/1143911207759596827#\"><img decoding=\"async\" src=\"https:\/\/blogger.googleusercontent.com\/img\/b\/R29vZ2xl\/AVvXsEjEJHcCBpjz2sX2_QEwW7KVWhwvacWxqCx2uEMovnLeGtPoaI0G0LrLVK8Sig8l6Bj4cEggLHL1tdsafEO2uCDABjO3Tm3Pf8xeBe90ijlvyWvwfA_WXEf6rQ715E6FjAMFA7gm9NMGRt25121kzefQmFDFkO_K0gpIBeKHUV18WqiNl9LBT3DVn_Ps\/s320\/image.png\" alt=\"\"\/><\/a><\/figure>\n\n\n\n<p><strong>Lumocolor Chalk Marker: marcador de tiza l\u00edquida para obras ef\u00edmeras<\/strong><br>Marcador de&nbsp;<strong>tiza l\u00edquida<\/strong>&nbsp;que destaca por su versatilidad. Se limpian f\u00e1cilmente y son ideales para decorar superficies oscuras. La tiza l\u00edquida, inodora y de base acuosa, resulta perfecta para aplicaciones creativas no permanentes. Con un ancho de l\u00ednea de aproximadamente 2,4mm, son la mejor opci\u00f3n para crear r\u00f3tulos, decoraciones y dise\u00f1os con aplicaci\u00f3n en casi todas las superficies claras y oscuras.<\/p>\n\n\n\n<ul class=\"wp-block-list\">\n<li>Ideales para superficies lisas: pizarras oscuras, ventanas y espejos.<\/li>\n\n\n\n<li>F\u00e1ciles de lavar en superficies lisas<\/li>\n\n\n\n<li>Colores muy brillantes: naranja, rosa y verde fluorescentes incluso bajo luz ultravioleta.<\/li>\n<\/ul>\n\n\n\n<p>Se pueden borrar de pr\u00e1cticamente todas las superficies lisas, s\u00f3lo con un pa\u00f1o h\u00famedo.<\/p>\n\n\n\n<figure class=\"wp-block-image\"><a href=\"https:\/\/www.blogger.com\/blog\/post\/edit\/9203335948979382529\/1143911207759596827#\"><img decoding=\"async\" src=\"https:\/\/blogger.googleusercontent.com\/img\/b\/R29vZ2xl\/AVvXsEg7pE5S4FLCqzEr-MkpN3z3QKNoIMxhAFsnb-Zcum06yt7A1GeonVsUpDP10e7KtyI0jRRBoRhpj2yq7AuKTkg3fcFdSfwywKti6MWzSotJ-tAE7nRbxFCiwN0E0BFD2hO9Tsihqx-AZCJaQoatbQ7gPlkiNRpHwtArew_17ejxq1MCNyjaABq-dznv\/w530-h353\/image.png\" alt=\"\"\/><\/a><\/figure>\n\n\n\n<p><strong>Formatos disponibles<\/strong><br>Marcadores de tiza l\u00edquida: disponibles en color blanco, y en estuches de 4, 5 y 8 colores surtidos.Marcadores acr\u00edlicos: disponibles en negro y blanco como colores individuales, y en estuches de 5, 6 y 10 colores surtidos.<br>Como en la mayor\u00eda de los productos que Staedtler ha lanzado al mercado en los \u00faltimos meses, estos estuches est\u00e1n fabricados con un m\u00ednimo de 80% de cart\u00f3n reciclado, y reciclabe.<br>Todos estos productos y muchos m\u00e1s de la marca Staedtler los puedes encontrar en la web&nbsp;<strong><a href=\"https:\/\/www.blogger.com\/blog\/post\/edit\/9203335948979382529\/1143911207759596827#\">www.jeyjo.es<\/a><\/strong><\/p>\n\n\n\n<figure class=\"wp-block-image\"><a href=\"https:\/\/www.blogger.com\/blog\/post\/edit\/9203335948979382529\/1143911207759596827#\"><img decoding=\"async\" src=\"https:\/\/blogger.googleusercontent.com\/img\/b\/R29vZ2xl\/AVvXsEi-BGuKyFGluwORzjxViiANN0GxtyWnsF0ly-XB6Xq0dCHJeZzJ-ra92aJTd3aGKl_7P_yEDYEIFcRQn3veIU1LanhCBtIuycIm6KrsQyhqjO7o0ZInHr0mLvq9cAP7q8BfliFwJtagZnhf9d5YiKMdne6HIZZJdR-AJCRsx0EgM-90q9Zp5sBy3J58\/s1600\/LOGOTIPO%20COLOR%20cac%20300px.jpg\" alt=\"\"\/><\/a><\/figure>\n","protected":false},"excerpt":{"rendered":"<p class=\"text-justify\">El nombre\u00a0Lumocolor\u00a0procede de las palabras latinas <<Lumen>> y <<Colorem>>: luz y color. La gama comenz\u00f3 con marcadores permanentes y no permanentes, para gran variedad de usos, pero en los \u00faltimos a\u00f1os\u00a0STAEDTLER\u00a0la ha ampliado con marcadores de pizarra blanca, marcadores permanentes gruesos y marcadores para blocs de conferencia, y ahora con dos nuevos modelos dirigidos al mundo del arte y de las manualidades: el rotulador acr\u00edlico\u00a0Lumocolor Paint Marker\u00a0y el rotulador de tiza l\u00edquida\u00a0Lumocolor Chalk Marker<\/p>\n","protected":false},"author":1,"featured_media":76,"comment_status":"open","ping_status":"open","sticky":false,"template":"","format":"standard","meta":{"footnotes":""},"categories":[12],"tags":[110,112,9,7,99,108,113,105,109,107,111,106],"class_list":["post-75","post","type-post","status-publish","format-standard","has-post-thumbnail","hentry","category-guias-de-compra","tag-carton-reciclado","tag-chalk-marker","tag-jeyjo","tag-jeyjo-material-de-oficina","tag-jeyjo-es","tag-lumocolor","tag-paint-marker","tag-rotulador","tag-rotulador-acrilico","tag-rotulador-de-tiza-liquida","tag-staedtler","tag-tinta"],"yoast_head":"<!-- This site is optimized with the Yoast SEO plugin v27.5 - https:\/\/yoast.com\/product\/yoast-seo-wordpress\/ -->\n<title>La gama de Lumocolor contin\u00faa creciendo - Jeyjo<\/title>\n<meta name=\"robots\" content=\"index, follow, max-snippet:-1, max-image-preview:large, max-video-preview:-1\" \/>\n<link rel=\"canonical\" href=\"https:\/\/jeyjo.es\/blog\/index.php\/2023\/10\/25\/la-gama-de-lumocolor-continua-creciendo\/\" \/>\n<meta property=\"og:locale\" content=\"es_ES\" \/>\n<meta property=\"og:type\" content=\"article\" \/>\n<meta property=\"og:title\" content=\"La gama de Lumocolor contin\u00faa creciendo - Jeyjo\" \/>\n<meta property=\"og:description\" content=\"El nombre\u00a0Lumocolor\u00a0procede de las palabras latinas y : luz y color. La gama comenz\u00f3 con marcadores permanentes y no permanentes, para gran variedad de usos, pero en los \u00faltimos a\u00f1os\u00a0STAEDTLER\u00a0la ha ampliado con marcadores de pizarra blanca, marcadores permanentes gruesos y marcadores para blocs de conferencia, y ahora con dos nuevos modelos dirigidos al mundo del arte y de las manualidades: el rotulador acr\u00edlico\u00a0Lumocolor Paint Marker\u00a0y el rotulador de tiza l\u00edquida\u00a0Lumocolor Chalk Marker\" \/>\n<meta property=\"og:url\" content=\"https:\/\/jeyjo.es\/blog\/index.php\/2023\/10\/25\/la-gama-de-lumocolor-continua-creciendo\/\" \/>\n<meta property=\"og:site_name\" content=\"Jeyjo\" \/>\n<meta property=\"article:publisher\" content=\"https:\/\/www.facebook.com\/jeyjo.papeleria.9\" \/>\n<meta property=\"article:published_time\" content=\"2023-10-25T17:02:30+00:00\" \/>\n<meta property=\"og:image\" content=\"https:\/\/jeyjo.es\/blog\/wp-content\/uploads\/2023\/10\/rotuladortintajeyjo-material-de-oficinarotulador-de-tiza-liquidarotulador-acrilicojeyjostaedtlerlumocolorcarton-recicladojeyjo.espaint-markerchalk-marker.png\" \/>\n\t<meta property=\"og:image:width\" content=\"455\" \/>\n\t<meta property=\"og:image:height\" content=\"227\" \/>\n\t<meta property=\"og:image:type\" content=\"image\/png\" \/>\n<meta name=\"author\" content=\"Jos\u00e9 Antonio\" \/>\n<meta name=\"twitter:card\" content=\"summary_large_image\" \/>\n<meta name=\"twitter:creator\" content=\"@jeyjooficinas\" \/>\n<meta name=\"twitter:site\" content=\"@jeyjooficinas\" \/>\n<meta name=\"twitter:label1\" content=\"Escrito por\" \/>\n\t<meta name=\"twitter:data1\" content=\"Jos\u00e9 Antonio\" \/>\n\t<meta name=\"twitter:label2\" content=\"Tiempo de lectura\" \/>\n\t<meta name=\"twitter:data2\" content=\"2 minutos\" \/>\n<script type=\"application\/ld+json\" class=\"yoast-schema-graph\">{\"@context\":\"https:\\\/\\\/schema.org\",\"@graph\":[{\"@type\":\"Article\",\"@id\":\"https:\\\/\\\/jeyjo.es\\\/blog\\\/index.php\\\/2023\\\/10\\\/25\\\/la-gama-de-lumocolor-continua-creciendo\\\/#article\",\"isPartOf\":{\"@id\":\"https:\\\/\\\/jeyjo.es\\\/blog\\\/index.php\\\/2023\\\/10\\\/25\\\/la-gama-de-lumocolor-continua-creciendo\\\/\"},\"author\":{\"name\":\"Jos\u00e9 Antonio\",\"@id\":\"https:\\\/\\\/jeyjo.es\\\/blog\\\/#\\\/schema\\\/person\\\/27b39b68644e2843617b9eb0877b528b\"},\"headline\":\"La gama de Lumocolor contin\u00faa creciendo\",\"datePublished\":\"2023-10-25T17:02:30+00:00\",\"mainEntityOfPage\":{\"@id\":\"https:\\\/\\\/jeyjo.es\\\/blog\\\/index.php\\\/2023\\\/10\\\/25\\\/la-gama-de-lumocolor-continua-creciendo\\\/\"},\"wordCount\":433,\"commentCount\":0,\"publisher\":{\"@id\":\"https:\\\/\\\/jeyjo.es\\\/blog\\\/#organization\"},\"image\":{\"@id\":\"https:\\\/\\\/jeyjo.es\\\/blog\\\/index.php\\\/2023\\\/10\\\/25\\\/la-gama-de-lumocolor-continua-creciendo\\\/#primaryimage\"},\"thumbnailUrl\":\"https:\\\/\\\/jeyjo.es\\\/blog\\\/wp-content\\\/uploads\\\/2023\\\/10\\\/rotuladortintajeyjo-material-de-oficinarotulador-de-tiza-liquidarotulador-acrilicojeyjostaedtlerlumocolorcarton-recicladojeyjo.espaint-markerchalk-marker.png\",\"keywords\":[\"cart\u00f3n reciclado\",\"chalk marker\",\"jeyjo\",\"jeyjo material de oficina\",\"jeyjo.es\",\"lumocolor\",\"paint marker\",\"rotulador\",\"rotulador acr\u00edlico\",\"rotulador de tiza l\u00edquida\",\"staedtler\",\"tinta\"],\"articleSection\":[\"Gu\u00edas de compra\"],\"inLanguage\":\"es\",\"potentialAction\":[{\"@type\":\"CommentAction\",\"name\":\"Comment\",\"target\":[\"https:\\\/\\\/jeyjo.es\\\/blog\\\/index.php\\\/2023\\\/10\\\/25\\\/la-gama-de-lumocolor-continua-creciendo\\\/#respond\"]}]},{\"@type\":\"WebPage\",\"@id\":\"https:\\\/\\\/jeyjo.es\\\/blog\\\/index.php\\\/2023\\\/10\\\/25\\\/la-gama-de-lumocolor-continua-creciendo\\\/\",\"url\":\"https:\\\/\\\/jeyjo.es\\\/blog\\\/index.php\\\/2023\\\/10\\\/25\\\/la-gama-de-lumocolor-continua-creciendo\\\/\",\"name\":\"La gama de Lumocolor contin\u00faa creciendo - Jeyjo\",\"isPartOf\":{\"@id\":\"https:\\\/\\\/jeyjo.es\\\/blog\\\/#website\"},\"primaryImageOfPage\":{\"@id\":\"https:\\\/\\\/jeyjo.es\\\/blog\\\/index.php\\\/2023\\\/10\\\/25\\\/la-gama-de-lumocolor-continua-creciendo\\\/#primaryimage\"},\"image\":{\"@id\":\"https:\\\/\\\/jeyjo.es\\\/blog\\\/index.php\\\/2023\\\/10\\\/25\\\/la-gama-de-lumocolor-continua-creciendo\\\/#primaryimage\"},\"thumbnailUrl\":\"https:\\\/\\\/jeyjo.es\\\/blog\\\/wp-content\\\/uploads\\\/2023\\\/10\\\/rotuladortintajeyjo-material-de-oficinarotulador-de-tiza-liquidarotulador-acrilicojeyjostaedtlerlumocolorcarton-recicladojeyjo.espaint-markerchalk-marker.png\",\"datePublished\":\"2023-10-25T17:02:30+00:00\",\"breadcrumb\":{\"@id\":\"https:\\\/\\\/jeyjo.es\\\/blog\\\/index.php\\\/2023\\\/10\\\/25\\\/la-gama-de-lumocolor-continua-creciendo\\\/#breadcrumb\"},\"inLanguage\":\"es\",\"potentialAction\":[{\"@type\":\"ReadAction\",\"target\":[\"https:\\\/\\\/jeyjo.es\\\/blog\\\/index.php\\\/2023\\\/10\\\/25\\\/la-gama-de-lumocolor-continua-creciendo\\\/\"]}]},{\"@type\":\"ImageObject\",\"inLanguage\":\"es\",\"@id\":\"https:\\\/\\\/jeyjo.es\\\/blog\\\/index.php\\\/2023\\\/10\\\/25\\\/la-gama-de-lumocolor-continua-creciendo\\\/#primaryimage\",\"url\":\"https:\\\/\\\/jeyjo.es\\\/blog\\\/wp-content\\\/uploads\\\/2023\\\/10\\\/rotuladortintajeyjo-material-de-oficinarotulador-de-tiza-liquidarotulador-acrilicojeyjostaedtlerlumocolorcarton-recicladojeyjo.espaint-markerchalk-marker.png\",\"contentUrl\":\"https:\\\/\\\/jeyjo.es\\\/blog\\\/wp-content\\\/uploads\\\/2023\\\/10\\\/rotuladortintajeyjo-material-de-oficinarotulador-de-tiza-liquidarotulador-acrilicojeyjostaedtlerlumocolorcarton-recicladojeyjo.espaint-markerchalk-marker.png\",\"width\":455,\"height\":227},{\"@type\":\"BreadcrumbList\",\"@id\":\"https:\\\/\\\/jeyjo.es\\\/blog\\\/index.php\\\/2023\\\/10\\\/25\\\/la-gama-de-lumocolor-continua-creciendo\\\/#breadcrumb\",\"itemListElement\":[{\"@type\":\"ListItem\",\"position\":1,\"name\":\"Portada\",\"item\":\"https:\\\/\\\/jeyjo.es\\\/blog\\\/\"},{\"@type\":\"ListItem\",\"position\":2,\"name\":\"La gama de Lumocolor contin\u00faa creciendo\"}]},{\"@type\":\"WebSite\",\"@id\":\"https:\\\/\\\/jeyjo.es\\\/blog\\\/#website\",\"url\":\"https:\\\/\\\/jeyjo.es\\\/blog\\\/\",\"name\":\"Blog para conocer todo sobre la oficina y el colegio\",\"description\":\"El Blog de tu Oficina - Expertos en Material de Oficina, Papeler\u00eda y Mobiliario\",\"publisher\":{\"@id\":\"https:\\\/\\\/jeyjo.es\\\/blog\\\/#organization\"},\"potentialAction\":[{\"@type\":\"SearchAction\",\"target\":{\"@type\":\"EntryPoint\",\"urlTemplate\":\"https:\\\/\\\/jeyjo.es\\\/blog\\\/?s={search_term_string}\"},\"query-input\":{\"@type\":\"PropertyValueSpecification\",\"valueRequired\":true,\"valueName\":\"search_term_string\"}}],\"inLanguage\":\"es\"},{\"@type\":\"Organization\",\"@id\":\"https:\\\/\\\/jeyjo.es\\\/blog\\\/#organization\",\"name\":\"Jeyjo Material de Oficina\",\"url\":\"https:\\\/\\\/jeyjo.es\\\/blog\\\/\",\"logo\":{\"@type\":\"ImageObject\",\"inLanguage\":\"es\",\"@id\":\"https:\\\/\\\/jeyjo.es\\\/blog\\\/#\\\/schema\\\/logo\\\/image\\\/\",\"url\":\"https:\\\/\\\/jeyjo.es\\\/blog\\\/wp-content\\\/uploads\\\/2023\\\/10\\\/LOGOTIPO-COLOR-cac-150px.jpg\",\"contentUrl\":\"https:\\\/\\\/jeyjo.es\\\/blog\\\/wp-content\\\/uploads\\\/2023\\\/10\\\/LOGOTIPO-COLOR-cac-150px.jpg\",\"width\":1771,\"height\":1006,\"caption\":\"Jeyjo Material de Oficina\"},\"image\":{\"@id\":\"https:\\\/\\\/jeyjo.es\\\/blog\\\/#\\\/schema\\\/logo\\\/image\\\/\"},\"sameAs\":[\"https:\\\/\\\/www.facebook.com\\\/jeyjo.papeleria.9\",\"https:\\\/\\\/x.com\\\/jeyjooficinas\",\"https:\\\/\\\/www.youtube.com\\\/channel\\\/UCUNp2bZMllJUVIAMZYdGZ8Q\",\"https:\\\/\\\/www.instagram.com\\\/jeyjomaterialdeoficina\\\/\",\"https:\\\/\\\/www.linkedin.com\\\/in\\\/jeyjo-material-de-oficina-aba48b49\"]},{\"@type\":\"Person\",\"@id\":\"https:\\\/\\\/jeyjo.es\\\/blog\\\/#\\\/schema\\\/person\\\/27b39b68644e2843617b9eb0877b528b\",\"name\":\"Jos\u00e9 Antonio\",\"image\":{\"@type\":\"ImageObject\",\"inLanguage\":\"es\",\"@id\":\"https:\\\/\\\/secure.gravatar.com\\\/avatar\\\/e8bbcf4f7a3e91ea18ca5e076249495fd4bcbc0c9bd4e3fb6c8294649ec86fcc?s=96&d=mm&r=g\",\"url\":\"https:\\\/\\\/secure.gravatar.com\\\/avatar\\\/e8bbcf4f7a3e91ea18ca5e076249495fd4bcbc0c9bd4e3fb6c8294649ec86fcc?s=96&d=mm&r=g\",\"contentUrl\":\"https:\\\/\\\/secure.gravatar.com\\\/avatar\\\/e8bbcf4f7a3e91ea18ca5e076249495fd4bcbc0c9bd4e3fb6c8294649ec86fcc?s=96&d=mm&r=g\",\"caption\":\"Jos\u00e9 Antonio\"},\"sameAs\":[\"http:\\\/\\\/jeyjo.es\\\/blog\"],\"url\":\"https:\\\/\\\/jeyjo.es\\\/blog\\\/index.php\\\/author\\\/programador\\\/\"}]}<\/script>\n<!-- \/ Yoast SEO plugin. -->","yoast_head_json":{"title":"La gama de Lumocolor contin\u00faa creciendo - Jeyjo","robots":{"index":"index","follow":"follow","max-snippet":"max-snippet:-1","max-image-preview":"max-image-preview:large","max-video-preview":"max-video-preview:-1"},"canonical":"https:\/\/jeyjo.es\/blog\/index.php\/2023\/10\/25\/la-gama-de-lumocolor-continua-creciendo\/","og_locale":"es_ES","og_type":"article","og_title":"La gama de Lumocolor contin\u00faa creciendo - Jeyjo","og_description":"El nombre\u00a0Lumocolor\u00a0procede de las palabras latinas y : luz y color. La gama comenz\u00f3 con marcadores permanentes y no permanentes, para gran variedad de usos, pero en los \u00faltimos a\u00f1os\u00a0STAEDTLER\u00a0la ha ampliado con marcadores de pizarra blanca, marcadores permanentes gruesos y marcadores para blocs de conferencia, y ahora con dos nuevos modelos dirigidos al mundo del arte y de las manualidades: el rotulador acr\u00edlico\u00a0Lumocolor Paint Marker\u00a0y el rotulador de tiza l\u00edquida\u00a0Lumocolor Chalk Marker","og_url":"https:\/\/jeyjo.es\/blog\/index.php\/2023\/10\/25\/la-gama-de-lumocolor-continua-creciendo\/","og_site_name":"Jeyjo","article_publisher":"https:\/\/www.facebook.com\/jeyjo.papeleria.9","article_published_time":"2023-10-25T17:02:30+00:00","og_image":[{"width":455,"height":227,"url":"https:\/\/jeyjo.es\/blog\/wp-content\/uploads\/2023\/10\/rotuladortintajeyjo-material-de-oficinarotulador-de-tiza-liquidarotulador-acrilicojeyjostaedtlerlumocolorcarton-recicladojeyjo.espaint-markerchalk-marker.png","type":"image\/png"}],"author":"Jos\u00e9 Antonio","twitter_card":"summary_large_image","twitter_creator":"@jeyjooficinas","twitter_site":"@jeyjooficinas","twitter_misc":{"Escrito por":"Jos\u00e9 Antonio","Tiempo de lectura":"2 minutos"},"schema":{"@context":"https:\/\/schema.org","@graph":[{"@type":"Article","@id":"https:\/\/jeyjo.es\/blog\/index.php\/2023\/10\/25\/la-gama-de-lumocolor-continua-creciendo\/#article","isPartOf":{"@id":"https:\/\/jeyjo.es\/blog\/index.php\/2023\/10\/25\/la-gama-de-lumocolor-continua-creciendo\/"},"author":{"name":"Jos\u00e9 Antonio","@id":"https:\/\/jeyjo.es\/blog\/#\/schema\/person\/27b39b68644e2843617b9eb0877b528b"},"headline":"La gama de Lumocolor contin\u00faa creciendo","datePublished":"2023-10-25T17:02:30+00:00","mainEntityOfPage":{"@id":"https:\/\/jeyjo.es\/blog\/index.php\/2023\/10\/25\/la-gama-de-lumocolor-continua-creciendo\/"},"wordCount":433,"commentCount":0,"publisher":{"@id":"https:\/\/jeyjo.es\/blog\/#organization"},"image":{"@id":"https:\/\/jeyjo.es\/blog\/index.php\/2023\/10\/25\/la-gama-de-lumocolor-continua-creciendo\/#primaryimage"},"thumbnailUrl":"https:\/\/jeyjo.es\/blog\/wp-content\/uploads\/2023\/10\/rotuladortintajeyjo-material-de-oficinarotulador-de-tiza-liquidarotulador-acrilicojeyjostaedtlerlumocolorcarton-recicladojeyjo.espaint-markerchalk-marker.png","keywords":["cart\u00f3n reciclado","chalk marker","jeyjo","jeyjo material de oficina","jeyjo.es","lumocolor","paint marker","rotulador","rotulador acr\u00edlico","rotulador de tiza l\u00edquida","staedtler","tinta"],"articleSection":["Gu\u00edas de compra"],"inLanguage":"es","potentialAction":[{"@type":"CommentAction","name":"Comment","target":["https:\/\/jeyjo.es\/blog\/index.php\/2023\/10\/25\/la-gama-de-lumocolor-continua-creciendo\/#respond"]}]},{"@type":"WebPage","@id":"https:\/\/jeyjo.es\/blog\/index.php\/2023\/10\/25\/la-gama-de-lumocolor-continua-creciendo\/","url":"https:\/\/jeyjo.es\/blog\/index.php\/2023\/10\/25\/la-gama-de-lumocolor-continua-creciendo\/","name":"La gama de Lumocolor contin\u00faa creciendo - Jeyjo","isPartOf":{"@id":"https:\/\/jeyjo.es\/blog\/#website"},"primaryImageOfPage":{"@id":"https:\/\/jeyjo.es\/blog\/index.php\/2023\/10\/25\/la-gama-de-lumocolor-continua-creciendo\/#primaryimage"},"image":{"@id":"https:\/\/jeyjo.es\/blog\/index.php\/2023\/10\/25\/la-gama-de-lumocolor-continua-creciendo\/#primaryimage"},"thumbnailUrl":"https:\/\/jeyjo.es\/blog\/wp-content\/uploads\/2023\/10\/rotuladortintajeyjo-material-de-oficinarotulador-de-tiza-liquidarotulador-acrilicojeyjostaedtlerlumocolorcarton-recicladojeyjo.espaint-markerchalk-marker.png","datePublished":"2023-10-25T17:02:30+00:00","breadcrumb":{"@id":"https:\/\/jeyjo.es\/blog\/index.php\/2023\/10\/25\/la-gama-de-lumocolor-continua-creciendo\/#breadcrumb"},"inLanguage":"es","potentialAction":[{"@type":"ReadAction","target":["https:\/\/jeyjo.es\/blog\/index.php\/2023\/10\/25\/la-gama-de-lumocolor-continua-creciendo\/"]}]},{"@type":"ImageObject","inLanguage":"es","@id":"https:\/\/jeyjo.es\/blog\/index.php\/2023\/10\/25\/la-gama-de-lumocolor-continua-creciendo\/#primaryimage","url":"https:\/\/jeyjo.es\/blog\/wp-content\/uploads\/2023\/10\/rotuladortintajeyjo-material-de-oficinarotulador-de-tiza-liquidarotulador-acrilicojeyjostaedtlerlumocolorcarton-recicladojeyjo.espaint-markerchalk-marker.png","contentUrl":"https:\/\/jeyjo.es\/blog\/wp-content\/uploads\/2023\/10\/rotuladortintajeyjo-material-de-oficinarotulador-de-tiza-liquidarotulador-acrilicojeyjostaedtlerlumocolorcarton-recicladojeyjo.espaint-markerchalk-marker.png","width":455,"height":227},{"@type":"BreadcrumbList","@id":"https:\/\/jeyjo.es\/blog\/index.php\/2023\/10\/25\/la-gama-de-lumocolor-continua-creciendo\/#breadcrumb","itemListElement":[{"@type":"ListItem","position":1,"name":"Portada","item":"https:\/\/jeyjo.es\/blog\/"},{"@type":"ListItem","position":2,"name":"La gama de Lumocolor contin\u00faa creciendo"}]},{"@type":"WebSite","@id":"https:\/\/jeyjo.es\/blog\/#website","url":"https:\/\/jeyjo.es\/blog\/","name":"Blog para conocer todo sobre la oficina y el colegio","description":"El Blog de tu Oficina - Expertos en Material de Oficina, Papeler\u00eda y Mobiliario","publisher":{"@id":"https:\/\/jeyjo.es\/blog\/#organization"},"potentialAction":[{"@type":"SearchAction","target":{"@type":"EntryPoint","urlTemplate":"https:\/\/jeyjo.es\/blog\/?s={search_term_string}"},"query-input":{"@type":"PropertyValueSpecification","valueRequired":true,"valueName":"search_term_string"}}],"inLanguage":"es"},{"@type":"Organization","@id":"https:\/\/jeyjo.es\/blog\/#organization","name":"Jeyjo Material de Oficina","url":"https:\/\/jeyjo.es\/blog\/","logo":{"@type":"ImageObject","inLanguage":"es","@id":"https:\/\/jeyjo.es\/blog\/#\/schema\/logo\/image\/","url":"https:\/\/jeyjo.es\/blog\/wp-content\/uploads\/2023\/10\/LOGOTIPO-COLOR-cac-150px.jpg","contentUrl":"https:\/\/jeyjo.es\/blog\/wp-content\/uploads\/2023\/10\/LOGOTIPO-COLOR-cac-150px.jpg","width":1771,"height":1006,"caption":"Jeyjo Material de Oficina"},"image":{"@id":"https:\/\/jeyjo.es\/blog\/#\/schema\/logo\/image\/"},"sameAs":["https:\/\/www.facebook.com\/jeyjo.papeleria.9","https:\/\/x.com\/jeyjooficinas","https:\/\/www.youtube.com\/channel\/UCUNp2bZMllJUVIAMZYdGZ8Q","https:\/\/www.instagram.com\/jeyjomaterialdeoficina\/","https:\/\/www.linkedin.com\/in\/jeyjo-material-de-oficina-aba48b49"]},{"@type":"Person","@id":"https:\/\/jeyjo.es\/blog\/#\/schema\/person\/27b39b68644e2843617b9eb0877b528b","name":"Jos\u00e9 Antonio","image":{"@type":"ImageObject","inLanguage":"es","@id":"https:\/\/secure.gravatar.com\/avatar\/e8bbcf4f7a3e91ea18ca5e076249495fd4bcbc0c9bd4e3fb6c8294649ec86fcc?s=96&d=mm&r=g","url":"https:\/\/secure.gravatar.com\/avatar\/e8bbcf4f7a3e91ea18ca5e076249495fd4bcbc0c9bd4e3fb6c8294649ec86fcc?s=96&d=mm&r=g","contentUrl":"https:\/\/secure.gravatar.com\/avatar\/e8bbcf4f7a3e91ea18ca5e076249495fd4bcbc0c9bd4e3fb6c8294649ec86fcc?s=96&d=mm&r=g","caption":"Jos\u00e9 Antonio"},"sameAs":["http:\/\/jeyjo.es\/blog"],"url":"https:\/\/jeyjo.es\/blog\/index.php\/author\/programador\/"}]}},"_links":{"self":[{"href":"https:\/\/jeyjo.es\/blog\/index.php\/wp-json\/wp\/v2\/posts\/75","targetHints":{"allow":["GET"]}}],"collection":[{"href":"https:\/\/jeyjo.es\/blog\/index.php\/wp-json\/wp\/v2\/posts"}],"about":[{"href":"https:\/\/jeyjo.es\/blog\/index.php\/wp-json\/wp\/v2\/types\/post"}],"author":[{"embeddable":true,"href":"https:\/\/jeyjo.es\/blog\/index.php\/wp-json\/wp\/v2\/users\/1"}],"replies":[{"embeddable":true,"href":"https:\/\/jeyjo.es\/blog\/index.php\/wp-json\/wp\/v2\/comments?post=75"}],"version-history":[{"count":1,"href":"https:\/\/jeyjo.es\/blog\/index.php\/wp-json\/wp\/v2\/posts\/75\/revisions"}],"predecessor-version":[{"id":77,"href":"https:\/\/jeyjo.es\/blog\/index.php\/wp-json\/wp\/v2\/posts\/75\/revisions\/77"}],"wp:featuredmedia":[{"embeddable":true,"href":"https:\/\/jeyjo.es\/blog\/index.php\/wp-json\/wp\/v2\/media\/76"}],"wp:attachment":[{"href":"https:\/\/jeyjo.es\/blog\/index.php\/wp-json\/wp\/v2\/media?parent=75"}],"wp:term":[{"taxonomy":"category","embeddable":true,"href":"https:\/\/jeyjo.es\/blog\/index.php\/wp-json\/wp\/v2\/categories?post=75"},{"taxonomy":"post_tag","embeddable":true,"href":"https:\/\/jeyjo.es\/blog\/index.php\/wp-json\/wp\/v2\/tags?post=75"}],"curies":[{"name":"wp","href":"https:\/\/api.w.org\/{rel}","templated":true}]}}