{"id":72,"date":"2023-10-25T19:00:47","date_gmt":"2023-10-25T17:00:47","guid":{"rendered":"https:\/\/jeyjo.es\/blog\/?p=72"},"modified":"2023-10-25T19:00:47","modified_gmt":"2023-10-25T17:00:47","slug":"los-cuadernos-lamela-rosario-lamela-tendra-una-plaza-con-su-nombre-en-logrono","status":"publish","type":"post","link":"https:\/\/jeyjo.es\/blog\/index.php\/2023\/10\/25\/los-cuadernos-lamela-rosario-lamela-tendra-una-plaza-con-su-nombre-en-logrono\/","title":{"rendered":"Los cuadernos LAMELA (Rosario Lamela) tendr\u00e1 una plaza con su nombre en Logro\u00f1o"},"content":{"rendered":"\n<p>El acuerdo se tomar\u00e1 en Junta de Gobierno de&nbsp;Logro\u00f1o&nbsp;esta semana. La creadora de los cuadernos Lamela, con los que tantos ni\u00f1os han escrito sus primeras l\u00edneas, tendr\u00e1 su plaza en el espacio que se ha acondicionado entre las calles Hospital Viejo y Los Yerros.<\/p>\n\n\n\n<p>Rosario Lamela, la maestra navarra que residi\u00f3 toda su vida en La Rioja y que&nbsp;falleci\u00f3 hace menos de un mes, a los 88 a\u00f1os, se suma as\u00ed a la lista de mujeres que, en los \u00faltimos tiempos, se han ido sumando al callejero de la ciudad.<\/p>\n\n\n\n<figure class=\"wp-block-image\"><img decoding=\"async\" src=\"https:\/\/blogger.googleusercontent.com\/img\/a\/AVvXsEiynnoS9hN6Efglp9iqGMb90RH8Pqx_DM00N4S_6uffYZKaFGwYn3DaJggc8RtRbbGBKeumGxG4oC7LL7xK5Jy_7InixT40S4MvTuBCN2M5sma04OZw_6_2oB-tfEUekU-bfZlMyV3hwMwHJvOxZD9amfp-DGvU6Qyjc1OnI-fNc3nJMlGsfrsORaSF=w457-h457\" alt=\"\"\/><\/figure>\n\n\n\n<p><a href=\"https:\/\/www.blogger.com\/blog\/post\/edit\/9203335948979382529\/2976979711715948#\"><\/a><\/p>\n\n\n\n<p>El alcalde, Pablo Hermoso de Mendoza, ha hecho el anuncio durante su visita a esta placita que, junto a la urbanizaci\u00f3n de las calles que la flanquean, Los Yerros y Hospital Viejo, conforman la primera intervenci\u00f3n terminada de las que articulan la mejora del barrio de la Villanueva, despu\u00e9s de a\u00f1os y a\u00f1os de planes que no llegaban a arrancar.<\/p>\n\n\n\n<p>El Horno y La Brava ser\u00e1n las pr\u00f3ximas calles en las que se realizar\u00e1n tareas de mejora, rehabilitaci\u00f3n y alumbrado, adjudicadas a la empresa Antis por 758.197 euros. Tambi\u00e9n est\u00e1 en marcha ya la reforma del colegio San Bernab\u00e9, que desarrolla Ocisa por un importe total de 2.642.932,75 euros (IVA incluido). Se trata de que sea vivero de empresas y espacio \u00abcoworking\u00bb. \u00bfQu\u00e9 se ha hecho en Hospital Viejo y Los Yerros? Desde mediados de septiembre, Ocisa se ha encargado de la reurbanizaci\u00f3n y de instalar alumbrado en ambas calles y la placita entre ellas.<\/p>\n\n\n\n<p>As\u00ed, se han renovado las infraestructuras de servicios, la pavimentaci\u00f3n&#8230; pero tambi\u00e9n se han colocado elementos de mobiliario urbano -destacan dos largos bancos- y se ha incorporado zona verde junto al arbolado. La adjudicaci\u00f3n se realiz\u00f3 por 523.467 euros.<\/p>\n\n\n\n<p>Junto a la nueva plaza Rosario Lamela queda un solar, que es municipal y de uso residencial, que de momento permanecer\u00e1 vallado a la espera de que se adopten decisiones respecto al mismo.<\/p>\n\n\n\n<p>Logro\u00f1o llevaba d\u00e1ndole vueltas a la Villanueva desde el a\u00f1o 2005, cuando se contrat\u00f3 a un arquitecto famoso, el portugu\u00e9s \u00c1lvaro Siza, para elaborar un plan integral cuyos resultados no convencieron \u2013se manej\u00f3 desde un aparcamiento en altura dentro de las calles a uno subterr\u00e1neo en la avenida de Navarra\u2013 con lo que se fue modificando y, al final, adaptando para presentarlo a la convocatoria de fondos europeos.<\/p>\n\n\n\n<p>Por fin, la actuaci\u00f3n logr\u00f3 fondos europeos, la famosa EDUSI (Estrategia de Desarrollo Urbano Sostenible e Integrado) que cost\u00f3 hasta tres intentos conseguir y que deber\u00eda traducirse en 1,8 millones de euros. Y, como a\u00fan as\u00ed no hab\u00eda manera de empezar a reurbanizar para desesperaci\u00f3n de los vecinos, la estrategia tuvo que reorganizarse en doce actuaciones, que son las que ahora se est\u00e1n llevando a cabo.<\/p>\n\n\n\n<p>Fuente:<\/p>\n\n\n\n<p>Maria Jos\u00e9 Lumbreras (Diario La Rioja)<\/p>\n","protected":false},"excerpt":{"rendered":"<p class=\"text-justify\">El acuerdo se tomar\u00e1 en Junta de Gobierno de\u00a0Logro\u00f1o\u00a0esta semana. La creadora de los cuadernos Lamela, con los que tantos ni\u00f1os han escrito sus primeras l\u00edneas, tendr\u00e1 su plaza en el espacio que se ha acondicionado entre las calles Hospital Viejo y Los Yerros.<\/p>\n","protected":false},"author":1,"featured_media":73,"comment_status":"open","ping_status":"open","sticky":false,"template":"","format":"standard","meta":{"footnotes":""},"categories":[11],"tags":[103,102,7,99,104,101],"class_list":["post-72","post","type-post","status-publish","format-standard","has-post-thumbnail","hentry","category-noticias","tag-cuadernos-lamela","tag-editorial-lamela","tag-jeyjo-material-de-oficina","tag-jeyjo-es","tag-lamela","tag-rosario-lamela"],"yoast_head":"<!-- This site is optimized with the Yoast SEO plugin v27.5 - https:\/\/yoast.com\/product\/yoast-seo-wordpress\/ -->\n<title>Los cuadernos LAMELA (Rosario Lamela) tendr\u00e1 una plaza con su nombre en Logro\u00f1o - Jeyjo<\/title>\n<meta name=\"robots\" content=\"index, follow, max-snippet:-1, max-image-preview:large, max-video-preview:-1\" \/>\n<link rel=\"canonical\" href=\"https:\/\/jeyjo.es\/blog\/index.php\/2023\/10\/25\/los-cuadernos-lamela-rosario-lamela-tendra-una-plaza-con-su-nombre-en-logrono\/\" \/>\n<meta property=\"og:locale\" content=\"es_ES\" \/>\n<meta property=\"og:type\" content=\"article\" \/>\n<meta property=\"og:title\" content=\"Los cuadernos LAMELA (Rosario Lamela) tendr\u00e1 una plaza con su nombre en Logro\u00f1o - Jeyjo\" \/>\n<meta property=\"og:description\" content=\"El acuerdo se tomar\u00e1 en Junta de Gobierno de\u00a0Logro\u00f1o\u00a0esta semana. La creadora de los cuadernos Lamela, con los que tantos ni\u00f1os han escrito sus primeras l\u00edneas, tendr\u00e1 su plaza en el espacio que se ha acondicionado entre las calles Hospital Viejo y Los Yerros.\" \/>\n<meta property=\"og:url\" content=\"https:\/\/jeyjo.es\/blog\/index.php\/2023\/10\/25\/los-cuadernos-lamela-rosario-lamela-tendra-una-plaza-con-su-nombre-en-logrono\/\" \/>\n<meta property=\"og:site_name\" content=\"Jeyjo\" \/>\n<meta property=\"article:publisher\" content=\"https:\/\/www.facebook.com\/jeyjo.papeleria.9\" \/>\n<meta property=\"article:published_time\" content=\"2023-10-25T17:00:47+00:00\" \/>\n<meta property=\"og:image\" content=\"https:\/\/jeyjo.es\/blog\/wp-content\/uploads\/2023\/10\/jeyjo-material-de-oficinacuadernos-lamelalamelarosario-lamelaeditorial-lamelajeyjo.es_.jpg\" \/>\n\t<meta property=\"og:image:width\" content=\"410\" \/>\n\t<meta property=\"og:image:height\" content=\"410\" \/>\n\t<meta property=\"og:image:type\" content=\"image\/jpeg\" \/>\n<meta name=\"author\" content=\"Jos\u00e9 Antonio\" \/>\n<meta name=\"twitter:card\" content=\"summary_large_image\" \/>\n<meta name=\"twitter:creator\" content=\"@jeyjooficinas\" \/>\n<meta name=\"twitter:site\" content=\"@jeyjooficinas\" \/>\n<meta name=\"twitter:label1\" content=\"Escrito por\" \/>\n\t<meta name=\"twitter:data1\" content=\"Jos\u00e9 Antonio\" \/>\n\t<meta name=\"twitter:label2\" content=\"Tiempo de lectura\" \/>\n\t<meta name=\"twitter:data2\" content=\"2 minutos\" \/>\n<script type=\"application\/ld+json\" class=\"yoast-schema-graph\">{\"@context\":\"https:\\\/\\\/schema.org\",\"@graph\":[{\"@type\":\"Article\",\"@id\":\"https:\\\/\\\/jeyjo.es\\\/blog\\\/index.php\\\/2023\\\/10\\\/25\\\/los-cuadernos-lamela-rosario-lamela-tendra-una-plaza-con-su-nombre-en-logrono\\\/#article\",\"isPartOf\":{\"@id\":\"https:\\\/\\\/jeyjo.es\\\/blog\\\/index.php\\\/2023\\\/10\\\/25\\\/los-cuadernos-lamela-rosario-lamela-tendra-una-plaza-con-su-nombre-en-logrono\\\/\"},\"author\":{\"name\":\"Jos\u00e9 Antonio\",\"@id\":\"https:\\\/\\\/jeyjo.es\\\/blog\\\/#\\\/schema\\\/person\\\/27b39b68644e2843617b9eb0877b528b\"},\"headline\":\"Los cuadernos LAMELA (Rosario Lamela) tendr\u00e1 una plaza con su nombre en Logro\u00f1o\",\"datePublished\":\"2023-10-25T17:00:47+00:00\",\"mainEntityOfPage\":{\"@id\":\"https:\\\/\\\/jeyjo.es\\\/blog\\\/index.php\\\/2023\\\/10\\\/25\\\/los-cuadernos-lamela-rosario-lamela-tendra-una-plaza-con-su-nombre-en-logrono\\\/\"},\"wordCount\":501,\"commentCount\":0,\"publisher\":{\"@id\":\"https:\\\/\\\/jeyjo.es\\\/blog\\\/#organization\"},\"image\":{\"@id\":\"https:\\\/\\\/jeyjo.es\\\/blog\\\/index.php\\\/2023\\\/10\\\/25\\\/los-cuadernos-lamela-rosario-lamela-tendra-una-plaza-con-su-nombre-en-logrono\\\/#primaryimage\"},\"thumbnailUrl\":\"https:\\\/\\\/jeyjo.es\\\/blog\\\/wp-content\\\/uploads\\\/2023\\\/10\\\/jeyjo-material-de-oficinacuadernos-lamelalamelarosario-lamelaeditorial-lamelajeyjo.es_.jpg\",\"keywords\":[\"cuadernos lamela\",\"editorial lamela\",\"jeyjo material de oficina\",\"jeyjo.es\",\"lamela\",\"rosario lamela\"],\"articleSection\":[\"Noticias\"],\"inLanguage\":\"es\",\"potentialAction\":[{\"@type\":\"CommentAction\",\"name\":\"Comment\",\"target\":[\"https:\\\/\\\/jeyjo.es\\\/blog\\\/index.php\\\/2023\\\/10\\\/25\\\/los-cuadernos-lamela-rosario-lamela-tendra-una-plaza-con-su-nombre-en-logrono\\\/#respond\"]}]},{\"@type\":\"WebPage\",\"@id\":\"https:\\\/\\\/jeyjo.es\\\/blog\\\/index.php\\\/2023\\\/10\\\/25\\\/los-cuadernos-lamela-rosario-lamela-tendra-una-plaza-con-su-nombre-en-logrono\\\/\",\"url\":\"https:\\\/\\\/jeyjo.es\\\/blog\\\/index.php\\\/2023\\\/10\\\/25\\\/los-cuadernos-lamela-rosario-lamela-tendra-una-plaza-con-su-nombre-en-logrono\\\/\",\"name\":\"Los cuadernos LAMELA (Rosario Lamela) tendr\u00e1 una plaza con su nombre en Logro\u00f1o - Jeyjo\",\"isPartOf\":{\"@id\":\"https:\\\/\\\/jeyjo.es\\\/blog\\\/#website\"},\"primaryImageOfPage\":{\"@id\":\"https:\\\/\\\/jeyjo.es\\\/blog\\\/index.php\\\/2023\\\/10\\\/25\\\/los-cuadernos-lamela-rosario-lamela-tendra-una-plaza-con-su-nombre-en-logrono\\\/#primaryimage\"},\"image\":{\"@id\":\"https:\\\/\\\/jeyjo.es\\\/blog\\\/index.php\\\/2023\\\/10\\\/25\\\/los-cuadernos-lamela-rosario-lamela-tendra-una-plaza-con-su-nombre-en-logrono\\\/#primaryimage\"},\"thumbnailUrl\":\"https:\\\/\\\/jeyjo.es\\\/blog\\\/wp-content\\\/uploads\\\/2023\\\/10\\\/jeyjo-material-de-oficinacuadernos-lamelalamelarosario-lamelaeditorial-lamelajeyjo.es_.jpg\",\"datePublished\":\"2023-10-25T17:00:47+00:00\",\"breadcrumb\":{\"@id\":\"https:\\\/\\\/jeyjo.es\\\/blog\\\/index.php\\\/2023\\\/10\\\/25\\\/los-cuadernos-lamela-rosario-lamela-tendra-una-plaza-con-su-nombre-en-logrono\\\/#breadcrumb\"},\"inLanguage\":\"es\",\"potentialAction\":[{\"@type\":\"ReadAction\",\"target\":[\"https:\\\/\\\/jeyjo.es\\\/blog\\\/index.php\\\/2023\\\/10\\\/25\\\/los-cuadernos-lamela-rosario-lamela-tendra-una-plaza-con-su-nombre-en-logrono\\\/\"]}]},{\"@type\":\"ImageObject\",\"inLanguage\":\"es\",\"@id\":\"https:\\\/\\\/jeyjo.es\\\/blog\\\/index.php\\\/2023\\\/10\\\/25\\\/los-cuadernos-lamela-rosario-lamela-tendra-una-plaza-con-su-nombre-en-logrono\\\/#primaryimage\",\"url\":\"https:\\\/\\\/jeyjo.es\\\/blog\\\/wp-content\\\/uploads\\\/2023\\\/10\\\/jeyjo-material-de-oficinacuadernos-lamelalamelarosario-lamelaeditorial-lamelajeyjo.es_.jpg\",\"contentUrl\":\"https:\\\/\\\/jeyjo.es\\\/blog\\\/wp-content\\\/uploads\\\/2023\\\/10\\\/jeyjo-material-de-oficinacuadernos-lamelalamelarosario-lamelaeditorial-lamelajeyjo.es_.jpg\",\"width\":410,\"height\":410},{\"@type\":\"BreadcrumbList\",\"@id\":\"https:\\\/\\\/jeyjo.es\\\/blog\\\/index.php\\\/2023\\\/10\\\/25\\\/los-cuadernos-lamela-rosario-lamela-tendra-una-plaza-con-su-nombre-en-logrono\\\/#breadcrumb\",\"itemListElement\":[{\"@type\":\"ListItem\",\"position\":1,\"name\":\"Portada\",\"item\":\"https:\\\/\\\/jeyjo.es\\\/blog\\\/\"},{\"@type\":\"ListItem\",\"position\":2,\"name\":\"Los cuadernos LAMELA (Rosario Lamela) tendr\u00e1 una plaza con su nombre en Logro\u00f1o\"}]},{\"@type\":\"WebSite\",\"@id\":\"https:\\\/\\\/jeyjo.es\\\/blog\\\/#website\",\"url\":\"https:\\\/\\\/jeyjo.es\\\/blog\\\/\",\"name\":\"Blog para conocer todo sobre la oficina y el colegio\",\"description\":\"El Blog de tu Oficina - Expertos en Material de Oficina, Papeler\u00eda y Mobiliario\",\"publisher\":{\"@id\":\"https:\\\/\\\/jeyjo.es\\\/blog\\\/#organization\"},\"potentialAction\":[{\"@type\":\"SearchAction\",\"target\":{\"@type\":\"EntryPoint\",\"urlTemplate\":\"https:\\\/\\\/jeyjo.es\\\/blog\\\/?s={search_term_string}\"},\"query-input\":{\"@type\":\"PropertyValueSpecification\",\"valueRequired\":true,\"valueName\":\"search_term_string\"}}],\"inLanguage\":\"es\"},{\"@type\":\"Organization\",\"@id\":\"https:\\\/\\\/jeyjo.es\\\/blog\\\/#organization\",\"name\":\"Jeyjo Material de Oficina\",\"url\":\"https:\\\/\\\/jeyjo.es\\\/blog\\\/\",\"logo\":{\"@type\":\"ImageObject\",\"inLanguage\":\"es\",\"@id\":\"https:\\\/\\\/jeyjo.es\\\/blog\\\/#\\\/schema\\\/logo\\\/image\\\/\",\"url\":\"https:\\\/\\\/jeyjo.es\\\/blog\\\/wp-content\\\/uploads\\\/2023\\\/10\\\/LOGOTIPO-COLOR-cac-150px.jpg\",\"contentUrl\":\"https:\\\/\\\/jeyjo.es\\\/blog\\\/wp-content\\\/uploads\\\/2023\\\/10\\\/LOGOTIPO-COLOR-cac-150px.jpg\",\"width\":1771,\"height\":1006,\"caption\":\"Jeyjo Material de Oficina\"},\"image\":{\"@id\":\"https:\\\/\\\/jeyjo.es\\\/blog\\\/#\\\/schema\\\/logo\\\/image\\\/\"},\"sameAs\":[\"https:\\\/\\\/www.facebook.com\\\/jeyjo.papeleria.9\",\"https:\\\/\\\/x.com\\\/jeyjooficinas\",\"https:\\\/\\\/www.youtube.com\\\/channel\\\/UCUNp2bZMllJUVIAMZYdGZ8Q\",\"https:\\\/\\\/www.instagram.com\\\/jeyjomaterialdeoficina\\\/\",\"https:\\\/\\\/www.linkedin.com\\\/in\\\/jeyjo-material-de-oficina-aba48b49\"]},{\"@type\":\"Person\",\"@id\":\"https:\\\/\\\/jeyjo.es\\\/blog\\\/#\\\/schema\\\/person\\\/27b39b68644e2843617b9eb0877b528b\",\"name\":\"Jos\u00e9 Antonio\",\"image\":{\"@type\":\"ImageObject\",\"inLanguage\":\"es\",\"@id\":\"https:\\\/\\\/secure.gravatar.com\\\/avatar\\\/e8bbcf4f7a3e91ea18ca5e076249495fd4bcbc0c9bd4e3fb6c8294649ec86fcc?s=96&d=mm&r=g\",\"url\":\"https:\\\/\\\/secure.gravatar.com\\\/avatar\\\/e8bbcf4f7a3e91ea18ca5e076249495fd4bcbc0c9bd4e3fb6c8294649ec86fcc?s=96&d=mm&r=g\",\"contentUrl\":\"https:\\\/\\\/secure.gravatar.com\\\/avatar\\\/e8bbcf4f7a3e91ea18ca5e076249495fd4bcbc0c9bd4e3fb6c8294649ec86fcc?s=96&d=mm&r=g\",\"caption\":\"Jos\u00e9 Antonio\"},\"sameAs\":[\"http:\\\/\\\/jeyjo.es\\\/blog\"],\"url\":\"https:\\\/\\\/jeyjo.es\\\/blog\\\/index.php\\\/author\\\/programador\\\/\"}]}<\/script>\n<!-- \/ Yoast SEO plugin. -->","yoast_head_json":{"title":"Los cuadernos LAMELA (Rosario Lamela) tendr\u00e1 una plaza con su nombre en Logro\u00f1o - Jeyjo","robots":{"index":"index","follow":"follow","max-snippet":"max-snippet:-1","max-image-preview":"max-image-preview:large","max-video-preview":"max-video-preview:-1"},"canonical":"https:\/\/jeyjo.es\/blog\/index.php\/2023\/10\/25\/los-cuadernos-lamela-rosario-lamela-tendra-una-plaza-con-su-nombre-en-logrono\/","og_locale":"es_ES","og_type":"article","og_title":"Los cuadernos LAMELA (Rosario Lamela) tendr\u00e1 una plaza con su nombre en Logro\u00f1o - Jeyjo","og_description":"El acuerdo se tomar\u00e1 en Junta de Gobierno de\u00a0Logro\u00f1o\u00a0esta semana. La creadora de los cuadernos Lamela, con los que tantos ni\u00f1os han escrito sus primeras l\u00edneas, tendr\u00e1 su plaza en el espacio que se ha acondicionado entre las calles Hospital Viejo y Los Yerros.","og_url":"https:\/\/jeyjo.es\/blog\/index.php\/2023\/10\/25\/los-cuadernos-lamela-rosario-lamela-tendra-una-plaza-con-su-nombre-en-logrono\/","og_site_name":"Jeyjo","article_publisher":"https:\/\/www.facebook.com\/jeyjo.papeleria.9","article_published_time":"2023-10-25T17:00:47+00:00","og_image":[{"width":410,"height":410,"url":"https:\/\/jeyjo.es\/blog\/wp-content\/uploads\/2023\/10\/jeyjo-material-de-oficinacuadernos-lamelalamelarosario-lamelaeditorial-lamelajeyjo.es_.jpg","type":"image\/jpeg"}],"author":"Jos\u00e9 Antonio","twitter_card":"summary_large_image","twitter_creator":"@jeyjooficinas","twitter_site":"@jeyjooficinas","twitter_misc":{"Escrito por":"Jos\u00e9 Antonio","Tiempo de lectura":"2 minutos"},"schema":{"@context":"https:\/\/schema.org","@graph":[{"@type":"Article","@id":"https:\/\/jeyjo.es\/blog\/index.php\/2023\/10\/25\/los-cuadernos-lamela-rosario-lamela-tendra-una-plaza-con-su-nombre-en-logrono\/#article","isPartOf":{"@id":"https:\/\/jeyjo.es\/blog\/index.php\/2023\/10\/25\/los-cuadernos-lamela-rosario-lamela-tendra-una-plaza-con-su-nombre-en-logrono\/"},"author":{"name":"Jos\u00e9 Antonio","@id":"https:\/\/jeyjo.es\/blog\/#\/schema\/person\/27b39b68644e2843617b9eb0877b528b"},"headline":"Los cuadernos LAMELA (Rosario Lamela) tendr\u00e1 una plaza con su nombre en Logro\u00f1o","datePublished":"2023-10-25T17:00:47+00:00","mainEntityOfPage":{"@id":"https:\/\/jeyjo.es\/blog\/index.php\/2023\/10\/25\/los-cuadernos-lamela-rosario-lamela-tendra-una-plaza-con-su-nombre-en-logrono\/"},"wordCount":501,"commentCount":0,"publisher":{"@id":"https:\/\/jeyjo.es\/blog\/#organization"},"image":{"@id":"https:\/\/jeyjo.es\/blog\/index.php\/2023\/10\/25\/los-cuadernos-lamela-rosario-lamela-tendra-una-plaza-con-su-nombre-en-logrono\/#primaryimage"},"thumbnailUrl":"https:\/\/jeyjo.es\/blog\/wp-content\/uploads\/2023\/10\/jeyjo-material-de-oficinacuadernos-lamelalamelarosario-lamelaeditorial-lamelajeyjo.es_.jpg","keywords":["cuadernos lamela","editorial lamela","jeyjo material de oficina","jeyjo.es","lamela","rosario lamela"],"articleSection":["Noticias"],"inLanguage":"es","potentialAction":[{"@type":"CommentAction","name":"Comment","target":["https:\/\/jeyjo.es\/blog\/index.php\/2023\/10\/25\/los-cuadernos-lamela-rosario-lamela-tendra-una-plaza-con-su-nombre-en-logrono\/#respond"]}]},{"@type":"WebPage","@id":"https:\/\/jeyjo.es\/blog\/index.php\/2023\/10\/25\/los-cuadernos-lamela-rosario-lamela-tendra-una-plaza-con-su-nombre-en-logrono\/","url":"https:\/\/jeyjo.es\/blog\/index.php\/2023\/10\/25\/los-cuadernos-lamela-rosario-lamela-tendra-una-plaza-con-su-nombre-en-logrono\/","name":"Los cuadernos LAMELA (Rosario Lamela) tendr\u00e1 una plaza con su nombre en Logro\u00f1o - Jeyjo","isPartOf":{"@id":"https:\/\/jeyjo.es\/blog\/#website"},"primaryImageOfPage":{"@id":"https:\/\/jeyjo.es\/blog\/index.php\/2023\/10\/25\/los-cuadernos-lamela-rosario-lamela-tendra-una-plaza-con-su-nombre-en-logrono\/#primaryimage"},"image":{"@id":"https:\/\/jeyjo.es\/blog\/index.php\/2023\/10\/25\/los-cuadernos-lamela-rosario-lamela-tendra-una-plaza-con-su-nombre-en-logrono\/#primaryimage"},"thumbnailUrl":"https:\/\/jeyjo.es\/blog\/wp-content\/uploads\/2023\/10\/jeyjo-material-de-oficinacuadernos-lamelalamelarosario-lamelaeditorial-lamelajeyjo.es_.jpg","datePublished":"2023-10-25T17:00:47+00:00","breadcrumb":{"@id":"https:\/\/jeyjo.es\/blog\/index.php\/2023\/10\/25\/los-cuadernos-lamela-rosario-lamela-tendra-una-plaza-con-su-nombre-en-logrono\/#breadcrumb"},"inLanguage":"es","potentialAction":[{"@type":"ReadAction","target":["https:\/\/jeyjo.es\/blog\/index.php\/2023\/10\/25\/los-cuadernos-lamela-rosario-lamela-tendra-una-plaza-con-su-nombre-en-logrono\/"]}]},{"@type":"ImageObject","inLanguage":"es","@id":"https:\/\/jeyjo.es\/blog\/index.php\/2023\/10\/25\/los-cuadernos-lamela-rosario-lamela-tendra-una-plaza-con-su-nombre-en-logrono\/#primaryimage","url":"https:\/\/jeyjo.es\/blog\/wp-content\/uploads\/2023\/10\/jeyjo-material-de-oficinacuadernos-lamelalamelarosario-lamelaeditorial-lamelajeyjo.es_.jpg","contentUrl":"https:\/\/jeyjo.es\/blog\/wp-content\/uploads\/2023\/10\/jeyjo-material-de-oficinacuadernos-lamelalamelarosario-lamelaeditorial-lamelajeyjo.es_.jpg","width":410,"height":410},{"@type":"BreadcrumbList","@id":"https:\/\/jeyjo.es\/blog\/index.php\/2023\/10\/25\/los-cuadernos-lamela-rosario-lamela-tendra-una-plaza-con-su-nombre-en-logrono\/#breadcrumb","itemListElement":[{"@type":"ListItem","position":1,"name":"Portada","item":"https:\/\/jeyjo.es\/blog\/"},{"@type":"ListItem","position":2,"name":"Los cuadernos LAMELA (Rosario Lamela) tendr\u00e1 una plaza con su nombre en Logro\u00f1o"}]},{"@type":"WebSite","@id":"https:\/\/jeyjo.es\/blog\/#website","url":"https:\/\/jeyjo.es\/blog\/","name":"Blog para conocer todo sobre la oficina y el colegio","description":"El Blog de tu Oficina - Expertos en Material de Oficina, Papeler\u00eda y Mobiliario","publisher":{"@id":"https:\/\/jeyjo.es\/blog\/#organization"},"potentialAction":[{"@type":"SearchAction","target":{"@type":"EntryPoint","urlTemplate":"https:\/\/jeyjo.es\/blog\/?s={search_term_string}"},"query-input":{"@type":"PropertyValueSpecification","valueRequired":true,"valueName":"search_term_string"}}],"inLanguage":"es"},{"@type":"Organization","@id":"https:\/\/jeyjo.es\/blog\/#organization","name":"Jeyjo Material de Oficina","url":"https:\/\/jeyjo.es\/blog\/","logo":{"@type":"ImageObject","inLanguage":"es","@id":"https:\/\/jeyjo.es\/blog\/#\/schema\/logo\/image\/","url":"https:\/\/jeyjo.es\/blog\/wp-content\/uploads\/2023\/10\/LOGOTIPO-COLOR-cac-150px.jpg","contentUrl":"https:\/\/jeyjo.es\/blog\/wp-content\/uploads\/2023\/10\/LOGOTIPO-COLOR-cac-150px.jpg","width":1771,"height":1006,"caption":"Jeyjo Material de Oficina"},"image":{"@id":"https:\/\/jeyjo.es\/blog\/#\/schema\/logo\/image\/"},"sameAs":["https:\/\/www.facebook.com\/jeyjo.papeleria.9","https:\/\/x.com\/jeyjooficinas","https:\/\/www.youtube.com\/channel\/UCUNp2bZMllJUVIAMZYdGZ8Q","https:\/\/www.instagram.com\/jeyjomaterialdeoficina\/","https:\/\/www.linkedin.com\/in\/jeyjo-material-de-oficina-aba48b49"]},{"@type":"Person","@id":"https:\/\/jeyjo.es\/blog\/#\/schema\/person\/27b39b68644e2843617b9eb0877b528b","name":"Jos\u00e9 Antonio","image":{"@type":"ImageObject","inLanguage":"es","@id":"https:\/\/secure.gravatar.com\/avatar\/e8bbcf4f7a3e91ea18ca5e076249495fd4bcbc0c9bd4e3fb6c8294649ec86fcc?s=96&d=mm&r=g","url":"https:\/\/secure.gravatar.com\/avatar\/e8bbcf4f7a3e91ea18ca5e076249495fd4bcbc0c9bd4e3fb6c8294649ec86fcc?s=96&d=mm&r=g","contentUrl":"https:\/\/secure.gravatar.com\/avatar\/e8bbcf4f7a3e91ea18ca5e076249495fd4bcbc0c9bd4e3fb6c8294649ec86fcc?s=96&d=mm&r=g","caption":"Jos\u00e9 Antonio"},"sameAs":["http:\/\/jeyjo.es\/blog"],"url":"https:\/\/jeyjo.es\/blog\/index.php\/author\/programador\/"}]}},"_links":{"self":[{"href":"https:\/\/jeyjo.es\/blog\/index.php\/wp-json\/wp\/v2\/posts\/72","targetHints":{"allow":["GET"]}}],"collection":[{"href":"https:\/\/jeyjo.es\/blog\/index.php\/wp-json\/wp\/v2\/posts"}],"about":[{"href":"https:\/\/jeyjo.es\/blog\/index.php\/wp-json\/wp\/v2\/types\/post"}],"author":[{"embeddable":true,"href":"https:\/\/jeyjo.es\/blog\/index.php\/wp-json\/wp\/v2\/users\/1"}],"replies":[{"embeddable":true,"href":"https:\/\/jeyjo.es\/blog\/index.php\/wp-json\/wp\/v2\/comments?post=72"}],"version-history":[{"count":1,"href":"https:\/\/jeyjo.es\/blog\/index.php\/wp-json\/wp\/v2\/posts\/72\/revisions"}],"predecessor-version":[{"id":74,"href":"https:\/\/jeyjo.es\/blog\/index.php\/wp-json\/wp\/v2\/posts\/72\/revisions\/74"}],"wp:featuredmedia":[{"embeddable":true,"href":"https:\/\/jeyjo.es\/blog\/index.php\/wp-json\/wp\/v2\/media\/73"}],"wp:attachment":[{"href":"https:\/\/jeyjo.es\/blog\/index.php\/wp-json\/wp\/v2\/media?parent=72"}],"wp:term":[{"taxonomy":"category","embeddable":true,"href":"https:\/\/jeyjo.es\/blog\/index.php\/wp-json\/wp\/v2\/categories?post=72"},{"taxonomy":"post_tag","embeddable":true,"href":"https:\/\/jeyjo.es\/blog\/index.php\/wp-json\/wp\/v2\/tags?post=72"}],"curies":[{"name":"wp","href":"https:\/\/api.w.org\/{rel}","templated":true}]}}