{"id":62,"date":"2023-10-25T18:46:04","date_gmt":"2023-10-25T16:46:04","guid":{"rendered":"https:\/\/jeyjo.es\/blog\/?p=62"},"modified":"2023-10-25T18:46:04","modified_gmt":"2023-10-25T16:46:04","slug":"nuevo-sistema-colectivo-de-recyclia-para-recoger-y-reciclar-los-envases-comerciales-e-industriales","status":"publish","type":"post","link":"https:\/\/jeyjo.es\/blog\/index.php\/2023\/10\/25\/nuevo-sistema-colectivo-de-recyclia-para-recoger-y-reciclar-los-envases-comerciales-e-industriales\/","title":{"rendered":"NUEVO SISTEMA COLECTIVO DE RECYCLIA PARA RECOGER Y RECICLAR LOS ENVASES COMERCIALES E INDUSTRIALES"},"content":{"rendered":"\n<p>Recyclia pondr\u00e1 en marcha un sistema colectivo para recoger y reciclar los envases comerciales e industriales, una nueva tipolog\u00eda de residuos cuya gesti\u00f3n deben organizar y financiar sus fabricantes por primera vez en nuestro pa\u00eds, seg\u00fan el Decreto de Envases y Residuos de Envases aprobado por el Gobierno el pasado diciembre. Recyclia contin\u00faa as\u00ed expandiendo su infraestructura de gesti\u00f3n a nuevos flujos de residuos que se suman a los de paneles fotovoltaicos, bater\u00edas de veh\u00edculos de movilidad el\u00e9ctrica y cartuchos de impresi\u00f3n incorporados a lo largo de sus diez a\u00f1os de actividad.<\/p>\n\n\n\n<p><strong>Recyclia ofrecer\u00e1 una soluci\u00f3n integral de gesti\u00f3n a las m\u00e1s de 1.150 empresas fabricantes e importadoras de aparatos electr\u00f3nicos y pilas adheridas a sus sistemas colectivos y afectadas por esta normativa, as\u00ed como al resto de agentes de la cadena de valor de este tipo de envases, tales como envasadores y plataformas log\u00edsticas o de comercio electr\u00f3nico.<\/strong><\/p>\n\n\n\n<p>Seg\u00fan Jos\u00e9 P\u00e9rez, consejero delegado de Recyclia,&nbsp;<em>\u201cseg\u00fan nuestras estimaciones,<strong>&nbsp;m\u00e1s del 85% de los productores de aparatos electr\u00f3nicos y de pilas adheridos a Recyclia est\u00e1n afectados por este Real Decreto.<\/strong>&nbsp;Por ello, hemos reaccionado r\u00e1pidamente para ofrecerles una soluci\u00f3n eficaz, operativa y garantista del cumplimiento de la normativa, de una forma centralizada y en sinergia con el resto de los sistemas colectivos que gestionamos\u201d.<\/em><\/p>\n\n\n\n<p>Recyclia aprovechar\u00e1 la flexibilidad y capacidad de adaptaci\u00f3n que le brindan sus diez a\u00f1os de experiencia como primera entidad administradora de sistemas colectivos de gesti\u00f3n de residuos de nuestro pa\u00eds, y sus m\u00e1s de dos d\u00e9cadas en el cumplimiento del principio de la responsabilidad ampliada del productor aplicada al reciclaje de aparatos electr\u00f3nicos y pilas y bater\u00edas.<\/p>\n\n\n\n<p>El nuevo sistema colectivo de \u00e1mbito estatal gestionar\u00e1 envases comerciales e industriales de todos los materiales y tanto de un solo uso como reutilizables. Previsiblemente, comenzar\u00e1 a operar a lo largo de 2023 y se sumar\u00e1 a los tres sistemas ya administrados por Recyclia: Ecoasimelec y Ecofim\u00e1tica, dedicados a la gesti\u00f3n de residuos electr\u00f3nicos, y Ecopilas, a la de pilas y bater\u00edas. Cabe recordar que la normativa establece que estas entidades deben estar operativas el 1 de enero de 2025.<\/p>\n\n\n\n<figure class=\"wp-block-image\"><img decoding=\"async\" src=\"https:\/\/blogger.googleusercontent.com\/img\/b\/R29vZ2xl\/AVvXsEi8SJxcnEAuqroSrF0RfUpHOt__weozPX2Zm2N8TSiPYlom4-6YeZLJtMNDMtjjCJIHOXxZDqUN3voz9YqDjD0N99bYtexThJgaZ4reIFAdK5CLfXYQmwO3E7Hzy0oIMnSu4iCP60JyX43xEJJIVeVRBsvpVOup9doCHKUBQtwMA33YEF1n7WEsecKY\/s1600\/logo-recyclia-10.jpg\" alt=\"\"\/><\/figure>\n\n\n\n<p><a href=\"https:\/\/www.blogger.com\/blog\/post\/edit\/9203335948979382529\/4229345584263474990#\"><\/a><\/p>\n\n\n\n<p><strong>Adaptaci\u00f3n de los productores a la nueva norma<\/strong><\/p>\n\n\n\n<p>Para facilitar la adaptaci\u00f3n a la normativa, Recyclia ha puesto en marcha un servicio de asesoramiento para que sus empresas adheridas cumplan en plazo las obligaciones m\u00e1s inmediatas establecidas para 2023. Concretamente, la entidad medioambiental acompa\u00f1a a sus empresas en su inscripci\u00f3n en la nueva secci\u00f3n de envases habilitada en el Registro de Productores de Producto dependiente del Ministerio para la Transici\u00f3n Ecol\u00f3gica y el Reto Demogr\u00e1fico.&nbsp;<strong>Durante el mes de marzo se est\u00e1n celebrando numerosos webinars, con participaci\u00f3n de decenas de productores, para conocer las necesidades de las empresas adheridas en los distintos sectores y buscar las mejores soluciones para cada una de ellas.<\/strong><\/p>\n\n\n\n<p>Asimismo, asesora a sus adheridos en la presentaci\u00f3n de su declaraci\u00f3n anual de envases puestos en el mercado. En concreto, este a\u00f1o los productores deben presentar las declaraciones correspondientes a los a\u00f1os 2021 y 2022.<\/p>\n\n\n\n<p>Por \u00faltimo, cabe recordar que,&nbsp;<strong>hasta la entrada en vigor del nuevo texto, la obligaci\u00f3n de gestionar de forma sostenible los envases s\u00f3lo se aplicaba a los dom\u00e9sticos, cuya responsabilidad recae en el usuario final.<\/strong>&nbsp;En el caso de los envases comerciales e industriales, su gesti\u00f3n era realizada por los fabricantes de forma voluntaria, mediante iniciativas propias.<\/p>\n\n\n\n<p>Fuente: Recyclia<\/p>\n","protected":false},"excerpt":{"rendered":"<p class=\"text-justify\">Recyclia pondr\u00e1 en marcha un sistema colectivo para recoger y reciclar los envases comerciales e industriales, una nueva tipolog\u00eda de residuos cuya gesti\u00f3n deben organizar y financiar sus fabricantes por primera vez en nuestro pa\u00eds, seg\u00fan el Decreto de Envases y Residuos de Envases aprobado por el Gobierno el pasado diciembre. Recyclia contin\u00faa as\u00ed expandiendo su infraestructura de gesti\u00f3n a nuevos flujos de residuos que se suman a los de paneles fotovoltaicos, bater\u00edas de veh\u00edculos de movilidad el\u00e9ctrica y cartuchos de impresi\u00f3n incorporados a lo largo de sus diez a\u00f1os de actividad.<\/p>\n","protected":false},"author":1,"featured_media":63,"comment_status":"open","ping_status":"open","sticky":false,"template":"","format":"standard","meta":{"footnotes":""},"categories":[11],"tags":[79,78,82,74,80,83,9,75,84,77,76,81],"class_list":["post-62","post","type-post","status-publish","format-standard","has-post-thumbnail","hentry","category-noticias","tag-baterias-de-vehiculos","tag-ecoasimelec","tag-ecofimatica","tag-ecopilas","tag-envases-comerciales","tag-envases-y-residuos","tag-jeyjo","tag-paneles-fotovoltaicos","tag-rciclado","tag-real-decreto","tag-reciclaje","tag-recyclia"],"yoast_head":"<!-- This site is optimized with the Yoast SEO plugin v27.5 - https:\/\/yoast.com\/product\/yoast-seo-wordpress\/ -->\n<title>NUEVO SISTEMA COLECTIVO DE RECYCLIA PARA RECOGER Y RECICLAR LOS ENVASES COMERCIALES E INDUSTRIALES - Jeyjo<\/title>\n<meta name=\"robots\" content=\"index, follow, max-snippet:-1, max-image-preview:large, max-video-preview:-1\" \/>\n<link rel=\"canonical\" href=\"https:\/\/jeyjo.es\/blog\/index.php\/2023\/10\/25\/nuevo-sistema-colectivo-de-recyclia-para-recoger-y-reciclar-los-envases-comerciales-e-industriales\/\" \/>\n<meta property=\"og:locale\" content=\"es_ES\" \/>\n<meta property=\"og:type\" content=\"article\" \/>\n<meta property=\"og:title\" content=\"NUEVO SISTEMA COLECTIVO DE RECYCLIA PARA RECOGER Y RECICLAR LOS ENVASES COMERCIALES E INDUSTRIALES - Jeyjo\" \/>\n<meta property=\"og:description\" content=\"Recyclia pondr\u00e1 en marcha un sistema colectivo para recoger y reciclar los envases comerciales e industriales, una nueva tipolog\u00eda de residuos cuya gesti\u00f3n deben organizar y financiar sus fabricantes por primera vez en nuestro pa\u00eds, seg\u00fan el Decreto de Envases y Residuos de Envases aprobado por el Gobierno el pasado diciembre. Recyclia contin\u00faa as\u00ed expandiendo su infraestructura de gesti\u00f3n a nuevos flujos de residuos que se suman a los de paneles fotovoltaicos, bater\u00edas de veh\u00edculos de movilidad el\u00e9ctrica y cartuchos de impresi\u00f3n incorporados a lo largo de sus diez a\u00f1os de actividad.\" \/>\n<meta property=\"og:url\" content=\"https:\/\/jeyjo.es\/blog\/index.php\/2023\/10\/25\/nuevo-sistema-colectivo-de-recyclia-para-recoger-y-reciclar-los-envases-comerciales-e-industriales\/\" \/>\n<meta property=\"og:site_name\" content=\"Jeyjo\" \/>\n<meta property=\"article:publisher\" content=\"https:\/\/www.facebook.com\/jeyjo.papeleria.9\" \/>\n<meta property=\"article:published_time\" content=\"2023-10-25T16:46:04+00:00\" \/>\n<meta property=\"og:image\" content=\"https:\/\/jeyjo.es\/blog\/wp-content\/uploads\/2023\/10\/NUEVO-SISTEMA-COLECTIVO-DE-RECYCLIA-PARA-RECOGER-Y-RECICLAR-LOS-ENVASES-COMERCIALES-E-INDUSTRIALES.jpg\" \/>\n\t<meta property=\"og:image:width\" content=\"300\" \/>\n\t<meta property=\"og:image:height\" content=\"128\" \/>\n\t<meta property=\"og:image:type\" content=\"image\/jpeg\" \/>\n<meta name=\"author\" content=\"Jos\u00e9 Antonio\" \/>\n<meta name=\"twitter:card\" content=\"summary_large_image\" \/>\n<meta name=\"twitter:creator\" content=\"@jeyjooficinas\" \/>\n<meta name=\"twitter:site\" content=\"@jeyjooficinas\" \/>\n<meta name=\"twitter:label1\" content=\"Escrito por\" \/>\n\t<meta name=\"twitter:data1\" content=\"Jos\u00e9 Antonio\" \/>\n\t<meta name=\"twitter:label2\" content=\"Tiempo de lectura\" \/>\n\t<meta name=\"twitter:data2\" content=\"3 minutos\" \/>\n<script type=\"application\/ld+json\" class=\"yoast-schema-graph\">{\"@context\":\"https:\\\/\\\/schema.org\",\"@graph\":[{\"@type\":\"Article\",\"@id\":\"https:\\\/\\\/jeyjo.es\\\/blog\\\/index.php\\\/2023\\\/10\\\/25\\\/nuevo-sistema-colectivo-de-recyclia-para-recoger-y-reciclar-los-envases-comerciales-e-industriales\\\/#article\",\"isPartOf\":{\"@id\":\"https:\\\/\\\/jeyjo.es\\\/blog\\\/index.php\\\/2023\\\/10\\\/25\\\/nuevo-sistema-colectivo-de-recyclia-para-recoger-y-reciclar-los-envases-comerciales-e-industriales\\\/\"},\"author\":{\"name\":\"Jos\u00e9 Antonio\",\"@id\":\"https:\\\/\\\/jeyjo.es\\\/blog\\\/#\\\/schema\\\/person\\\/27b39b68644e2843617b9eb0877b528b\"},\"headline\":\"NUEVO SISTEMA COLECTIVO DE RECYCLIA PARA RECOGER Y RECICLAR LOS ENVASES COMERCIALES E INDUSTRIALES\",\"datePublished\":\"2023-10-25T16:46:04+00:00\",\"mainEntityOfPage\":{\"@id\":\"https:\\\/\\\/jeyjo.es\\\/blog\\\/index.php\\\/2023\\\/10\\\/25\\\/nuevo-sistema-colectivo-de-recyclia-para-recoger-y-reciclar-los-envases-comerciales-e-industriales\\\/\"},\"wordCount\":626,\"commentCount\":0,\"publisher\":{\"@id\":\"https:\\\/\\\/jeyjo.es\\\/blog\\\/#organization\"},\"image\":{\"@id\":\"https:\\\/\\\/jeyjo.es\\\/blog\\\/index.php\\\/2023\\\/10\\\/25\\\/nuevo-sistema-colectivo-de-recyclia-para-recoger-y-reciclar-los-envases-comerciales-e-industriales\\\/#primaryimage\"},\"thumbnailUrl\":\"https:\\\/\\\/jeyjo.es\\\/blog\\\/wp-content\\\/uploads\\\/2023\\\/10\\\/NUEVO-SISTEMA-COLECTIVO-DE-RECYCLIA-PARA-RECOGER-Y-RECICLAR-LOS-ENVASES-COMERCIALES-E-INDUSTRIALES.jpg\",\"keywords\":[\"baterias de vehiculos\",\"ecoasimelec\",\"ecofimatica\",\"ecopilas\",\"envases comerciales\",\"envases y residuos\",\"jeyjo\",\"paneles fotovoltaicos\",\"rciclado\",\"real decreto\",\"reciclaje\",\"recyclia\"],\"articleSection\":[\"Noticias\"],\"inLanguage\":\"es\",\"potentialAction\":[{\"@type\":\"CommentAction\",\"name\":\"Comment\",\"target\":[\"https:\\\/\\\/jeyjo.es\\\/blog\\\/index.php\\\/2023\\\/10\\\/25\\\/nuevo-sistema-colectivo-de-recyclia-para-recoger-y-reciclar-los-envases-comerciales-e-industriales\\\/#respond\"]}]},{\"@type\":\"WebPage\",\"@id\":\"https:\\\/\\\/jeyjo.es\\\/blog\\\/index.php\\\/2023\\\/10\\\/25\\\/nuevo-sistema-colectivo-de-recyclia-para-recoger-y-reciclar-los-envases-comerciales-e-industriales\\\/\",\"url\":\"https:\\\/\\\/jeyjo.es\\\/blog\\\/index.php\\\/2023\\\/10\\\/25\\\/nuevo-sistema-colectivo-de-recyclia-para-recoger-y-reciclar-los-envases-comerciales-e-industriales\\\/\",\"name\":\"NUEVO SISTEMA COLECTIVO DE RECYCLIA PARA RECOGER Y RECICLAR LOS ENVASES COMERCIALES E INDUSTRIALES - Jeyjo\",\"isPartOf\":{\"@id\":\"https:\\\/\\\/jeyjo.es\\\/blog\\\/#website\"},\"primaryImageOfPage\":{\"@id\":\"https:\\\/\\\/jeyjo.es\\\/blog\\\/index.php\\\/2023\\\/10\\\/25\\\/nuevo-sistema-colectivo-de-recyclia-para-recoger-y-reciclar-los-envases-comerciales-e-industriales\\\/#primaryimage\"},\"image\":{\"@id\":\"https:\\\/\\\/jeyjo.es\\\/blog\\\/index.php\\\/2023\\\/10\\\/25\\\/nuevo-sistema-colectivo-de-recyclia-para-recoger-y-reciclar-los-envases-comerciales-e-industriales\\\/#primaryimage\"},\"thumbnailUrl\":\"https:\\\/\\\/jeyjo.es\\\/blog\\\/wp-content\\\/uploads\\\/2023\\\/10\\\/NUEVO-SISTEMA-COLECTIVO-DE-RECYCLIA-PARA-RECOGER-Y-RECICLAR-LOS-ENVASES-COMERCIALES-E-INDUSTRIALES.jpg\",\"datePublished\":\"2023-10-25T16:46:04+00:00\",\"breadcrumb\":{\"@id\":\"https:\\\/\\\/jeyjo.es\\\/blog\\\/index.php\\\/2023\\\/10\\\/25\\\/nuevo-sistema-colectivo-de-recyclia-para-recoger-y-reciclar-los-envases-comerciales-e-industriales\\\/#breadcrumb\"},\"inLanguage\":\"es\",\"potentialAction\":[{\"@type\":\"ReadAction\",\"target\":[\"https:\\\/\\\/jeyjo.es\\\/blog\\\/index.php\\\/2023\\\/10\\\/25\\\/nuevo-sistema-colectivo-de-recyclia-para-recoger-y-reciclar-los-envases-comerciales-e-industriales\\\/\"]}]},{\"@type\":\"ImageObject\",\"inLanguage\":\"es\",\"@id\":\"https:\\\/\\\/jeyjo.es\\\/blog\\\/index.php\\\/2023\\\/10\\\/25\\\/nuevo-sistema-colectivo-de-recyclia-para-recoger-y-reciclar-los-envases-comerciales-e-industriales\\\/#primaryimage\",\"url\":\"https:\\\/\\\/jeyjo.es\\\/blog\\\/wp-content\\\/uploads\\\/2023\\\/10\\\/NUEVO-SISTEMA-COLECTIVO-DE-RECYCLIA-PARA-RECOGER-Y-RECICLAR-LOS-ENVASES-COMERCIALES-E-INDUSTRIALES.jpg\",\"contentUrl\":\"https:\\\/\\\/jeyjo.es\\\/blog\\\/wp-content\\\/uploads\\\/2023\\\/10\\\/NUEVO-SISTEMA-COLECTIVO-DE-RECYCLIA-PARA-RECOGER-Y-RECICLAR-LOS-ENVASES-COMERCIALES-E-INDUSTRIALES.jpg\",\"width\":300,\"height\":128},{\"@type\":\"BreadcrumbList\",\"@id\":\"https:\\\/\\\/jeyjo.es\\\/blog\\\/index.php\\\/2023\\\/10\\\/25\\\/nuevo-sistema-colectivo-de-recyclia-para-recoger-y-reciclar-los-envases-comerciales-e-industriales\\\/#breadcrumb\",\"itemListElement\":[{\"@type\":\"ListItem\",\"position\":1,\"name\":\"Portada\",\"item\":\"https:\\\/\\\/jeyjo.es\\\/blog\\\/\"},{\"@type\":\"ListItem\",\"position\":2,\"name\":\"NUEVO SISTEMA COLECTIVO DE RECYCLIA PARA RECOGER Y RECICLAR LOS ENVASES COMERCIALES E INDUSTRIALES\"}]},{\"@type\":\"WebSite\",\"@id\":\"https:\\\/\\\/jeyjo.es\\\/blog\\\/#website\",\"url\":\"https:\\\/\\\/jeyjo.es\\\/blog\\\/\",\"name\":\"Blog para conocer todo sobre la oficina y el colegio\",\"description\":\"El Blog de tu Oficina - Expertos en Material de Oficina, Papeler\u00eda y Mobiliario\",\"publisher\":{\"@id\":\"https:\\\/\\\/jeyjo.es\\\/blog\\\/#organization\"},\"potentialAction\":[{\"@type\":\"SearchAction\",\"target\":{\"@type\":\"EntryPoint\",\"urlTemplate\":\"https:\\\/\\\/jeyjo.es\\\/blog\\\/?s={search_term_string}\"},\"query-input\":{\"@type\":\"PropertyValueSpecification\",\"valueRequired\":true,\"valueName\":\"search_term_string\"}}],\"inLanguage\":\"es\"},{\"@type\":\"Organization\",\"@id\":\"https:\\\/\\\/jeyjo.es\\\/blog\\\/#organization\",\"name\":\"Jeyjo Material de Oficina\",\"url\":\"https:\\\/\\\/jeyjo.es\\\/blog\\\/\",\"logo\":{\"@type\":\"ImageObject\",\"inLanguage\":\"es\",\"@id\":\"https:\\\/\\\/jeyjo.es\\\/blog\\\/#\\\/schema\\\/logo\\\/image\\\/\",\"url\":\"https:\\\/\\\/jeyjo.es\\\/blog\\\/wp-content\\\/uploads\\\/2023\\\/10\\\/LOGOTIPO-COLOR-cac-150px.jpg\",\"contentUrl\":\"https:\\\/\\\/jeyjo.es\\\/blog\\\/wp-content\\\/uploads\\\/2023\\\/10\\\/LOGOTIPO-COLOR-cac-150px.jpg\",\"width\":1771,\"height\":1006,\"caption\":\"Jeyjo Material de Oficina\"},\"image\":{\"@id\":\"https:\\\/\\\/jeyjo.es\\\/blog\\\/#\\\/schema\\\/logo\\\/image\\\/\"},\"sameAs\":[\"https:\\\/\\\/www.facebook.com\\\/jeyjo.papeleria.9\",\"https:\\\/\\\/x.com\\\/jeyjooficinas\",\"https:\\\/\\\/www.youtube.com\\\/channel\\\/UCUNp2bZMllJUVIAMZYdGZ8Q\",\"https:\\\/\\\/www.instagram.com\\\/jeyjomaterialdeoficina\\\/\",\"https:\\\/\\\/www.linkedin.com\\\/in\\\/jeyjo-material-de-oficina-aba48b49\"]},{\"@type\":\"Person\",\"@id\":\"https:\\\/\\\/jeyjo.es\\\/blog\\\/#\\\/schema\\\/person\\\/27b39b68644e2843617b9eb0877b528b\",\"name\":\"Jos\u00e9 Antonio\",\"image\":{\"@type\":\"ImageObject\",\"inLanguage\":\"es\",\"@id\":\"https:\\\/\\\/secure.gravatar.com\\\/avatar\\\/e8bbcf4f7a3e91ea18ca5e076249495fd4bcbc0c9bd4e3fb6c8294649ec86fcc?s=96&d=mm&r=g\",\"url\":\"https:\\\/\\\/secure.gravatar.com\\\/avatar\\\/e8bbcf4f7a3e91ea18ca5e076249495fd4bcbc0c9bd4e3fb6c8294649ec86fcc?s=96&d=mm&r=g\",\"contentUrl\":\"https:\\\/\\\/secure.gravatar.com\\\/avatar\\\/e8bbcf4f7a3e91ea18ca5e076249495fd4bcbc0c9bd4e3fb6c8294649ec86fcc?s=96&d=mm&r=g\",\"caption\":\"Jos\u00e9 Antonio\"},\"sameAs\":[\"http:\\\/\\\/jeyjo.es\\\/blog\"],\"url\":\"https:\\\/\\\/jeyjo.es\\\/blog\\\/index.php\\\/author\\\/programador\\\/\"}]}<\/script>\n<!-- \/ Yoast SEO plugin. -->","yoast_head_json":{"title":"NUEVO SISTEMA COLECTIVO DE RECYCLIA PARA RECOGER Y RECICLAR LOS ENVASES COMERCIALES E INDUSTRIALES - Jeyjo","robots":{"index":"index","follow":"follow","max-snippet":"max-snippet:-1","max-image-preview":"max-image-preview:large","max-video-preview":"max-video-preview:-1"},"canonical":"https:\/\/jeyjo.es\/blog\/index.php\/2023\/10\/25\/nuevo-sistema-colectivo-de-recyclia-para-recoger-y-reciclar-los-envases-comerciales-e-industriales\/","og_locale":"es_ES","og_type":"article","og_title":"NUEVO SISTEMA COLECTIVO DE RECYCLIA PARA RECOGER Y RECICLAR LOS ENVASES COMERCIALES E INDUSTRIALES - Jeyjo","og_description":"Recyclia pondr\u00e1 en marcha un sistema colectivo para recoger y reciclar los envases comerciales e industriales, una nueva tipolog\u00eda de residuos cuya gesti\u00f3n deben organizar y financiar sus fabricantes por primera vez en nuestro pa\u00eds, seg\u00fan el Decreto de Envases y Residuos de Envases aprobado por el Gobierno el pasado diciembre. Recyclia contin\u00faa as\u00ed expandiendo su infraestructura de gesti\u00f3n a nuevos flujos de residuos que se suman a los de paneles fotovoltaicos, bater\u00edas de veh\u00edculos de movilidad el\u00e9ctrica y cartuchos de impresi\u00f3n incorporados a lo largo de sus diez a\u00f1os de actividad.","og_url":"https:\/\/jeyjo.es\/blog\/index.php\/2023\/10\/25\/nuevo-sistema-colectivo-de-recyclia-para-recoger-y-reciclar-los-envases-comerciales-e-industriales\/","og_site_name":"Jeyjo","article_publisher":"https:\/\/www.facebook.com\/jeyjo.papeleria.9","article_published_time":"2023-10-25T16:46:04+00:00","og_image":[{"width":300,"height":128,"url":"https:\/\/jeyjo.es\/blog\/wp-content\/uploads\/2023\/10\/NUEVO-SISTEMA-COLECTIVO-DE-RECYCLIA-PARA-RECOGER-Y-RECICLAR-LOS-ENVASES-COMERCIALES-E-INDUSTRIALES.jpg","type":"image\/jpeg"}],"author":"Jos\u00e9 Antonio","twitter_card":"summary_large_image","twitter_creator":"@jeyjooficinas","twitter_site":"@jeyjooficinas","twitter_misc":{"Escrito por":"Jos\u00e9 Antonio","Tiempo de lectura":"3 minutos"},"schema":{"@context":"https:\/\/schema.org","@graph":[{"@type":"Article","@id":"https:\/\/jeyjo.es\/blog\/index.php\/2023\/10\/25\/nuevo-sistema-colectivo-de-recyclia-para-recoger-y-reciclar-los-envases-comerciales-e-industriales\/#article","isPartOf":{"@id":"https:\/\/jeyjo.es\/blog\/index.php\/2023\/10\/25\/nuevo-sistema-colectivo-de-recyclia-para-recoger-y-reciclar-los-envases-comerciales-e-industriales\/"},"author":{"name":"Jos\u00e9 Antonio","@id":"https:\/\/jeyjo.es\/blog\/#\/schema\/person\/27b39b68644e2843617b9eb0877b528b"},"headline":"NUEVO SISTEMA COLECTIVO DE RECYCLIA PARA RECOGER Y RECICLAR LOS ENVASES COMERCIALES E INDUSTRIALES","datePublished":"2023-10-25T16:46:04+00:00","mainEntityOfPage":{"@id":"https:\/\/jeyjo.es\/blog\/index.php\/2023\/10\/25\/nuevo-sistema-colectivo-de-recyclia-para-recoger-y-reciclar-los-envases-comerciales-e-industriales\/"},"wordCount":626,"commentCount":0,"publisher":{"@id":"https:\/\/jeyjo.es\/blog\/#organization"},"image":{"@id":"https:\/\/jeyjo.es\/blog\/index.php\/2023\/10\/25\/nuevo-sistema-colectivo-de-recyclia-para-recoger-y-reciclar-los-envases-comerciales-e-industriales\/#primaryimage"},"thumbnailUrl":"https:\/\/jeyjo.es\/blog\/wp-content\/uploads\/2023\/10\/NUEVO-SISTEMA-COLECTIVO-DE-RECYCLIA-PARA-RECOGER-Y-RECICLAR-LOS-ENVASES-COMERCIALES-E-INDUSTRIALES.jpg","keywords":["baterias de vehiculos","ecoasimelec","ecofimatica","ecopilas","envases comerciales","envases y residuos","jeyjo","paneles fotovoltaicos","rciclado","real decreto","reciclaje","recyclia"],"articleSection":["Noticias"],"inLanguage":"es","potentialAction":[{"@type":"CommentAction","name":"Comment","target":["https:\/\/jeyjo.es\/blog\/index.php\/2023\/10\/25\/nuevo-sistema-colectivo-de-recyclia-para-recoger-y-reciclar-los-envases-comerciales-e-industriales\/#respond"]}]},{"@type":"WebPage","@id":"https:\/\/jeyjo.es\/blog\/index.php\/2023\/10\/25\/nuevo-sistema-colectivo-de-recyclia-para-recoger-y-reciclar-los-envases-comerciales-e-industriales\/","url":"https:\/\/jeyjo.es\/blog\/index.php\/2023\/10\/25\/nuevo-sistema-colectivo-de-recyclia-para-recoger-y-reciclar-los-envases-comerciales-e-industriales\/","name":"NUEVO SISTEMA COLECTIVO DE RECYCLIA PARA RECOGER Y RECICLAR LOS ENVASES COMERCIALES E INDUSTRIALES - Jeyjo","isPartOf":{"@id":"https:\/\/jeyjo.es\/blog\/#website"},"primaryImageOfPage":{"@id":"https:\/\/jeyjo.es\/blog\/index.php\/2023\/10\/25\/nuevo-sistema-colectivo-de-recyclia-para-recoger-y-reciclar-los-envases-comerciales-e-industriales\/#primaryimage"},"image":{"@id":"https:\/\/jeyjo.es\/blog\/index.php\/2023\/10\/25\/nuevo-sistema-colectivo-de-recyclia-para-recoger-y-reciclar-los-envases-comerciales-e-industriales\/#primaryimage"},"thumbnailUrl":"https:\/\/jeyjo.es\/blog\/wp-content\/uploads\/2023\/10\/NUEVO-SISTEMA-COLECTIVO-DE-RECYCLIA-PARA-RECOGER-Y-RECICLAR-LOS-ENVASES-COMERCIALES-E-INDUSTRIALES.jpg","datePublished":"2023-10-25T16:46:04+00:00","breadcrumb":{"@id":"https:\/\/jeyjo.es\/blog\/index.php\/2023\/10\/25\/nuevo-sistema-colectivo-de-recyclia-para-recoger-y-reciclar-los-envases-comerciales-e-industriales\/#breadcrumb"},"inLanguage":"es","potentialAction":[{"@type":"ReadAction","target":["https:\/\/jeyjo.es\/blog\/index.php\/2023\/10\/25\/nuevo-sistema-colectivo-de-recyclia-para-recoger-y-reciclar-los-envases-comerciales-e-industriales\/"]}]},{"@type":"ImageObject","inLanguage":"es","@id":"https:\/\/jeyjo.es\/blog\/index.php\/2023\/10\/25\/nuevo-sistema-colectivo-de-recyclia-para-recoger-y-reciclar-los-envases-comerciales-e-industriales\/#primaryimage","url":"https:\/\/jeyjo.es\/blog\/wp-content\/uploads\/2023\/10\/NUEVO-SISTEMA-COLECTIVO-DE-RECYCLIA-PARA-RECOGER-Y-RECICLAR-LOS-ENVASES-COMERCIALES-E-INDUSTRIALES.jpg","contentUrl":"https:\/\/jeyjo.es\/blog\/wp-content\/uploads\/2023\/10\/NUEVO-SISTEMA-COLECTIVO-DE-RECYCLIA-PARA-RECOGER-Y-RECICLAR-LOS-ENVASES-COMERCIALES-E-INDUSTRIALES.jpg","width":300,"height":128},{"@type":"BreadcrumbList","@id":"https:\/\/jeyjo.es\/blog\/index.php\/2023\/10\/25\/nuevo-sistema-colectivo-de-recyclia-para-recoger-y-reciclar-los-envases-comerciales-e-industriales\/#breadcrumb","itemListElement":[{"@type":"ListItem","position":1,"name":"Portada","item":"https:\/\/jeyjo.es\/blog\/"},{"@type":"ListItem","position":2,"name":"NUEVO SISTEMA COLECTIVO DE RECYCLIA PARA RECOGER Y RECICLAR LOS ENVASES COMERCIALES E INDUSTRIALES"}]},{"@type":"WebSite","@id":"https:\/\/jeyjo.es\/blog\/#website","url":"https:\/\/jeyjo.es\/blog\/","name":"Blog para conocer todo sobre la oficina y el colegio","description":"El Blog de tu Oficina - Expertos en Material de Oficina, Papeler\u00eda y Mobiliario","publisher":{"@id":"https:\/\/jeyjo.es\/blog\/#organization"},"potentialAction":[{"@type":"SearchAction","target":{"@type":"EntryPoint","urlTemplate":"https:\/\/jeyjo.es\/blog\/?s={search_term_string}"},"query-input":{"@type":"PropertyValueSpecification","valueRequired":true,"valueName":"search_term_string"}}],"inLanguage":"es"},{"@type":"Organization","@id":"https:\/\/jeyjo.es\/blog\/#organization","name":"Jeyjo Material de Oficina","url":"https:\/\/jeyjo.es\/blog\/","logo":{"@type":"ImageObject","inLanguage":"es","@id":"https:\/\/jeyjo.es\/blog\/#\/schema\/logo\/image\/","url":"https:\/\/jeyjo.es\/blog\/wp-content\/uploads\/2023\/10\/LOGOTIPO-COLOR-cac-150px.jpg","contentUrl":"https:\/\/jeyjo.es\/blog\/wp-content\/uploads\/2023\/10\/LOGOTIPO-COLOR-cac-150px.jpg","width":1771,"height":1006,"caption":"Jeyjo Material de Oficina"},"image":{"@id":"https:\/\/jeyjo.es\/blog\/#\/schema\/logo\/image\/"},"sameAs":["https:\/\/www.facebook.com\/jeyjo.papeleria.9","https:\/\/x.com\/jeyjooficinas","https:\/\/www.youtube.com\/channel\/UCUNp2bZMllJUVIAMZYdGZ8Q","https:\/\/www.instagram.com\/jeyjomaterialdeoficina\/","https:\/\/www.linkedin.com\/in\/jeyjo-material-de-oficina-aba48b49"]},{"@type":"Person","@id":"https:\/\/jeyjo.es\/blog\/#\/schema\/person\/27b39b68644e2843617b9eb0877b528b","name":"Jos\u00e9 Antonio","image":{"@type":"ImageObject","inLanguage":"es","@id":"https:\/\/secure.gravatar.com\/avatar\/e8bbcf4f7a3e91ea18ca5e076249495fd4bcbc0c9bd4e3fb6c8294649ec86fcc?s=96&d=mm&r=g","url":"https:\/\/secure.gravatar.com\/avatar\/e8bbcf4f7a3e91ea18ca5e076249495fd4bcbc0c9bd4e3fb6c8294649ec86fcc?s=96&d=mm&r=g","contentUrl":"https:\/\/secure.gravatar.com\/avatar\/e8bbcf4f7a3e91ea18ca5e076249495fd4bcbc0c9bd4e3fb6c8294649ec86fcc?s=96&d=mm&r=g","caption":"Jos\u00e9 Antonio"},"sameAs":["http:\/\/jeyjo.es\/blog"],"url":"https:\/\/jeyjo.es\/blog\/index.php\/author\/programador\/"}]}},"_links":{"self":[{"href":"https:\/\/jeyjo.es\/blog\/index.php\/wp-json\/wp\/v2\/posts\/62","targetHints":{"allow":["GET"]}}],"collection":[{"href":"https:\/\/jeyjo.es\/blog\/index.php\/wp-json\/wp\/v2\/posts"}],"about":[{"href":"https:\/\/jeyjo.es\/blog\/index.php\/wp-json\/wp\/v2\/types\/post"}],"author":[{"embeddable":true,"href":"https:\/\/jeyjo.es\/blog\/index.php\/wp-json\/wp\/v2\/users\/1"}],"replies":[{"embeddable":true,"href":"https:\/\/jeyjo.es\/blog\/index.php\/wp-json\/wp\/v2\/comments?post=62"}],"version-history":[{"count":1,"href":"https:\/\/jeyjo.es\/blog\/index.php\/wp-json\/wp\/v2\/posts\/62\/revisions"}],"predecessor-version":[{"id":64,"href":"https:\/\/jeyjo.es\/blog\/index.php\/wp-json\/wp\/v2\/posts\/62\/revisions\/64"}],"wp:featuredmedia":[{"embeddable":true,"href":"https:\/\/jeyjo.es\/blog\/index.php\/wp-json\/wp\/v2\/media\/63"}],"wp:attachment":[{"href":"https:\/\/jeyjo.es\/blog\/index.php\/wp-json\/wp\/v2\/media?parent=62"}],"wp:term":[{"taxonomy":"category","embeddable":true,"href":"https:\/\/jeyjo.es\/blog\/index.php\/wp-json\/wp\/v2\/categories?post=62"},{"taxonomy":"post_tag","embeddable":true,"href":"https:\/\/jeyjo.es\/blog\/index.php\/wp-json\/wp\/v2\/tags?post=62"}],"curies":[{"name":"wp","href":"https:\/\/api.w.org\/{rel}","templated":true}]}}