{"id":606,"date":"2023-10-27T16:45:45","date_gmt":"2023-10-27T14:45:45","guid":{"rendered":"https:\/\/jeyjo.es\/blog\/?p=606"},"modified":"2023-10-27T16:45:46","modified_gmt":"2023-10-27T14:45:46","slug":"un-recorrido-por-la-infraestructura-industrial-y-logistica-de-rocada-fabricante-de-mobiliario-de-diseno-y-ergonomico-para-espacios-de-trabajo","status":"publish","type":"post","link":"https:\/\/jeyjo.es\/blog\/index.php\/2023\/10\/27\/un-recorrido-por-la-infraestructura-industrial-y-logistica-de-rocada-fabricante-de-mobiliario-de-diseno-y-ergonomico-para-espacios-de-trabajo\/","title":{"rendered":"Un recorrido por la infraestructura industrial y log\u00edstica de ROCADA, fabricante de mobiliario de dise\u00f1o y ergon\u00f3mico para espacios de trabajo"},"content":{"rendered":"\n<h2 class=\"wp-block-heading\">Una de las cualidades esenciales de la marca es su control sobre todos los procesos de la fabricaci\u00f3n de sus productos.<\/h2>\n\n\n\n<h3 class=\"wp-block-heading\"><\/h3>\n\n\n\n<figure class=\"wp-block-image size-full\"><img loading=\"lazy\" decoding=\"async\" width=\"970\" height=\"600\" src=\"https:\/\/jeyjo.es\/blog\/wp-content\/uploads\/2023\/10\/imagen-8.png\" alt=\"\" class=\"wp-image-615\" srcset=\"https:\/\/jeyjo.es\/blog\/wp-content\/uploads\/2023\/10\/imagen-8.png 970w, https:\/\/jeyjo.es\/blog\/wp-content\/uploads\/2023\/10\/imagen-8-300x186.png 300w, https:\/\/jeyjo.es\/blog\/wp-content\/uploads\/2023\/10\/imagen-8-768x475.png 768w\" sizes=\"auto, (max-width: 970px) 100vw, 970px\" \/><\/figure>\n\n\n\n<p><\/p>\n\n\n\n<p><em>\u2026EL FABRICANTE HA REALIZADO CAMBIOS TECNOL\u00d3GICOS IMPORTANTES PARA GARANTIZAR CALIDAD, STOCK Y ENTREGAS EN 24 HORAS EN ESPA\u00d1A Y EN SUS FILIALES EN EL EXTRANJERO.<\/em><\/p>\n\n\n\n<p><strong>En los movimientos actuales del mercado mundial no es frecuente contar con una marca que fabrique sus productos en sus propias instalaciones industriales, y en su pa\u00eds de origen. Por eso, el caso de ROCADA supone una excepci\u00f3n muy interesante, sobre la que es de justicia poner el acento.<\/strong><\/p>\n\n\n\n<p>La infraestructura industrial y log\u00edstica de este fabricante espa\u00f1ol le est\u00e1 permitiendo no s\u00f3lo atender satisfactoriamente a su mercado local, sino expandirse m\u00e1s all\u00e1, hacia Asia (Jap\u00f3n) y pa\u00edses europeos como Reino Unido. \u201cLa seguridad y rapidez en las entregas no s\u00f3lo requiere procesar los pedidos y distribuirlos en el menor tiempo posible, sino gestionar las existencias en los almacenes propios. Todo para cumplir nuestro objetivo: expedir productos de excelente calidad en s\u00f3lo 24 horas\u201d, explica Marc Roca (CEO de ROCADA).<\/p>\n\n\n\n<p>\u201c\u00bfQu\u00e9 lo hace posible? Ante todo, disponer de un stock permanente para asegurar el servicio sin interrupciones, y esto s\u00f3lo es posible controlando todos los procesos de la producci\u00f3n, como ocurre en nuestro caso.<\/p>\n\n\n\n<p>Detr\u00e1s de nuestras m\u00faltiples opciones de dise\u00f1o y ergonom\u00eda para espacios de trabajo se esconde la fabricaci\u00f3n y el control de calidad directo en nuestras instalaciones de 20.000 m2 de Taradell (Barcelona). Es lo que nos permite desarrollar nuevos productos en funci\u00f3n de las nuevas necesidades de nuestros clientes, y de las tendencias del consumo\u201d.<\/p>\n\n\n\n<h3 class=\"wp-block-heading\">MODERNAS INSTALACIONES<\/h3>\n\n\n\n<p>\u201cMi padre cre\u00f3 la empresa en 1976. En aquel entonces el 100% del negocio giraba en torno a las mesas de dibujo, pero en 1989 compramos las naves de una f\u00e1brica textil que entr\u00f3 en suspensi\u00f3n de pagos, e invertimos mucho dinero y esfuerzo para reconvertirla en lo que hoy es ROCADA\u201d. La f\u00e1brica actual incluye dos instalaciones: un recinto con varias naves en las que se ubican las oficinas, showroom y naves para la maquinaria de transformaci\u00f3n y elaboraci\u00f3n de los elementos met\u00e1licos del mobiliario, y un segundo complejo con los almacenes mecanizados.<\/p>\n\n\n\n<p>\u201cAdem\u00e1s, conservamos lo que era un antiguo convento en el que las mujeres que trabajaban en la f\u00e1brica textil dejaban a sus ni\u00f1os. Mi abuela trabaj\u00f3 aqu\u00ed, aunque ahora es una especie de casa solariega en la que viven mis padres y donde, en algunos casos, hospedamos a nuestros colaboradores extranjeros, proveedores y clientes que nos visitan\u201d. Lo cierto es que la f\u00e1brica ROCADA es actualmente un punto de referencia, humano, e incluso de tr\u00e1fico, para la comunidad rural en la que est\u00e1 asentada.<\/p>\n\n\n\n<p>\u201cEn 2006 la empresa adquiri\u00f3 otra nave aleda\u00f1a, que hoy es nuestra f\u00e1brica de madera, corte y laminado de melamina. Esta compra, m\u00e1s el valor a\u00f1adido de la maquinar\u00eda actual, que incluye modelos de alta tecnolog\u00eda desarrollados ex profeso para nosotros, nos permite reforzar la estructura de fabricaci\u00f3n para el sector del mobiliario de oficina, y posicionarnos como fabricante de prestigio internacional\u201d.<\/p>\n\n\n\n<h3 class=\"wp-block-heading\"><a href=\"https:\/\/www.blogger.com\/blog\/post\/edit\/9203335948979382529\/3300279317765284165?hl=es#\"><\/a><\/h3>\n\n\n\n<figure class=\"wp-block-image size-full\"><img loading=\"lazy\" decoding=\"async\" width=\"640\" height=\"380\" src=\"https:\/\/jeyjo.es\/blog\/wp-content\/uploads\/2023\/10\/imagen.png\" alt=\"\" class=\"wp-image-607\" srcset=\"https:\/\/jeyjo.es\/blog\/wp-content\/uploads\/2023\/10\/imagen.png 640w, https:\/\/jeyjo.es\/blog\/wp-content\/uploads\/2023\/10\/imagen-300x178.png 300w\" sizes=\"auto, (max-width: 640px) 100vw, 640px\" \/><\/figure>\n\n\n\n<p><em>\u201cNuestra maquinaria es muy reciente. Algunos modelos son de 2014, pero casi todas tienen menos de un a\u00f1o\u201d.<\/em><\/p>\n\n\n\n<h3 class=\"wp-block-heading\"><a href=\"https:\/\/www.blogger.com\/blog\/post\/edit\/9203335948979382529\/3300279317765284165?hl=es#\"><\/a><\/h3>\n\n\n\n<h3 class=\"wp-block-heading\"><a href=\"https:\/\/www.blogger.com\/blog\/post\/edit\/9203335948979382529\/3300279317765284165?hl=es#\"><\/a><\/h3>\n\n\n\n<figure class=\"wp-block-image size-full is-resized\"><img loading=\"lazy\" decoding=\"async\" width=\"273\" height=\"184\" src=\"https:\/\/jeyjo.es\/blog\/wp-content\/uploads\/2023\/10\/imagen-1.png\" alt=\"\" class=\"wp-image-608\" style=\"width:600px\"\/><\/figure>\n\n\n\n<p><em>\u201cNuestra principal materia prima son los tableros de aglomerado y DM. Con ellos fabricamos gran parte del mobiliario, pero tambi\u00e9n utilizamos chapa de acero para los componentes met\u00e1licos y para las pizarras lacadas\u201d.<\/em><\/p>\n\n\n\n<h3 class=\"wp-block-heading\">MEJORAS TECNOL\u00d3GICAS<\/h3>\n\n\n\n<p>\u201cEn los \u00faltimos a\u00f1os hemos ido renovando e incorporando importantes mejoras tecnol\u00f3gicas. Nuestra materia prima son los tableros de aglomerado y DM; es decir, madera en virutas prensada, que compramos en Espa\u00f1a y en Francia. La maquinaria que requiere su tratamiento tienen que ser muy profesional, porque es fundamental realizar cortes limpios para su recubrimiento no s\u00f3lo con melamina, sino tambi\u00e9n con otros acabados que exigen gran calidad.<\/p>\n\n\n\n<p>Nuestra maquinaria para estos trabajos es tan avanzada, que es capaz de lograr todos los detalles en el corte de la pieza sobre cualquier tablero de entre 2 m y 40 cm, lo mismo que las m\u00e1quinas para fijar la melamina \u2013si algo sale mal, no es posible la rectificaci\u00f3n\u2013, maquinaria para realizar el canteado, o para taladrar los agujeros necesarios para las patas, de manera que una misma estructura de tablero se pueda utilizar con distintos modelos\u201d, explica Marc Roca.<\/p>\n\n\n\n<h3 class=\"wp-block-heading\"><a href=\"https:\/\/www.blogger.com\/blog\/post\/edit\/9203335948979382529\/3300279317765284165?hl=es#\"><\/a><\/h3>\n\n\n\n<figure class=\"wp-block-image size-full\"><img loading=\"lazy\" decoding=\"async\" width=\"516\" height=\"285\" src=\"https:\/\/jeyjo.es\/blog\/wp-content\/uploads\/2023\/10\/imagen-4.png\" alt=\"\" class=\"wp-image-611\" srcset=\"https:\/\/jeyjo.es\/blog\/wp-content\/uploads\/2023\/10\/imagen-4.png 516w, https:\/\/jeyjo.es\/blog\/wp-content\/uploads\/2023\/10\/imagen-4-300x166.png 300w\" sizes=\"auto, (max-width: 516px) 100vw, 516px\" \/><\/figure>\n\n\n\n<p><em>\u201cTenemos maquinaria tan especializada como la llamada PLANET, de fabricaci\u00f3n italiana, que es la \u00fanica que hace formas o dise\u00f1os originales sobre aglomerado o DM\u201d.<\/em><\/p>\n\n\n\n<p>\u201cTenemos maquinaria tan especializada como la llamada PLANET, de fabricaci\u00f3n italiana, que es la \u00fanica que hace formas o dise\u00f1os originales sobre aglomerado o DM \u201d. La tecnolog\u00eda y maquinaria moderna de ROCADA le ha facilitado incluso el poder elaborar piezas para alg\u00fan competidor que no contaba con m\u00e1quinas id\u00f3neas. \u201cTambi\u00e9n fabricamos algunas piezas especiales no necesariamente de melamina, como, por ejemplo, de metacrilato, con el que trabajamos mucho en 2020\u201d.<\/p>\n\n\n\n<p>Entre las \u00faltimas adquisiciones en tecnolog\u00eda, \u201cquiero destacar, sobre todo, los brazos rob\u00f3ticos para embalaje que introdujimos durante la pandemia. El robot tiene que ajustarse exactamente a tus necesidades, y para ello es fundamental un buen programador y alguien que sepa muy bien lo que tiene que hacer. A partir de ah\u00ed, la m\u00e1quina trabaja sola. Se ha programado para que recoja el cart\u00f3n, lo desdoble, arme la caja y hasta introduzca el folleto de instrucciones de montaje del producto. Lo embala todo y cambia de unidad para coger una grapadora en lugar de fleje, y grapar por zonas. Este tipo de robots son cada vez m\u00e1s necesarios. \u00a1E incre\u00edbles!<\/p>\n\n\n\n<h3 class=\"wp-block-heading\"><a href=\"https:\/\/www.blogger.com\/blog\/post\/edit\/9203335948979382529\/3300279317765284165?hl=es#\"><\/a><\/h3>\n\n\n\n<figure class=\"wp-block-image size-full\"><img loading=\"lazy\" decoding=\"async\" width=\"368\" height=\"160\" src=\"https:\/\/jeyjo.es\/blog\/wp-content\/uploads\/2023\/10\/imagen-3.png\" alt=\"\" class=\"wp-image-610\" srcset=\"https:\/\/jeyjo.es\/blog\/wp-content\/uploads\/2023\/10\/imagen-3.png 368w, https:\/\/jeyjo.es\/blog\/wp-content\/uploads\/2023\/10\/imagen-3-300x130.png 300w\" sizes=\"auto, (max-width: 368px) 100vw, 368px\" \/><\/figure>\n\n\n\n<figure class=\"wp-block-image size-full\"><img loading=\"lazy\" decoding=\"async\" width=\"389\" height=\"206\" src=\"https:\/\/jeyjo.es\/blog\/wp-content\/uploads\/2023\/10\/imagen-2.png\" alt=\"\" class=\"wp-image-609\" srcset=\"https:\/\/jeyjo.es\/blog\/wp-content\/uploads\/2023\/10\/imagen-2.png 389w, https:\/\/jeyjo.es\/blog\/wp-content\/uploads\/2023\/10\/imagen-2-300x159.png 300w\" sizes=\"auto, (max-width: 389px) 100vw, 389px\" \/><\/figure>\n\n\n\n<p><em>\u201cLos brazos rob\u00f3ticos para embalaje los introdujimos durante la pandemia. Son m\u00e1quinas de coste muy elevado, pero compensan porque son muy precisas\u201d.<\/em><\/p>\n\n\n\n<h3 class=\"wp-block-heading\"><a href=\"https:\/\/www.blogger.com\/blog\/post\/edit\/9203335948979382529\/3300279317765284165?hl=es#\"><\/a><\/h3>\n\n\n\n<figure class=\"wp-block-image size-full\"><img loading=\"lazy\" decoding=\"async\" width=\"702\" height=\"147\" src=\"https:\/\/jeyjo.es\/blog\/wp-content\/uploads\/2023\/10\/imagen-7.png\" alt=\"\" class=\"wp-image-614\" srcset=\"https:\/\/jeyjo.es\/blog\/wp-content\/uploads\/2023\/10\/imagen-7.png 702w, https:\/\/jeyjo.es\/blog\/wp-content\/uploads\/2023\/10\/imagen-7-300x63.png 300w, https:\/\/jeyjo.es\/blog\/wp-content\/uploads\/2023\/10\/imagen-7-700x147.png 700w\" sizes=\"auto, (max-width: 702px) 100vw, 702px\" \/><\/figure>\n\n\n\n<p><em>\u201cLos robots aseguran un embalaje perfecto para la manipulaci\u00f3n de los env\u00edos. La rob\u00f3tica tambi\u00e9n est\u00e1 presente en la confecci\u00f3n de algunos de los elementos met\u00e1licos\u00bb.<\/em><\/p>\n\n\n\n<h3 class=\"wp-block-heading\">ALMACENAJE Y MANEJO DEL STOCK<\/h3>\n\n\n\n<p>El recorrido por las instalaciones de ROCADA concluye en las naves de almacenaje y stock, en las que \u201cno s\u00f3lo tenemos tableros, sino tambi\u00e9n mesas y cajones de los diferentes modelos para oficina.<\/p>\n\n\n\n<p>Ahora se a\u00f1ade el mobiliario nuevo que estamos desarrollando: pronto presentaremos, por ejemplo, los separadores de espacios de trabajo con estanter\u00edas que son librer\u00eda por uno de sus lados y pizarra por el otro\u201d.<\/p>\n\n\n\n<h3 class=\"wp-block-heading\"><a href=\"https:\/\/www.blogger.com\/blog\/post\/edit\/9203335948979382529\/3300279317765284165?hl=es#\"><\/a><\/h3>\n\n\n\n<figure class=\"wp-block-image size-full\"><img loading=\"lazy\" decoding=\"async\" width=\"600\" height=\"600\" src=\"https:\/\/jeyjo.es\/blog\/wp-content\/uploads\/2023\/10\/imagen-5.png\" alt=\"\" class=\"wp-image-612\" srcset=\"https:\/\/jeyjo.es\/blog\/wp-content\/uploads\/2023\/10\/imagen-5.png 600w, https:\/\/jeyjo.es\/blog\/wp-content\/uploads\/2023\/10\/imagen-5-300x300.png 300w, https:\/\/jeyjo.es\/blog\/wp-content\/uploads\/2023\/10\/imagen-5-150x150.png 150w\" sizes=\"auto, (max-width: 600px) 100vw, 600px\" \/><\/figure>\n\n\n\n<p><em>\u201c\u2026Las sillas son un producto con precios muy ajustados, porque su principal materia prima \u2013el acero\u2013 ha experimentado un alza desmesurada, y el fabricante no puede aplicar esos porcentajes\u201d.<\/em><\/p>\n\n\n\n<p>Producto \u201cestrella\u201d de la marca, especialmente durante la pandemia, son sus modelos de siller\u00eda. \u201cAunque nuestro fuerte siempre han sido las pizarras y mesas de trabajo, lo cierto es que con los nuevos espacios SoHo generados por el trabajo a distancia se han vendido muy bien a nivel nacional, y de exportaci\u00f3n en los mercados en los que operamos. El problema es que las sillas son un producto con precios muy ajustados, porque su principal materia prima \u2013el acero\u2013 ha experimentado un alza desmesurada, y el fabricante no puede aplicar esos porcentajes. La chapa de acero ha duplicado su precio en apenas unos meses, y eso cuando pod\u00edas localizarla. En su momento nos planeamos si deb\u00edamos comprar para hacer m\u00e1s stock, o era mejor esperar, pero al final hemos tenido que comprarla al doble de precio, y ver su factura mensual realmente impresiona. Es parte del d\u00eda a d\u00eda de una empresa fabricante como la nuestra: tomar decisiones que pueden suponer un grave problema de gesti\u00f3n dentro de un entorno de temor a una recesi\u00f3n. \u00bfHabr\u00e1 o no una crisis larga? \u00bfQu\u00e9 hacemos entonces: comprar ya, o esperar? Y en eso estamos. Es parte de nuestro d\u00eda a d\u00eda\u201d.<\/p>\n\n\n\n<h3 class=\"wp-block-heading\"><a href=\"https:\/\/www.blogger.com\/blog\/post\/edit\/9203335948979382529\/3300279317765284165?hl=es#\"><\/a><\/h3>\n\n\n\n<h3 class=\"wp-block-heading\"><a href=\"https:\/\/www.blogger.com\/blog\/post\/edit\/9203335948979382529\/3300279317765284165?hl=es#\"><\/a><\/h3>\n\n\n\n<figure class=\"wp-block-image size-full\"><img loading=\"lazy\" decoding=\"async\" width=\"710\" height=\"161\" src=\"https:\/\/jeyjo.es\/blog\/wp-content\/uploads\/2023\/10\/imagen-6.png\" alt=\"\" class=\"wp-image-613\" srcset=\"https:\/\/jeyjo.es\/blog\/wp-content\/uploads\/2023\/10\/imagen-6.png 710w, https:\/\/jeyjo.es\/blog\/wp-content\/uploads\/2023\/10\/imagen-6-300x68.png 300w\" sizes=\"auto, (max-width: 710px) 100vw, 710px\" \/><\/figure>\n\n\n\n<h3 class=\"wp-block-heading\"><a href=\"https:\/\/www.blogger.com\/blog\/post\/edit\/9203335948979382529\/3300279317765284165?hl=es#\"><\/a><\/h3>\n\n\n\n<p><em>\u201cLa calidad y fiabilidad de sus procesos de producci\u00f3n est\u00e1n avalados por la certificaci\u00f3n ISO 9001:2015, y por la certificaci\u00f3n alemana GS (Gepr\u00fcfte Sicherheit), que garantiza la seguridad, la calidad y la continuidad de la producci\u00f3n del producto\u00bb.<\/em><\/p>\n\n\n\n<p>A partir de aqu\u00ed s\u00f3lo resta confiar en el cliente, que es quien tiene la \u00faltima palabra para valorar tecnolog\u00eda, calidad, precio y rapidez de entrega. En resumen: es la historia de unos productos cuya fabricaci\u00f3n implica una largu\u00edsima retah\u00edla de desaf\u00edos.&nbsp; &nbsp; &nbsp;&nbsp;<\/p>\n\n\n\n<p>Fuente: Block<\/p>\n","protected":false},"excerpt":{"rendered":"<p class=\"text-justify\">En los movimientos actuales del mercado mundial no es frecuente contar con una marca que fabrique sus productos en sus propias instalaciones industriales, y en su pa\u00eds de origen. Por eso, el caso de ROCADA supone una excepci\u00f3n muy interesante, sobre la que es de justicia poner el acen<\/p>\n","protected":false},"author":1,"featured_media":615,"comment_status":"open","ping_status":"open","sticky":false,"template":"","format":"standard","meta":{"footnotes":""},"categories":[11],"tags":[314,313,312,315,318,317,319,311,316],"class_list":["post-606","post","type-post","status-publish","format-standard","has-post-thumbnail","hentry","category-noticias","tag-comprar-rocada","tag-fabricante-rocada","tag-logistica-de-rocada","tag-material-rocada","tag-mobiliario-rocada","tag-moviliario-rocada","tag-pizarra-rocada","tag-rocada","tag-silla-rocada"],"yoast_head":"<!-- This site is optimized with the Yoast SEO plugin v27.5 - https:\/\/yoast.com\/product\/yoast-seo-wordpress\/ -->\n<title>Un recorrido por la infraestructura industrial y log\u00edstica de ROCADA, fabricante de mobiliario de dise\u00f1o y ergon\u00f3mico para espacios de trabajo - Jeyjo<\/title>\n<meta name=\"robots\" content=\"index, follow, max-snippet:-1, max-image-preview:large, max-video-preview:-1\" \/>\n<link rel=\"canonical\" href=\"https:\/\/jeyjo.es\/blog\/index.php\/2023\/10\/27\/un-recorrido-por-la-infraestructura-industrial-y-logistica-de-rocada-fabricante-de-mobiliario-de-diseno-y-ergonomico-para-espacios-de-trabajo\/\" \/>\n<meta property=\"og:locale\" content=\"es_ES\" \/>\n<meta property=\"og:type\" content=\"article\" \/>\n<meta property=\"og:title\" content=\"Un recorrido por la infraestructura industrial y log\u00edstica de ROCADA, fabricante de mobiliario de dise\u00f1o y ergon\u00f3mico para espacios de trabajo - Jeyjo\" \/>\n<meta property=\"og:description\" content=\"En los movimientos actuales del mercado mundial no es frecuente contar con una marca que fabrique sus productos en sus propias instalaciones industriales, y en su pa\u00eds de origen. Por eso, el caso de ROCADA supone una excepci\u00f3n muy interesante, sobre la que es de justicia poner el acen\" \/>\n<meta property=\"og:url\" content=\"https:\/\/jeyjo.es\/blog\/index.php\/2023\/10\/27\/un-recorrido-por-la-infraestructura-industrial-y-logistica-de-rocada-fabricante-de-mobiliario-de-diseno-y-ergonomico-para-espacios-de-trabajo\/\" \/>\n<meta property=\"og:site_name\" content=\"Jeyjo\" \/>\n<meta property=\"article:publisher\" content=\"https:\/\/www.facebook.com\/jeyjo.papeleria.9\" \/>\n<meta property=\"article:published_time\" content=\"2023-10-27T14:45:45+00:00\" \/>\n<meta property=\"article:modified_time\" content=\"2023-10-27T14:45:46+00:00\" \/>\n<meta property=\"og:image\" content=\"https:\/\/jeyjo.es\/blog\/wp-content\/uploads\/2023\/10\/imagen-8.png\" \/>\n\t<meta property=\"og:image:width\" content=\"970\" \/>\n\t<meta property=\"og:image:height\" content=\"600\" \/>\n\t<meta property=\"og:image:type\" content=\"image\/png\" \/>\n<meta name=\"author\" content=\"Jos\u00e9 Antonio\" \/>\n<meta name=\"twitter:card\" content=\"summary_large_image\" \/>\n<meta name=\"twitter:creator\" content=\"@jeyjooficinas\" \/>\n<meta name=\"twitter:site\" content=\"@jeyjooficinas\" \/>\n<meta name=\"twitter:label1\" content=\"Escrito por\" \/>\n\t<meta name=\"twitter:data1\" content=\"Jos\u00e9 Antonio\" \/>\n\t<meta name=\"twitter:label2\" content=\"Tiempo de lectura\" \/>\n\t<meta name=\"twitter:data2\" content=\"7 minutos\" \/>\n<script type=\"application\/ld+json\" class=\"yoast-schema-graph\">{\"@context\":\"https:\\\/\\\/schema.org\",\"@graph\":[{\"@type\":\"Article\",\"@id\":\"https:\\\/\\\/jeyjo.es\\\/blog\\\/index.php\\\/2023\\\/10\\\/27\\\/un-recorrido-por-la-infraestructura-industrial-y-logistica-de-rocada-fabricante-de-mobiliario-de-diseno-y-ergonomico-para-espacios-de-trabajo\\\/#article\",\"isPartOf\":{\"@id\":\"https:\\\/\\\/jeyjo.es\\\/blog\\\/index.php\\\/2023\\\/10\\\/27\\\/un-recorrido-por-la-infraestructura-industrial-y-logistica-de-rocada-fabricante-de-mobiliario-de-diseno-y-ergonomico-para-espacios-de-trabajo\\\/\"},\"author\":{\"name\":\"Jos\u00e9 Antonio\",\"@id\":\"https:\\\/\\\/jeyjo.es\\\/blog\\\/#\\\/schema\\\/person\\\/27b39b68644e2843617b9eb0877b528b\"},\"headline\":\"Un recorrido por la infraestructura industrial y log\u00edstica de ROCADA, fabricante de mobiliario de dise\u00f1o y ergon\u00f3mico para espacios de trabajo\",\"datePublished\":\"2023-10-27T14:45:45+00:00\",\"dateModified\":\"2023-10-27T14:45:46+00:00\",\"mainEntityOfPage\":{\"@id\":\"https:\\\/\\\/jeyjo.es\\\/blog\\\/index.php\\\/2023\\\/10\\\/27\\\/un-recorrido-por-la-infraestructura-industrial-y-logistica-de-rocada-fabricante-de-mobiliario-de-diseno-y-ergonomico-para-espacios-de-trabajo\\\/\"},\"wordCount\":1461,\"commentCount\":0,\"publisher\":{\"@id\":\"https:\\\/\\\/jeyjo.es\\\/blog\\\/#organization\"},\"image\":{\"@id\":\"https:\\\/\\\/jeyjo.es\\\/blog\\\/index.php\\\/2023\\\/10\\\/27\\\/un-recorrido-por-la-infraestructura-industrial-y-logistica-de-rocada-fabricante-de-mobiliario-de-diseno-y-ergonomico-para-espacios-de-trabajo\\\/#primaryimage\"},\"thumbnailUrl\":\"https:\\\/\\\/jeyjo.es\\\/blog\\\/wp-content\\\/uploads\\\/2023\\\/10\\\/imagen-8.png\",\"keywords\":[\"comprar rocada\",\"fabricante rocada\",\"logistica de rocada\",\"material rocada\",\"mobiliario rocada\",\"moviliario rocada\",\"pizarra rocada\",\"rocada\",\"silla rocada\"],\"articleSection\":[\"Noticias\"],\"inLanguage\":\"es\",\"potentialAction\":[{\"@type\":\"CommentAction\",\"name\":\"Comment\",\"target\":[\"https:\\\/\\\/jeyjo.es\\\/blog\\\/index.php\\\/2023\\\/10\\\/27\\\/un-recorrido-por-la-infraestructura-industrial-y-logistica-de-rocada-fabricante-de-mobiliario-de-diseno-y-ergonomico-para-espacios-de-trabajo\\\/#respond\"]}]},{\"@type\":\"WebPage\",\"@id\":\"https:\\\/\\\/jeyjo.es\\\/blog\\\/index.php\\\/2023\\\/10\\\/27\\\/un-recorrido-por-la-infraestructura-industrial-y-logistica-de-rocada-fabricante-de-mobiliario-de-diseno-y-ergonomico-para-espacios-de-trabajo\\\/\",\"url\":\"https:\\\/\\\/jeyjo.es\\\/blog\\\/index.php\\\/2023\\\/10\\\/27\\\/un-recorrido-por-la-infraestructura-industrial-y-logistica-de-rocada-fabricante-de-mobiliario-de-diseno-y-ergonomico-para-espacios-de-trabajo\\\/\",\"name\":\"Un recorrido por la infraestructura industrial y log\u00edstica de ROCADA, fabricante de mobiliario de dise\u00f1o y ergon\u00f3mico para espacios de trabajo - Jeyjo\",\"isPartOf\":{\"@id\":\"https:\\\/\\\/jeyjo.es\\\/blog\\\/#website\"},\"primaryImageOfPage\":{\"@id\":\"https:\\\/\\\/jeyjo.es\\\/blog\\\/index.php\\\/2023\\\/10\\\/27\\\/un-recorrido-por-la-infraestructura-industrial-y-logistica-de-rocada-fabricante-de-mobiliario-de-diseno-y-ergonomico-para-espacios-de-trabajo\\\/#primaryimage\"},\"image\":{\"@id\":\"https:\\\/\\\/jeyjo.es\\\/blog\\\/index.php\\\/2023\\\/10\\\/27\\\/un-recorrido-por-la-infraestructura-industrial-y-logistica-de-rocada-fabricante-de-mobiliario-de-diseno-y-ergonomico-para-espacios-de-trabajo\\\/#primaryimage\"},\"thumbnailUrl\":\"https:\\\/\\\/jeyjo.es\\\/blog\\\/wp-content\\\/uploads\\\/2023\\\/10\\\/imagen-8.png\",\"datePublished\":\"2023-10-27T14:45:45+00:00\",\"dateModified\":\"2023-10-27T14:45:46+00:00\",\"breadcrumb\":{\"@id\":\"https:\\\/\\\/jeyjo.es\\\/blog\\\/index.php\\\/2023\\\/10\\\/27\\\/un-recorrido-por-la-infraestructura-industrial-y-logistica-de-rocada-fabricante-de-mobiliario-de-diseno-y-ergonomico-para-espacios-de-trabajo\\\/#breadcrumb\"},\"inLanguage\":\"es\",\"potentialAction\":[{\"@type\":\"ReadAction\",\"target\":[\"https:\\\/\\\/jeyjo.es\\\/blog\\\/index.php\\\/2023\\\/10\\\/27\\\/un-recorrido-por-la-infraestructura-industrial-y-logistica-de-rocada-fabricante-de-mobiliario-de-diseno-y-ergonomico-para-espacios-de-trabajo\\\/\"]}]},{\"@type\":\"ImageObject\",\"inLanguage\":\"es\",\"@id\":\"https:\\\/\\\/jeyjo.es\\\/blog\\\/index.php\\\/2023\\\/10\\\/27\\\/un-recorrido-por-la-infraestructura-industrial-y-logistica-de-rocada-fabricante-de-mobiliario-de-diseno-y-ergonomico-para-espacios-de-trabajo\\\/#primaryimage\",\"url\":\"https:\\\/\\\/jeyjo.es\\\/blog\\\/wp-content\\\/uploads\\\/2023\\\/10\\\/imagen-8.png\",\"contentUrl\":\"https:\\\/\\\/jeyjo.es\\\/blog\\\/wp-content\\\/uploads\\\/2023\\\/10\\\/imagen-8.png\",\"width\":970,\"height\":600},{\"@type\":\"BreadcrumbList\",\"@id\":\"https:\\\/\\\/jeyjo.es\\\/blog\\\/index.php\\\/2023\\\/10\\\/27\\\/un-recorrido-por-la-infraestructura-industrial-y-logistica-de-rocada-fabricante-de-mobiliario-de-diseno-y-ergonomico-para-espacios-de-trabajo\\\/#breadcrumb\",\"itemListElement\":[{\"@type\":\"ListItem\",\"position\":1,\"name\":\"Portada\",\"item\":\"https:\\\/\\\/jeyjo.es\\\/blog\\\/\"},{\"@type\":\"ListItem\",\"position\":2,\"name\":\"Un recorrido por la infraestructura industrial y log\u00edstica de ROCADA, fabricante de mobiliario de dise\u00f1o y ergon\u00f3mico para espacios de trabajo\"}]},{\"@type\":\"WebSite\",\"@id\":\"https:\\\/\\\/jeyjo.es\\\/blog\\\/#website\",\"url\":\"https:\\\/\\\/jeyjo.es\\\/blog\\\/\",\"name\":\"Blog para conocer todo sobre la oficina y el colegio\",\"description\":\"El Blog de tu Oficina - Expertos en Material de Oficina, Papeler\u00eda y Mobiliario\",\"publisher\":{\"@id\":\"https:\\\/\\\/jeyjo.es\\\/blog\\\/#organization\"},\"potentialAction\":[{\"@type\":\"SearchAction\",\"target\":{\"@type\":\"EntryPoint\",\"urlTemplate\":\"https:\\\/\\\/jeyjo.es\\\/blog\\\/?s={search_term_string}\"},\"query-input\":{\"@type\":\"PropertyValueSpecification\",\"valueRequired\":true,\"valueName\":\"search_term_string\"}}],\"inLanguage\":\"es\"},{\"@type\":\"Organization\",\"@id\":\"https:\\\/\\\/jeyjo.es\\\/blog\\\/#organization\",\"name\":\"Jeyjo Material de Oficina\",\"url\":\"https:\\\/\\\/jeyjo.es\\\/blog\\\/\",\"logo\":{\"@type\":\"ImageObject\",\"inLanguage\":\"es\",\"@id\":\"https:\\\/\\\/jeyjo.es\\\/blog\\\/#\\\/schema\\\/logo\\\/image\\\/\",\"url\":\"https:\\\/\\\/jeyjo.es\\\/blog\\\/wp-content\\\/uploads\\\/2023\\\/10\\\/LOGOTIPO-COLOR-cac-150px.jpg\",\"contentUrl\":\"https:\\\/\\\/jeyjo.es\\\/blog\\\/wp-content\\\/uploads\\\/2023\\\/10\\\/LOGOTIPO-COLOR-cac-150px.jpg\",\"width\":1771,\"height\":1006,\"caption\":\"Jeyjo Material de Oficina\"},\"image\":{\"@id\":\"https:\\\/\\\/jeyjo.es\\\/blog\\\/#\\\/schema\\\/logo\\\/image\\\/\"},\"sameAs\":[\"https:\\\/\\\/www.facebook.com\\\/jeyjo.papeleria.9\",\"https:\\\/\\\/x.com\\\/jeyjooficinas\",\"https:\\\/\\\/www.youtube.com\\\/channel\\\/UCUNp2bZMllJUVIAMZYdGZ8Q\",\"https:\\\/\\\/www.instagram.com\\\/jeyjomaterialdeoficina\\\/\",\"https:\\\/\\\/www.linkedin.com\\\/in\\\/jeyjo-material-de-oficina-aba48b49\"]},{\"@type\":\"Person\",\"@id\":\"https:\\\/\\\/jeyjo.es\\\/blog\\\/#\\\/schema\\\/person\\\/27b39b68644e2843617b9eb0877b528b\",\"name\":\"Jos\u00e9 Antonio\",\"image\":{\"@type\":\"ImageObject\",\"inLanguage\":\"es\",\"@id\":\"https:\\\/\\\/secure.gravatar.com\\\/avatar\\\/e8bbcf4f7a3e91ea18ca5e076249495fd4bcbc0c9bd4e3fb6c8294649ec86fcc?s=96&d=mm&r=g\",\"url\":\"https:\\\/\\\/secure.gravatar.com\\\/avatar\\\/e8bbcf4f7a3e91ea18ca5e076249495fd4bcbc0c9bd4e3fb6c8294649ec86fcc?s=96&d=mm&r=g\",\"contentUrl\":\"https:\\\/\\\/secure.gravatar.com\\\/avatar\\\/e8bbcf4f7a3e91ea18ca5e076249495fd4bcbc0c9bd4e3fb6c8294649ec86fcc?s=96&d=mm&r=g\",\"caption\":\"Jos\u00e9 Antonio\"},\"sameAs\":[\"http:\\\/\\\/jeyjo.es\\\/blog\"],\"url\":\"https:\\\/\\\/jeyjo.es\\\/blog\\\/index.php\\\/author\\\/programador\\\/\"}]}<\/script>\n<!-- \/ Yoast SEO plugin. -->","yoast_head_json":{"title":"Un recorrido por la infraestructura industrial y log\u00edstica de ROCADA, fabricante de mobiliario de dise\u00f1o y ergon\u00f3mico para espacios de trabajo - Jeyjo","robots":{"index":"index","follow":"follow","max-snippet":"max-snippet:-1","max-image-preview":"max-image-preview:large","max-video-preview":"max-video-preview:-1"},"canonical":"https:\/\/jeyjo.es\/blog\/index.php\/2023\/10\/27\/un-recorrido-por-la-infraestructura-industrial-y-logistica-de-rocada-fabricante-de-mobiliario-de-diseno-y-ergonomico-para-espacios-de-trabajo\/","og_locale":"es_ES","og_type":"article","og_title":"Un recorrido por la infraestructura industrial y log\u00edstica de ROCADA, fabricante de mobiliario de dise\u00f1o y ergon\u00f3mico para espacios de trabajo - Jeyjo","og_description":"En los movimientos actuales del mercado mundial no es frecuente contar con una marca que fabrique sus productos en sus propias instalaciones industriales, y en su pa\u00eds de origen. Por eso, el caso de ROCADA supone una excepci\u00f3n muy interesante, sobre la que es de justicia poner el acen","og_url":"https:\/\/jeyjo.es\/blog\/index.php\/2023\/10\/27\/un-recorrido-por-la-infraestructura-industrial-y-logistica-de-rocada-fabricante-de-mobiliario-de-diseno-y-ergonomico-para-espacios-de-trabajo\/","og_site_name":"Jeyjo","article_publisher":"https:\/\/www.facebook.com\/jeyjo.papeleria.9","article_published_time":"2023-10-27T14:45:45+00:00","article_modified_time":"2023-10-27T14:45:46+00:00","og_image":[{"width":970,"height":600,"url":"https:\/\/jeyjo.es\/blog\/wp-content\/uploads\/2023\/10\/imagen-8.png","type":"image\/png"}],"author":"Jos\u00e9 Antonio","twitter_card":"summary_large_image","twitter_creator":"@jeyjooficinas","twitter_site":"@jeyjooficinas","twitter_misc":{"Escrito por":"Jos\u00e9 Antonio","Tiempo de lectura":"7 minutos"},"schema":{"@context":"https:\/\/schema.org","@graph":[{"@type":"Article","@id":"https:\/\/jeyjo.es\/blog\/index.php\/2023\/10\/27\/un-recorrido-por-la-infraestructura-industrial-y-logistica-de-rocada-fabricante-de-mobiliario-de-diseno-y-ergonomico-para-espacios-de-trabajo\/#article","isPartOf":{"@id":"https:\/\/jeyjo.es\/blog\/index.php\/2023\/10\/27\/un-recorrido-por-la-infraestructura-industrial-y-logistica-de-rocada-fabricante-de-mobiliario-de-diseno-y-ergonomico-para-espacios-de-trabajo\/"},"author":{"name":"Jos\u00e9 Antonio","@id":"https:\/\/jeyjo.es\/blog\/#\/schema\/person\/27b39b68644e2843617b9eb0877b528b"},"headline":"Un recorrido por la infraestructura industrial y log\u00edstica de ROCADA, fabricante de mobiliario de dise\u00f1o y ergon\u00f3mico para espacios de trabajo","datePublished":"2023-10-27T14:45:45+00:00","dateModified":"2023-10-27T14:45:46+00:00","mainEntityOfPage":{"@id":"https:\/\/jeyjo.es\/blog\/index.php\/2023\/10\/27\/un-recorrido-por-la-infraestructura-industrial-y-logistica-de-rocada-fabricante-de-mobiliario-de-diseno-y-ergonomico-para-espacios-de-trabajo\/"},"wordCount":1461,"commentCount":0,"publisher":{"@id":"https:\/\/jeyjo.es\/blog\/#organization"},"image":{"@id":"https:\/\/jeyjo.es\/blog\/index.php\/2023\/10\/27\/un-recorrido-por-la-infraestructura-industrial-y-logistica-de-rocada-fabricante-de-mobiliario-de-diseno-y-ergonomico-para-espacios-de-trabajo\/#primaryimage"},"thumbnailUrl":"https:\/\/jeyjo.es\/blog\/wp-content\/uploads\/2023\/10\/imagen-8.png","keywords":["comprar rocada","fabricante rocada","logistica de rocada","material rocada","mobiliario rocada","moviliario rocada","pizarra rocada","rocada","silla rocada"],"articleSection":["Noticias"],"inLanguage":"es","potentialAction":[{"@type":"CommentAction","name":"Comment","target":["https:\/\/jeyjo.es\/blog\/index.php\/2023\/10\/27\/un-recorrido-por-la-infraestructura-industrial-y-logistica-de-rocada-fabricante-de-mobiliario-de-diseno-y-ergonomico-para-espacios-de-trabajo\/#respond"]}]},{"@type":"WebPage","@id":"https:\/\/jeyjo.es\/blog\/index.php\/2023\/10\/27\/un-recorrido-por-la-infraestructura-industrial-y-logistica-de-rocada-fabricante-de-mobiliario-de-diseno-y-ergonomico-para-espacios-de-trabajo\/","url":"https:\/\/jeyjo.es\/blog\/index.php\/2023\/10\/27\/un-recorrido-por-la-infraestructura-industrial-y-logistica-de-rocada-fabricante-de-mobiliario-de-diseno-y-ergonomico-para-espacios-de-trabajo\/","name":"Un recorrido por la infraestructura industrial y log\u00edstica de ROCADA, fabricante de mobiliario de dise\u00f1o y ergon\u00f3mico para espacios de trabajo - Jeyjo","isPartOf":{"@id":"https:\/\/jeyjo.es\/blog\/#website"},"primaryImageOfPage":{"@id":"https:\/\/jeyjo.es\/blog\/index.php\/2023\/10\/27\/un-recorrido-por-la-infraestructura-industrial-y-logistica-de-rocada-fabricante-de-mobiliario-de-diseno-y-ergonomico-para-espacios-de-trabajo\/#primaryimage"},"image":{"@id":"https:\/\/jeyjo.es\/blog\/index.php\/2023\/10\/27\/un-recorrido-por-la-infraestructura-industrial-y-logistica-de-rocada-fabricante-de-mobiliario-de-diseno-y-ergonomico-para-espacios-de-trabajo\/#primaryimage"},"thumbnailUrl":"https:\/\/jeyjo.es\/blog\/wp-content\/uploads\/2023\/10\/imagen-8.png","datePublished":"2023-10-27T14:45:45+00:00","dateModified":"2023-10-27T14:45:46+00:00","breadcrumb":{"@id":"https:\/\/jeyjo.es\/blog\/index.php\/2023\/10\/27\/un-recorrido-por-la-infraestructura-industrial-y-logistica-de-rocada-fabricante-de-mobiliario-de-diseno-y-ergonomico-para-espacios-de-trabajo\/#breadcrumb"},"inLanguage":"es","potentialAction":[{"@type":"ReadAction","target":["https:\/\/jeyjo.es\/blog\/index.php\/2023\/10\/27\/un-recorrido-por-la-infraestructura-industrial-y-logistica-de-rocada-fabricante-de-mobiliario-de-diseno-y-ergonomico-para-espacios-de-trabajo\/"]}]},{"@type":"ImageObject","inLanguage":"es","@id":"https:\/\/jeyjo.es\/blog\/index.php\/2023\/10\/27\/un-recorrido-por-la-infraestructura-industrial-y-logistica-de-rocada-fabricante-de-mobiliario-de-diseno-y-ergonomico-para-espacios-de-trabajo\/#primaryimage","url":"https:\/\/jeyjo.es\/blog\/wp-content\/uploads\/2023\/10\/imagen-8.png","contentUrl":"https:\/\/jeyjo.es\/blog\/wp-content\/uploads\/2023\/10\/imagen-8.png","width":970,"height":600},{"@type":"BreadcrumbList","@id":"https:\/\/jeyjo.es\/blog\/index.php\/2023\/10\/27\/un-recorrido-por-la-infraestructura-industrial-y-logistica-de-rocada-fabricante-de-mobiliario-de-diseno-y-ergonomico-para-espacios-de-trabajo\/#breadcrumb","itemListElement":[{"@type":"ListItem","position":1,"name":"Portada","item":"https:\/\/jeyjo.es\/blog\/"},{"@type":"ListItem","position":2,"name":"Un recorrido por la infraestructura industrial y log\u00edstica de ROCADA, fabricante de mobiliario de dise\u00f1o y ergon\u00f3mico para espacios de trabajo"}]},{"@type":"WebSite","@id":"https:\/\/jeyjo.es\/blog\/#website","url":"https:\/\/jeyjo.es\/blog\/","name":"Blog para conocer todo sobre la oficina y el colegio","description":"El Blog de tu Oficina - Expertos en Material de Oficina, Papeler\u00eda y Mobiliario","publisher":{"@id":"https:\/\/jeyjo.es\/blog\/#organization"},"potentialAction":[{"@type":"SearchAction","target":{"@type":"EntryPoint","urlTemplate":"https:\/\/jeyjo.es\/blog\/?s={search_term_string}"},"query-input":{"@type":"PropertyValueSpecification","valueRequired":true,"valueName":"search_term_string"}}],"inLanguage":"es"},{"@type":"Organization","@id":"https:\/\/jeyjo.es\/blog\/#organization","name":"Jeyjo Material de Oficina","url":"https:\/\/jeyjo.es\/blog\/","logo":{"@type":"ImageObject","inLanguage":"es","@id":"https:\/\/jeyjo.es\/blog\/#\/schema\/logo\/image\/","url":"https:\/\/jeyjo.es\/blog\/wp-content\/uploads\/2023\/10\/LOGOTIPO-COLOR-cac-150px.jpg","contentUrl":"https:\/\/jeyjo.es\/blog\/wp-content\/uploads\/2023\/10\/LOGOTIPO-COLOR-cac-150px.jpg","width":1771,"height":1006,"caption":"Jeyjo Material de Oficina"},"image":{"@id":"https:\/\/jeyjo.es\/blog\/#\/schema\/logo\/image\/"},"sameAs":["https:\/\/www.facebook.com\/jeyjo.papeleria.9","https:\/\/x.com\/jeyjooficinas","https:\/\/www.youtube.com\/channel\/UCUNp2bZMllJUVIAMZYdGZ8Q","https:\/\/www.instagram.com\/jeyjomaterialdeoficina\/","https:\/\/www.linkedin.com\/in\/jeyjo-material-de-oficina-aba48b49"]},{"@type":"Person","@id":"https:\/\/jeyjo.es\/blog\/#\/schema\/person\/27b39b68644e2843617b9eb0877b528b","name":"Jos\u00e9 Antonio","image":{"@type":"ImageObject","inLanguage":"es","@id":"https:\/\/secure.gravatar.com\/avatar\/e8bbcf4f7a3e91ea18ca5e076249495fd4bcbc0c9bd4e3fb6c8294649ec86fcc?s=96&d=mm&r=g","url":"https:\/\/secure.gravatar.com\/avatar\/e8bbcf4f7a3e91ea18ca5e076249495fd4bcbc0c9bd4e3fb6c8294649ec86fcc?s=96&d=mm&r=g","contentUrl":"https:\/\/secure.gravatar.com\/avatar\/e8bbcf4f7a3e91ea18ca5e076249495fd4bcbc0c9bd4e3fb6c8294649ec86fcc?s=96&d=mm&r=g","caption":"Jos\u00e9 Antonio"},"sameAs":["http:\/\/jeyjo.es\/blog"],"url":"https:\/\/jeyjo.es\/blog\/index.php\/author\/programador\/"}]}},"_links":{"self":[{"href":"https:\/\/jeyjo.es\/blog\/index.php\/wp-json\/wp\/v2\/posts\/606","targetHints":{"allow":["GET"]}}],"collection":[{"href":"https:\/\/jeyjo.es\/blog\/index.php\/wp-json\/wp\/v2\/posts"}],"about":[{"href":"https:\/\/jeyjo.es\/blog\/index.php\/wp-json\/wp\/v2\/types\/post"}],"author":[{"embeddable":true,"href":"https:\/\/jeyjo.es\/blog\/index.php\/wp-json\/wp\/v2\/users\/1"}],"replies":[{"embeddable":true,"href":"https:\/\/jeyjo.es\/blog\/index.php\/wp-json\/wp\/v2\/comments?post=606"}],"version-history":[{"count":1,"href":"https:\/\/jeyjo.es\/blog\/index.php\/wp-json\/wp\/v2\/posts\/606\/revisions"}],"predecessor-version":[{"id":616,"href":"https:\/\/jeyjo.es\/blog\/index.php\/wp-json\/wp\/v2\/posts\/606\/revisions\/616"}],"wp:featuredmedia":[{"embeddable":true,"href":"https:\/\/jeyjo.es\/blog\/index.php\/wp-json\/wp\/v2\/media\/615"}],"wp:attachment":[{"href":"https:\/\/jeyjo.es\/blog\/index.php\/wp-json\/wp\/v2\/media?parent=606"}],"wp:term":[{"taxonomy":"category","embeddable":true,"href":"https:\/\/jeyjo.es\/blog\/index.php\/wp-json\/wp\/v2\/categories?post=606"},{"taxonomy":"post_tag","embeddable":true,"href":"https:\/\/jeyjo.es\/blog\/index.php\/wp-json\/wp\/v2\/tags?post=606"}],"curies":[{"name":"wp","href":"https:\/\/api.w.org\/{rel}","templated":true}]}}