{"id":52,"date":"2023-10-25T18:37:42","date_gmt":"2023-10-25T16:37:42","guid":{"rendered":"https:\/\/jeyjo.es\/blog\/?p=52"},"modified":"2023-10-25T18:37:42","modified_gmt":"2023-10-25T16:37:42","slug":"boom-del-despliegue-de-fibra-en-las-zonas-rurales","status":"publish","type":"post","link":"https:\/\/jeyjo.es\/blog\/index.php\/2023\/10\/25\/boom-del-despliegue-de-fibra-en-las-zonas-rurales\/","title":{"rendered":"Boom del despliegue de fibra en las zonas rurales"},"content":{"rendered":"\n<h3 class=\"wp-block-heading\">Es una de las conclusiones de los nuevos informes presentados por el FTTH Council Europe en el marco de la Conferencia FTTH 2023 celebrada en Madrid. Como tambi\u00e9n lo es que, a nivel general, todav\u00eda existe una enorme brecha entre la cobertura de fibra y su adopci\u00f3n.<\/h3>\n\n\n\n<p>Como parte del programa de la&nbsp;FTTH Conference 2023&nbsp;celebrada en Madrid, el&nbsp;<a href=\"https:\/\/www.blogger.com\/blog\/post\/edit\/9203335948979382529\/4670434810654097988#\">FTTH Council Europe<\/a>ha revelado varios informes de mercado que describen las \u00faltimas cifras sobre las&nbsp;tendencias de despliegue de fibra en Europa: el FTTH\/B Market Panorama 2023, el FTTH\/B Global Ranking 2023, las previsiones FTTH\/B para 2023-2028 y el informe actualizado sobre FTTH\/B en zonas rurales, preparado por IDATE. Todos los informes se basan en los \u00faltimos datos disponibles de septiembre de 2022. Los documentos confirman la&nbsp;tendencia positiva de los despliegues de fibra en toda Europa, siendo la conectividad de&nbsp;<a href=\"https:\/\/www.blogger.com\/blog\/post\/edit\/9203335948979382529\/4670434810654097988#\">fibra completa<\/a>&nbsp;una clara prioridad para las autoridades de la UE, los gobiernos nacionales y los actores del mercado en todo el viejo continente.<\/p>\n\n\n\n<p>Adem\u00e1s de estos informes de mercado, la asociaci\u00f3n lanz\u00f3 oficialmente su nuevo documento&nbsp;FTTH\/B Investments Tracker, una iniciativa del Comit\u00e9 de Inversores impulsado por Macquarie Group Limited, y ediciones renovadas del&nbsp;Manual FTTH&nbsp;y la&nbsp;Gu\u00eda de Excelencia en Banda Ancha en el Hogar.<\/p>\n\n\n\n<figure class=\"wp-block-image\"><img decoding=\"async\" src=\"https:\/\/recursos.bps.com.es\/files\/1200\/34.jpg\" alt=\"Sigue el boom de la fibra \u00f3ptica en Europa.\" title=\"Sigue el boom de la fibra \u00f3ptica en Europa.\"\/><figcaption class=\"wp-element-caption\">Sigue el boom de la fibra \u00f3ptica en Europa.&nbsp;Adobe Stock.<\/figcaption><\/figure>\n\n\n\n<p>\u00abLas cifras m\u00e1s recientes del mercado muestran que estamos en el camino correcto para alcanzar los ambiciosos objetivos de conectividad establecidos por la Comisi\u00f3n Europea para 2030. Sin embargo, los datos demuestran que todav\u00eda se requieren esfuerzos para convencer a los suscriptores de que elijan la fibra. Las tasas de aceptaci\u00f3n son demasiado bajas en muchos pa\u00edses y los impulsores de la demanda son m\u00faltiples y complejos, y requieren la atenci\u00f3n de los responsables pol\u00edticos, as\u00ed como de los proveedores de servicios\u00bb, dijo&nbsp;Eric Festraets, presidente del FTTH Council Europe.&nbsp;\u00abConfiamos en los responsables pol\u00edticos para apoyar el despliegue en \u00e1reas donde no existe un caso comercial viable y alentar a los gobiernos y reguladores a seguir creando un entorno favorable a la competencia sana y atractivo para los inversores privados\u00bb.<\/p>\n\n\n\n<h5 class=\"wp-block-heading\">Panorama del mercado FTTH\/B 2023<\/h5>\n\n\n\n<p>El n\u00famero total de viviendas pasadas por fibra hasta el hogar (FTTH) y fibra hasta el edificio (FTTB) en la UE39 (27 Estados miembros de la Uni\u00f3n Europea + Reino Unido + 4 pa\u00edses de la CEI + Andorra, Islandia, Israel, Macedonia del Norte, Noruega, Serbia, Suiza, Turqu\u00eda), alcanz\u00f3 los&nbsp;219 millones de hogares&nbsp;en septiembre de 2022, en comparaci\u00f3n con casi 198,4 millones registrados en el mismo mes de 2021.<\/p>\n\n\n\n<p>Los principales motores en t\u00e9rminos de viviendas pasadas en n\u00fameros absolutos son el Reino Unido (+4,2 millones), Francia (+3,5 millones), Turqu\u00eda (+2,9 millones) e Italia (+2,1 millones).<\/p>\n\n\n\n<p>Adem\u00e1s, el&nbsp;<a href=\"https:\/\/www.blogger.com\/blog\/post\/edit\/9203335948979382529\/4670434810654097988#\">top 5<\/a>&nbsp;de las tasas de crecimiento anual en t\u00e9rminos de hogares aprobados est\u00e1 encabezado por B\u00e9lgica (+ 60%), el Reino Unido (+ 51%), Serbia (+ 40%), los Pa\u00edses Bajos (+ 34,7%) y Grecia (+ 34,5%).&nbsp;La tasa de cobertura de FTTH\/B en EU39 ahora asciende al 62,2%&nbsp;(un aumento de 5 puntos porcentuales en comparaci\u00f3n con 2021) y la tasa de cobertura en la UE27 + Reino Unido supera oficialmente la mitad del total de hogares: 55,1% (frente al 48,5% de 2021). Estos datos confirman la&nbsp;continua tendencia al alza&nbsp;observada durante varios a\u00f1os consecutivos.<\/p>\n\n\n\n<p>El&nbsp;n\u00famero de abonados a FTTH y FTTB&nbsp;en la regi\u00f3n EU39 alcanz\u00f3 los 108 millones. Los 5 mercados de m\u00e1s r\u00e1pido crecimiento en t\u00e9rminos de nuevos suscriptores fueron Francia (+3,3 millones), Reino Unido (+1,5 millones), Espa\u00f1a (+1,1 millones), Turqu\u00eda (+898) e Italia (+822).<\/p>\n\n\n\n<p>En septiembre de 2022, la tasa de utilizaci\u00f3n de FTTH\/B de la UE39 aument\u00f3 al 49,5% (un 1% m\u00e1s que el a\u00f1o anterior). Una clara indicaci\u00f3n de que, a pesar de los progresos realizados,&nbsp;todav\u00eda existe una enorme brecha entre la cobertura de fibra y la adopci\u00f3n, como lo demuestra el progreso a\u00fan m\u00e1s lento en la UE27 + Reino Unido, donde la tasa de absorci\u00f3n solo creci\u00f3 un 0,4% (alcanzando el 52,8%).<\/p>\n\n\n\n<blockquote class=\"wp-block-quote is-layout-flow wp-block-quote-is-layout-flow\">\n<p>Los operadores alternativos siguen siendo dominantes en el despliegue de FTTH, pero los tradicionales est\u00e1n aumentado su contribuci\u00f3n<\/p>\n<\/blockquote>\n\n\n\n<p>En general, el informe observa una&nbsp;contribuci\u00f3n creciente de los operadores tradicionales a las cifras de cobertura FTTH\/B, con alrededor del 56% del total de hogares en la EU39 siendo aprobados por ISP alternativos y alrededor del 39% por los ISP tradicionales, y el 4% restante son municipios \/ servicios p\u00fablicos.&nbsp;Las iniciativas de los operadores alternativos siguen siendo dominantes, pero los operadores tradicionales ahora est\u00e1n cerrando la brecha.<\/p>\n\n\n\n<blockquote class=\"wp-block-quote is-layout-flow wp-block-quote-is-layout-flow\">\n<p>Alemania, Reino Unido e Italia son los pa\u00edses m\u00e1s retrasados en la implantaci\u00f3n<\/p>\n<\/blockquote>\n\n\n\n<p>En cuanto a los hogares a\u00fan por cubrir,&nbsp;Alemania, Reino Unido e Italia&nbsp;son los pa\u00edses con m\u00e1s trabajo por hacer: en total, 89 millones de hogares a\u00fan no est\u00e1n conectados a redes FTTH\/B, lo que representa el 55% del total de hogares de la UE27 sin suscripci\u00f3n.<\/p>\n\n\n\n<h5 class=\"wp-block-heading\">Ranking Global FTTH\/B 2023<\/h5>\n\n\n\n<p>Esta iniciativa de la&nbsp;<a href=\"https:\/\/www.blogger.com\/blog\/post\/edit\/9203335948979382529\/4670434810654097988#\">FTTH Councils Global Alliance<\/a>&nbsp;analiza las tasas de penetraci\u00f3n de FTTH\/B en todo el mundo. Los datos de septiembre de 2022 muestran que&nbsp;22 pa\u00edses han logrado tasas de penetraci\u00f3n superiores al 50%. Los Emiratos \u00c1rabes Unidos lideran el ranking con un 98,1%, mientras que Qatar r\u00e1pidamente alcanz\u00f3 la segunda posici\u00f3n con un 97,8% (frente al 84% del a\u00f1o anterior). Singapur (96,5%), Hong Kong (91,6%) y China (89,4%) completan las 5 primeras posiciones.<\/p>\n\n\n\n<blockquote class=\"wp-block-quote is-layout-flow wp-block-quote-is-layout-flow\">\n<p>Espa\u00f1a, en segundo lugar en el ranking europeo de penetraci\u00f3n de fibra con un 73,5%<\/p>\n<\/blockquote>\n\n\n\n<p>En la regi\u00f3n europea, por cuarto a\u00f1o consecutivo, Islandia encabeza el&nbsp;<a href=\"https:\/\/www.blogger.com\/blog\/post\/edit\/9203335948979382529\/4670434810654097988#\">ranking europeo de penetraci\u00f3n FTTH\/B<\/a>&nbsp;con una tasa de penetraci\u00f3n del 76,8%. Le siguen&nbsp;Espa\u00f1a (73,5%)&nbsp;y Portugal (71,1%). 7 pa\u00edses superaron la marca de la tasa de penetraci\u00f3n del 50% (Islandia, Espa\u00f1a, Portugal, Suecia, Noruega, Rumania, Francia).<\/p>\n\n\n\n<h5 class=\"wp-block-heading\">Previsiones FTTH\/B para Europa 2023-2028<\/h5>\n\n\n\n<p>Las previsiones del mercado son coherentes con las estimaciones anteriores y est\u00e1n en l\u00ednea con las conclusiones de los otros informes. De hecho, los datos prev\u00e9n alrededor de&nbsp;211 millones de hogares aprobados para FTTH\/B en 2028 en EU27 + UK&nbsp;y&nbsp;308 millones en la regi\u00f3n EU39. Se espera que los 3 principales pa\u00edses en t\u00e9rminos de hogares pasados sean Alemania (33,5 millones), Francia (33,2 millones) y Reino Unido (30,7 millones).<\/p>\n\n\n\n<p>Seg\u00fan las&nbsp;<a href=\"https:\/\/www.blogger.com\/blog\/post\/edit\/9203335948979382529\/4670434810654097988#\">previsiones<\/a>, se espera que el n\u00famero de suscriptores alcance los 137 millones en la UE27 + Reino Unido y 196 millones en la regi\u00f3n EU39, con tasas de aceptaci\u00f3n que experimenten un crecimiento constante en ambas regiones.<\/p>\n\n\n\n<blockquote class=\"wp-block-quote is-layout-flow wp-block-quote-is-layout-flow\">\n<p>La tecnolog\u00eda PON prevalece sobre la fibra punto a punto<\/p>\n<\/blockquote>\n\n\n\n<p>Por el lado de la tecnolog\u00eda, los datos informan de una&nbsp;tendencia significativa en la que el PON prevalece gradual pero claramente sobre la fibra punto a punto, como consecuencia del progreso de las tecnolog\u00edas PON, por un lado, y el fuerte enfoque en el consumo de energ\u00eda y la sostenibilidad, por el otro.<\/p>\n\n\n\n<h5 class=\"wp-block-heading\">FTTH\/B en zonas rurales 2023<\/h5>\n\n\n\n<p>El&nbsp;<a href=\"https:\/\/www.blogger.com\/blog\/post\/edit\/9203335948979382529\/4670434810654097988#\">informe de FTTH\/B en zonas rurales 2023<\/a>&nbsp;muestra que para septiembre de 2022, solo el 41% de los habitantes rurales podr\u00edan disfrutar de las capacidades ofrecidas por la conectividad de fibra completa (en comparaci\u00f3n con el n\u00famero promedio del 56% de los hogares europeos en la regi\u00f3n EU27 + UK que est\u00e1n cubiertos por redes FTTH \/ B).&nbsp;Los cinco pa\u00edses con mayor cobertura rural de FTTH\/B son Dinamarca (86%), Rumania (83%), Letonia (77% Espa\u00f1a (74%) y Portugal (70%).&nbsp;El informe hace hincapi\u00e9 en que la cobertura de las zonas rurales en la UE27+Reino Unido est\u00e1 creciendo de manera constante y a un ritmo cada vez mayor en comparaci\u00f3n con las regiones no rurales; una clara indicaci\u00f3n de que el enfoque de las iniciativas de pol\u00edtica y regulaci\u00f3n se est\u00e1 desplazando hacia las \u00e1reas suburbanas y rurales.<\/p>\n\n\n\n<h5 class=\"wp-block-heading\">Financiaci\u00f3n de la fibra en Europa<\/h5>\n\n\n\n<p>Financiar la fibra \u00f3ptica es cada vez m\u00e1s dif\u00edcil. Los inversores y empresarios necesitan orientaci\u00f3n. Con este fin, el&nbsp;Comit\u00e9 de Inversores de FTTH Council Europe, apoyado por Macquarie, ha reunido y lanzado esta primera visi\u00f3n general de este tipo de transacciones de&nbsp;<a href=\"https:\/\/www.blogger.com\/blog\/post\/edit\/9203335948979382529\/4670434810654097988#\">financiaci\u00f3n de fibra en pa\u00edses europeos<\/a>&nbsp;seleccionados. Esto incluye las tendencias actuales, los factores de riesgo que est\u00e1n actualmente en el foco y las listas de transacciones espec\u00edficas de cada pa\u00eds que hemos visto en el mercado. Cuando esta informaci\u00f3n es p\u00fablica, estas listas incluyen el volumen de financiamiento, los bancos involucrados, los asesores financieros y legales, y los objetivos de expansi\u00f3n. El Comit\u00e9 de Inversores actualizar\u00e1 la informaci\u00f3n dos veces al a\u00f1o.<\/p>\n\n\n\n<h5 class=\"wp-block-heading\">Manual FTTH<\/h5>\n\n\n\n<p>El&nbsp;<a href=\"https:\/\/www.blogger.com\/blog\/post\/edit\/9203335948979382529\/4670434810654097988#\">Manual FTTH<\/a>&nbsp;del Comit\u00e9 de Despliegue y Operaciones del FTTH Council Europe se presenta como un recurso para la comunidad de fibra. El activo cubre todos los aspectos de la red, desde la oficina central hasta el equipo de abonado; Desde opciones de equipos pasivos hasta activos, y abarca todas las etapas: planificaci\u00f3n, dise\u00f1o, construcci\u00f3n y operaciones. La 9\u00aa edici\u00f3n, lanzada en 2021, incluy\u00f3 una nueva secci\u00f3n que examina el alcance y el papel de las&nbsp;herramientas digitales&nbsp;en todos los pasos del desarrollo de la red&nbsp;FTTx. La \u00faltima versi\u00f3n, lanzada durante la Conferencia FTTH 2023, incluye una serie de revisiones y actualizaciones detalladas centradas en temas como los&nbsp;despliegues a\u00e9reos.<\/p>\n\n\n\n<h5 class=\"wp-block-heading\">Gu\u00eda de excelencia en banda ancha en el hogar<\/h5>\n\n\n\n<p>Esta&nbsp;<a href=\"https:\/\/www.blogger.com\/blog\/post\/edit\/9203335948979382529\/4670434810654097988#\">gu\u00eda de excelencia en banda ancha en el hogar<\/a>&nbsp;fue escrita para ayudar a los proveedores de servicios de comunicaci\u00f3n a comprender el tema de la \u00abexcelencia de banda ancha en el hogar\u00bb y determinar el camino correcto para su organizaci\u00f3n. En la segunda edici\u00f3n, se han incorporado los enfoques h\u00edbridos y centrados en la nube para la gesti\u00f3n en el hogar, se han a\u00f1adido ideas sobre c\u00f3mo los ISP m\u00e1s peque\u00f1os y m\u00e1s grandes pueden&nbsp;abordar mejor la gesti\u00f3n y la monetizaci\u00f3n&nbsp;en el hogar de manera diferente, se ha hablado m\u00e1s sobre el importante debate en curso sobre el&nbsp;espectro de 6 GHz y las implicaciones para Wi-Fi. El documento tambi\u00e9n enfatiza la&nbsp;transici\u00f3n de \u00abvelocidad\u00bb a \u00abexperiencia\u00bb&nbsp;y proporciona una secci\u00f3n sobre el tema de la&nbsp;sostenibilidad&nbsp;que se est\u00e1 convirtiendo en cr\u00edtico para la industria.<\/p>\n\n\n\n<p>Fuente:&nbsp;<a>CRISTINA ALBARR\u00c1N (REDESTELECOM.ES)<\/a><a><time>20\/04\/2023<\/time><\/a><\/p>\n","protected":false},"excerpt":{"rendered":"<p class=\"text-justify\">Es una de las conclusiones de los nuevos informes presentados por el FTTH Council Europe en el marco de la Conferencia FTTH 2023 celebrada en Madrid. Como tambi\u00e9n lo es que, a nivel general, todav\u00eda existe una enorme brecha entre la cobertura de fibra y su adopci\u00f3n.<\/p>\n","protected":false},"author":1,"featured_media":53,"comment_status":"open","ping_status":"open","sticky":false,"template":"","format":"standard","meta":{"footnotes":""},"categories":[11],"tags":[56,48,47,52,49,51,50,54,53,9,7,55],"class_list":["post-52","post","type-post","status-publish","format-standard","has-post-thumbnail","hentry","category-noticias","tag-council-europe","tag-despliegue-de-fibra","tag-fibra","tag-fibra-zonas-rurales","tag-ftth-conference","tag-ftth-global-ranking","tag-ftth-investments-tracker","tag-guia-banda-ancha","tag-idate","tag-jeyjo","tag-jeyjo-material-de-oficina","tag-operadores-fibra"],"yoast_head":"<!-- This site is optimized with the Yoast SEO plugin v27.5 - https:\/\/yoast.com\/product\/yoast-seo-wordpress\/ -->\n<title>Boom del despliegue de fibra en las zonas rurales - Jeyjo<\/title>\n<meta name=\"robots\" content=\"index, follow, max-snippet:-1, max-image-preview:large, max-video-preview:-1\" \/>\n<link rel=\"canonical\" href=\"https:\/\/jeyjo.es\/blog\/index.php\/2023\/10\/25\/boom-del-despliegue-de-fibra-en-las-zonas-rurales\/\" \/>\n<meta property=\"og:locale\" content=\"es_ES\" \/>\n<meta property=\"og:type\" content=\"article\" \/>\n<meta property=\"og:title\" content=\"Boom del despliegue de fibra en las zonas rurales - Jeyjo\" \/>\n<meta property=\"og:description\" content=\"Es una de las conclusiones de los nuevos informes presentados por el FTTH Council Europe en el marco de la Conferencia FTTH 2023 celebrada en Madrid. Como tambi\u00e9n lo es que, a nivel general, todav\u00eda existe una enorme brecha entre la cobertura de fibra y su adopci\u00f3n.\" \/>\n<meta property=\"og:url\" content=\"https:\/\/jeyjo.es\/blog\/index.php\/2023\/10\/25\/boom-del-despliegue-de-fibra-en-las-zonas-rurales\/\" \/>\n<meta property=\"og:site_name\" content=\"Jeyjo\" \/>\n<meta property=\"article:publisher\" content=\"https:\/\/www.facebook.com\/jeyjo.papeleria.9\" \/>\n<meta property=\"article:published_time\" content=\"2023-10-25T16:37:42+00:00\" \/>\n<meta property=\"og:image\" content=\"https:\/\/jeyjo.es\/blog\/wp-content\/uploads\/2023\/10\/fibraftth-investments-trackerftth-conferenceidatedespliegue-de-fibrajeyjo-material-de-oficinajeyjofibra-zonas-ruralesftth-global-rankingguia-banda-anchacouncil-europeoperadores-fibra.jpg\" \/>\n\t<meta property=\"og:image:width\" content=\"1280\" \/>\n\t<meta property=\"og:image:height\" content=\"853\" \/>\n\t<meta property=\"og:image:type\" content=\"image\/jpeg\" \/>\n<meta name=\"author\" content=\"Jos\u00e9 Antonio\" \/>\n<meta name=\"twitter:card\" content=\"summary_large_image\" \/>\n<meta name=\"twitter:creator\" content=\"@jeyjooficinas\" \/>\n<meta name=\"twitter:site\" content=\"@jeyjooficinas\" \/>\n<meta name=\"twitter:label1\" content=\"Escrito por\" \/>\n\t<meta name=\"twitter:data1\" content=\"Jos\u00e9 Antonio\" \/>\n\t<meta name=\"twitter:label2\" content=\"Tiempo de lectura\" \/>\n\t<meta name=\"twitter:data2\" content=\"9 minutos\" \/>\n<script type=\"application\/ld+json\" class=\"yoast-schema-graph\">{\"@context\":\"https:\\\/\\\/schema.org\",\"@graph\":[{\"@type\":\"Article\",\"@id\":\"https:\\\/\\\/jeyjo.es\\\/blog\\\/index.php\\\/2023\\\/10\\\/25\\\/boom-del-despliegue-de-fibra-en-las-zonas-rurales\\\/#article\",\"isPartOf\":{\"@id\":\"https:\\\/\\\/jeyjo.es\\\/blog\\\/index.php\\\/2023\\\/10\\\/25\\\/boom-del-despliegue-de-fibra-en-las-zonas-rurales\\\/\"},\"author\":{\"name\":\"Jos\u00e9 Antonio\",\"@id\":\"https:\\\/\\\/jeyjo.es\\\/blog\\\/#\\\/schema\\\/person\\\/27b39b68644e2843617b9eb0877b528b\"},\"headline\":\"Boom del despliegue de fibra en las zonas rurales\",\"datePublished\":\"2023-10-25T16:37:42+00:00\",\"mainEntityOfPage\":{\"@id\":\"https:\\\/\\\/jeyjo.es\\\/blog\\\/index.php\\\/2023\\\/10\\\/25\\\/boom-del-despliegue-de-fibra-en-las-zonas-rurales\\\/\"},\"wordCount\":1809,\"commentCount\":0,\"publisher\":{\"@id\":\"https:\\\/\\\/jeyjo.es\\\/blog\\\/#organization\"},\"image\":{\"@id\":\"https:\\\/\\\/jeyjo.es\\\/blog\\\/index.php\\\/2023\\\/10\\\/25\\\/boom-del-despliegue-de-fibra-en-las-zonas-rurales\\\/#primaryimage\"},\"thumbnailUrl\":\"https:\\\/\\\/jeyjo.es\\\/blog\\\/wp-content\\\/uploads\\\/2023\\\/10\\\/fibraftth-investments-trackerftth-conferenceidatedespliegue-de-fibrajeyjo-material-de-oficinajeyjofibra-zonas-ruralesftth-global-rankingguia-banda-anchacouncil-europeoperadores-fibra.jpg\",\"keywords\":[\"council europe\",\"despliegue de fibra\",\"fibra\",\"fibra zonas rurales\",\"ftth conference\",\"ftth global ranking\",\"ftth investments tracker\",\"guia banda ancha\",\"idate\",\"jeyjo\",\"jeyjo material de oficina\",\"operadores fibra\"],\"articleSection\":[\"Noticias\"],\"inLanguage\":\"es\",\"potentialAction\":[{\"@type\":\"CommentAction\",\"name\":\"Comment\",\"target\":[\"https:\\\/\\\/jeyjo.es\\\/blog\\\/index.php\\\/2023\\\/10\\\/25\\\/boom-del-despliegue-de-fibra-en-las-zonas-rurales\\\/#respond\"]}]},{\"@type\":\"WebPage\",\"@id\":\"https:\\\/\\\/jeyjo.es\\\/blog\\\/index.php\\\/2023\\\/10\\\/25\\\/boom-del-despliegue-de-fibra-en-las-zonas-rurales\\\/\",\"url\":\"https:\\\/\\\/jeyjo.es\\\/blog\\\/index.php\\\/2023\\\/10\\\/25\\\/boom-del-despliegue-de-fibra-en-las-zonas-rurales\\\/\",\"name\":\"Boom del despliegue de fibra en las zonas rurales - Jeyjo\",\"isPartOf\":{\"@id\":\"https:\\\/\\\/jeyjo.es\\\/blog\\\/#website\"},\"primaryImageOfPage\":{\"@id\":\"https:\\\/\\\/jeyjo.es\\\/blog\\\/index.php\\\/2023\\\/10\\\/25\\\/boom-del-despliegue-de-fibra-en-las-zonas-rurales\\\/#primaryimage\"},\"image\":{\"@id\":\"https:\\\/\\\/jeyjo.es\\\/blog\\\/index.php\\\/2023\\\/10\\\/25\\\/boom-del-despliegue-de-fibra-en-las-zonas-rurales\\\/#primaryimage\"},\"thumbnailUrl\":\"https:\\\/\\\/jeyjo.es\\\/blog\\\/wp-content\\\/uploads\\\/2023\\\/10\\\/fibraftth-investments-trackerftth-conferenceidatedespliegue-de-fibrajeyjo-material-de-oficinajeyjofibra-zonas-ruralesftth-global-rankingguia-banda-anchacouncil-europeoperadores-fibra.jpg\",\"datePublished\":\"2023-10-25T16:37:42+00:00\",\"breadcrumb\":{\"@id\":\"https:\\\/\\\/jeyjo.es\\\/blog\\\/index.php\\\/2023\\\/10\\\/25\\\/boom-del-despliegue-de-fibra-en-las-zonas-rurales\\\/#breadcrumb\"},\"inLanguage\":\"es\",\"potentialAction\":[{\"@type\":\"ReadAction\",\"target\":[\"https:\\\/\\\/jeyjo.es\\\/blog\\\/index.php\\\/2023\\\/10\\\/25\\\/boom-del-despliegue-de-fibra-en-las-zonas-rurales\\\/\"]}]},{\"@type\":\"ImageObject\",\"inLanguage\":\"es\",\"@id\":\"https:\\\/\\\/jeyjo.es\\\/blog\\\/index.php\\\/2023\\\/10\\\/25\\\/boom-del-despliegue-de-fibra-en-las-zonas-rurales\\\/#primaryimage\",\"url\":\"https:\\\/\\\/jeyjo.es\\\/blog\\\/wp-content\\\/uploads\\\/2023\\\/10\\\/fibraftth-investments-trackerftth-conferenceidatedespliegue-de-fibrajeyjo-material-de-oficinajeyjofibra-zonas-ruralesftth-global-rankingguia-banda-anchacouncil-europeoperadores-fibra.jpg\",\"contentUrl\":\"https:\\\/\\\/jeyjo.es\\\/blog\\\/wp-content\\\/uploads\\\/2023\\\/10\\\/fibraftth-investments-trackerftth-conferenceidatedespliegue-de-fibrajeyjo-material-de-oficinajeyjofibra-zonas-ruralesftth-global-rankingguia-banda-anchacouncil-europeoperadores-fibra.jpg\",\"width\":1280,\"height\":853,\"caption\":\"Es una de las conclusiones de los nuevos informes presentados por el FTTH Council Europe en el marco de la Conferencia FTTH 2023 celebrada en Madrid. Como tambi\u00e9n lo es que, a nivel general, todav\u00eda existe una enorme brecha entre la cobertura de fibra y su adopci\u00f3n.\"},{\"@type\":\"BreadcrumbList\",\"@id\":\"https:\\\/\\\/jeyjo.es\\\/blog\\\/index.php\\\/2023\\\/10\\\/25\\\/boom-del-despliegue-de-fibra-en-las-zonas-rurales\\\/#breadcrumb\",\"itemListElement\":[{\"@type\":\"ListItem\",\"position\":1,\"name\":\"Portada\",\"item\":\"https:\\\/\\\/jeyjo.es\\\/blog\\\/\"},{\"@type\":\"ListItem\",\"position\":2,\"name\":\"Boom del despliegue de fibra en las zonas rurales\"}]},{\"@type\":\"WebSite\",\"@id\":\"https:\\\/\\\/jeyjo.es\\\/blog\\\/#website\",\"url\":\"https:\\\/\\\/jeyjo.es\\\/blog\\\/\",\"name\":\"Blog para conocer todo sobre la oficina y el colegio\",\"description\":\"El Blog de tu Oficina - Expertos en Material de Oficina, Papeler\u00eda y Mobiliario\",\"publisher\":{\"@id\":\"https:\\\/\\\/jeyjo.es\\\/blog\\\/#organization\"},\"potentialAction\":[{\"@type\":\"SearchAction\",\"target\":{\"@type\":\"EntryPoint\",\"urlTemplate\":\"https:\\\/\\\/jeyjo.es\\\/blog\\\/?s={search_term_string}\"},\"query-input\":{\"@type\":\"PropertyValueSpecification\",\"valueRequired\":true,\"valueName\":\"search_term_string\"}}],\"inLanguage\":\"es\"},{\"@type\":\"Organization\",\"@id\":\"https:\\\/\\\/jeyjo.es\\\/blog\\\/#organization\",\"name\":\"Jeyjo Material de Oficina\",\"url\":\"https:\\\/\\\/jeyjo.es\\\/blog\\\/\",\"logo\":{\"@type\":\"ImageObject\",\"inLanguage\":\"es\",\"@id\":\"https:\\\/\\\/jeyjo.es\\\/blog\\\/#\\\/schema\\\/logo\\\/image\\\/\",\"url\":\"https:\\\/\\\/jeyjo.es\\\/blog\\\/wp-content\\\/uploads\\\/2023\\\/10\\\/LOGOTIPO-COLOR-cac-150px.jpg\",\"contentUrl\":\"https:\\\/\\\/jeyjo.es\\\/blog\\\/wp-content\\\/uploads\\\/2023\\\/10\\\/LOGOTIPO-COLOR-cac-150px.jpg\",\"width\":1771,\"height\":1006,\"caption\":\"Jeyjo Material de Oficina\"},\"image\":{\"@id\":\"https:\\\/\\\/jeyjo.es\\\/blog\\\/#\\\/schema\\\/logo\\\/image\\\/\"},\"sameAs\":[\"https:\\\/\\\/www.facebook.com\\\/jeyjo.papeleria.9\",\"https:\\\/\\\/x.com\\\/jeyjooficinas\",\"https:\\\/\\\/www.youtube.com\\\/channel\\\/UCUNp2bZMllJUVIAMZYdGZ8Q\",\"https:\\\/\\\/www.instagram.com\\\/jeyjomaterialdeoficina\\\/\",\"https:\\\/\\\/www.linkedin.com\\\/in\\\/jeyjo-material-de-oficina-aba48b49\"]},{\"@type\":\"Person\",\"@id\":\"https:\\\/\\\/jeyjo.es\\\/blog\\\/#\\\/schema\\\/person\\\/27b39b68644e2843617b9eb0877b528b\",\"name\":\"Jos\u00e9 Antonio\",\"image\":{\"@type\":\"ImageObject\",\"inLanguage\":\"es\",\"@id\":\"https:\\\/\\\/secure.gravatar.com\\\/avatar\\\/e8bbcf4f7a3e91ea18ca5e076249495fd4bcbc0c9bd4e3fb6c8294649ec86fcc?s=96&d=mm&r=g\",\"url\":\"https:\\\/\\\/secure.gravatar.com\\\/avatar\\\/e8bbcf4f7a3e91ea18ca5e076249495fd4bcbc0c9bd4e3fb6c8294649ec86fcc?s=96&d=mm&r=g\",\"contentUrl\":\"https:\\\/\\\/secure.gravatar.com\\\/avatar\\\/e8bbcf4f7a3e91ea18ca5e076249495fd4bcbc0c9bd4e3fb6c8294649ec86fcc?s=96&d=mm&r=g\",\"caption\":\"Jos\u00e9 Antonio\"},\"sameAs\":[\"http:\\\/\\\/jeyjo.es\\\/blog\"],\"url\":\"https:\\\/\\\/jeyjo.es\\\/blog\\\/index.php\\\/author\\\/programador\\\/\"}]}<\/script>\n<!-- \/ Yoast SEO plugin. -->","yoast_head_json":{"title":"Boom del despliegue de fibra en las zonas rurales - Jeyjo","robots":{"index":"index","follow":"follow","max-snippet":"max-snippet:-1","max-image-preview":"max-image-preview:large","max-video-preview":"max-video-preview:-1"},"canonical":"https:\/\/jeyjo.es\/blog\/index.php\/2023\/10\/25\/boom-del-despliegue-de-fibra-en-las-zonas-rurales\/","og_locale":"es_ES","og_type":"article","og_title":"Boom del despliegue de fibra en las zonas rurales - Jeyjo","og_description":"Es una de las conclusiones de los nuevos informes presentados por el FTTH Council Europe en el marco de la Conferencia FTTH 2023 celebrada en Madrid. Como tambi\u00e9n lo es que, a nivel general, todav\u00eda existe una enorme brecha entre la cobertura de fibra y su adopci\u00f3n.","og_url":"https:\/\/jeyjo.es\/blog\/index.php\/2023\/10\/25\/boom-del-despliegue-de-fibra-en-las-zonas-rurales\/","og_site_name":"Jeyjo","article_publisher":"https:\/\/www.facebook.com\/jeyjo.papeleria.9","article_published_time":"2023-10-25T16:37:42+00:00","og_image":[{"width":1280,"height":853,"url":"https:\/\/jeyjo.es\/blog\/wp-content\/uploads\/2023\/10\/fibraftth-investments-trackerftth-conferenceidatedespliegue-de-fibrajeyjo-material-de-oficinajeyjofibra-zonas-ruralesftth-global-rankingguia-banda-anchacouncil-europeoperadores-fibra.jpg","type":"image\/jpeg"}],"author":"Jos\u00e9 Antonio","twitter_card":"summary_large_image","twitter_creator":"@jeyjooficinas","twitter_site":"@jeyjooficinas","twitter_misc":{"Escrito por":"Jos\u00e9 Antonio","Tiempo de lectura":"9 minutos"},"schema":{"@context":"https:\/\/schema.org","@graph":[{"@type":"Article","@id":"https:\/\/jeyjo.es\/blog\/index.php\/2023\/10\/25\/boom-del-despliegue-de-fibra-en-las-zonas-rurales\/#article","isPartOf":{"@id":"https:\/\/jeyjo.es\/blog\/index.php\/2023\/10\/25\/boom-del-despliegue-de-fibra-en-las-zonas-rurales\/"},"author":{"name":"Jos\u00e9 Antonio","@id":"https:\/\/jeyjo.es\/blog\/#\/schema\/person\/27b39b68644e2843617b9eb0877b528b"},"headline":"Boom del despliegue de fibra en las zonas rurales","datePublished":"2023-10-25T16:37:42+00:00","mainEntityOfPage":{"@id":"https:\/\/jeyjo.es\/blog\/index.php\/2023\/10\/25\/boom-del-despliegue-de-fibra-en-las-zonas-rurales\/"},"wordCount":1809,"commentCount":0,"publisher":{"@id":"https:\/\/jeyjo.es\/blog\/#organization"},"image":{"@id":"https:\/\/jeyjo.es\/blog\/index.php\/2023\/10\/25\/boom-del-despliegue-de-fibra-en-las-zonas-rurales\/#primaryimage"},"thumbnailUrl":"https:\/\/jeyjo.es\/blog\/wp-content\/uploads\/2023\/10\/fibraftth-investments-trackerftth-conferenceidatedespliegue-de-fibrajeyjo-material-de-oficinajeyjofibra-zonas-ruralesftth-global-rankingguia-banda-anchacouncil-europeoperadores-fibra.jpg","keywords":["council europe","despliegue de fibra","fibra","fibra zonas rurales","ftth conference","ftth global ranking","ftth investments tracker","guia banda ancha","idate","jeyjo","jeyjo material de oficina","operadores fibra"],"articleSection":["Noticias"],"inLanguage":"es","potentialAction":[{"@type":"CommentAction","name":"Comment","target":["https:\/\/jeyjo.es\/blog\/index.php\/2023\/10\/25\/boom-del-despliegue-de-fibra-en-las-zonas-rurales\/#respond"]}]},{"@type":"WebPage","@id":"https:\/\/jeyjo.es\/blog\/index.php\/2023\/10\/25\/boom-del-despliegue-de-fibra-en-las-zonas-rurales\/","url":"https:\/\/jeyjo.es\/blog\/index.php\/2023\/10\/25\/boom-del-despliegue-de-fibra-en-las-zonas-rurales\/","name":"Boom del despliegue de fibra en las zonas rurales - Jeyjo","isPartOf":{"@id":"https:\/\/jeyjo.es\/blog\/#website"},"primaryImageOfPage":{"@id":"https:\/\/jeyjo.es\/blog\/index.php\/2023\/10\/25\/boom-del-despliegue-de-fibra-en-las-zonas-rurales\/#primaryimage"},"image":{"@id":"https:\/\/jeyjo.es\/blog\/index.php\/2023\/10\/25\/boom-del-despliegue-de-fibra-en-las-zonas-rurales\/#primaryimage"},"thumbnailUrl":"https:\/\/jeyjo.es\/blog\/wp-content\/uploads\/2023\/10\/fibraftth-investments-trackerftth-conferenceidatedespliegue-de-fibrajeyjo-material-de-oficinajeyjofibra-zonas-ruralesftth-global-rankingguia-banda-anchacouncil-europeoperadores-fibra.jpg","datePublished":"2023-10-25T16:37:42+00:00","breadcrumb":{"@id":"https:\/\/jeyjo.es\/blog\/index.php\/2023\/10\/25\/boom-del-despliegue-de-fibra-en-las-zonas-rurales\/#breadcrumb"},"inLanguage":"es","potentialAction":[{"@type":"ReadAction","target":["https:\/\/jeyjo.es\/blog\/index.php\/2023\/10\/25\/boom-del-despliegue-de-fibra-en-las-zonas-rurales\/"]}]},{"@type":"ImageObject","inLanguage":"es","@id":"https:\/\/jeyjo.es\/blog\/index.php\/2023\/10\/25\/boom-del-despliegue-de-fibra-en-las-zonas-rurales\/#primaryimage","url":"https:\/\/jeyjo.es\/blog\/wp-content\/uploads\/2023\/10\/fibraftth-investments-trackerftth-conferenceidatedespliegue-de-fibrajeyjo-material-de-oficinajeyjofibra-zonas-ruralesftth-global-rankingguia-banda-anchacouncil-europeoperadores-fibra.jpg","contentUrl":"https:\/\/jeyjo.es\/blog\/wp-content\/uploads\/2023\/10\/fibraftth-investments-trackerftth-conferenceidatedespliegue-de-fibrajeyjo-material-de-oficinajeyjofibra-zonas-ruralesftth-global-rankingguia-banda-anchacouncil-europeoperadores-fibra.jpg","width":1280,"height":853,"caption":"Es una de las conclusiones de los nuevos informes presentados por el FTTH Council Europe en el marco de la Conferencia FTTH 2023 celebrada en Madrid. Como tambi\u00e9n lo es que, a nivel general, todav\u00eda existe una enorme brecha entre la cobertura de fibra y su adopci\u00f3n."},{"@type":"BreadcrumbList","@id":"https:\/\/jeyjo.es\/blog\/index.php\/2023\/10\/25\/boom-del-despliegue-de-fibra-en-las-zonas-rurales\/#breadcrumb","itemListElement":[{"@type":"ListItem","position":1,"name":"Portada","item":"https:\/\/jeyjo.es\/blog\/"},{"@type":"ListItem","position":2,"name":"Boom del despliegue de fibra en las zonas rurales"}]},{"@type":"WebSite","@id":"https:\/\/jeyjo.es\/blog\/#website","url":"https:\/\/jeyjo.es\/blog\/","name":"Blog para conocer todo sobre la oficina y el colegio","description":"El Blog de tu Oficina - Expertos en Material de Oficina, Papeler\u00eda y Mobiliario","publisher":{"@id":"https:\/\/jeyjo.es\/blog\/#organization"},"potentialAction":[{"@type":"SearchAction","target":{"@type":"EntryPoint","urlTemplate":"https:\/\/jeyjo.es\/blog\/?s={search_term_string}"},"query-input":{"@type":"PropertyValueSpecification","valueRequired":true,"valueName":"search_term_string"}}],"inLanguage":"es"},{"@type":"Organization","@id":"https:\/\/jeyjo.es\/blog\/#organization","name":"Jeyjo Material de Oficina","url":"https:\/\/jeyjo.es\/blog\/","logo":{"@type":"ImageObject","inLanguage":"es","@id":"https:\/\/jeyjo.es\/blog\/#\/schema\/logo\/image\/","url":"https:\/\/jeyjo.es\/blog\/wp-content\/uploads\/2023\/10\/LOGOTIPO-COLOR-cac-150px.jpg","contentUrl":"https:\/\/jeyjo.es\/blog\/wp-content\/uploads\/2023\/10\/LOGOTIPO-COLOR-cac-150px.jpg","width":1771,"height":1006,"caption":"Jeyjo Material de Oficina"},"image":{"@id":"https:\/\/jeyjo.es\/blog\/#\/schema\/logo\/image\/"},"sameAs":["https:\/\/www.facebook.com\/jeyjo.papeleria.9","https:\/\/x.com\/jeyjooficinas","https:\/\/www.youtube.com\/channel\/UCUNp2bZMllJUVIAMZYdGZ8Q","https:\/\/www.instagram.com\/jeyjomaterialdeoficina\/","https:\/\/www.linkedin.com\/in\/jeyjo-material-de-oficina-aba48b49"]},{"@type":"Person","@id":"https:\/\/jeyjo.es\/blog\/#\/schema\/person\/27b39b68644e2843617b9eb0877b528b","name":"Jos\u00e9 Antonio","image":{"@type":"ImageObject","inLanguage":"es","@id":"https:\/\/secure.gravatar.com\/avatar\/e8bbcf4f7a3e91ea18ca5e076249495fd4bcbc0c9bd4e3fb6c8294649ec86fcc?s=96&d=mm&r=g","url":"https:\/\/secure.gravatar.com\/avatar\/e8bbcf4f7a3e91ea18ca5e076249495fd4bcbc0c9bd4e3fb6c8294649ec86fcc?s=96&d=mm&r=g","contentUrl":"https:\/\/secure.gravatar.com\/avatar\/e8bbcf4f7a3e91ea18ca5e076249495fd4bcbc0c9bd4e3fb6c8294649ec86fcc?s=96&d=mm&r=g","caption":"Jos\u00e9 Antonio"},"sameAs":["http:\/\/jeyjo.es\/blog"],"url":"https:\/\/jeyjo.es\/blog\/index.php\/author\/programador\/"}]}},"_links":{"self":[{"href":"https:\/\/jeyjo.es\/blog\/index.php\/wp-json\/wp\/v2\/posts\/52","targetHints":{"allow":["GET"]}}],"collection":[{"href":"https:\/\/jeyjo.es\/blog\/index.php\/wp-json\/wp\/v2\/posts"}],"about":[{"href":"https:\/\/jeyjo.es\/blog\/index.php\/wp-json\/wp\/v2\/types\/post"}],"author":[{"embeddable":true,"href":"https:\/\/jeyjo.es\/blog\/index.php\/wp-json\/wp\/v2\/users\/1"}],"replies":[{"embeddable":true,"href":"https:\/\/jeyjo.es\/blog\/index.php\/wp-json\/wp\/v2\/comments?post=52"}],"version-history":[{"count":1,"href":"https:\/\/jeyjo.es\/blog\/index.php\/wp-json\/wp\/v2\/posts\/52\/revisions"}],"predecessor-version":[{"id":54,"href":"https:\/\/jeyjo.es\/blog\/index.php\/wp-json\/wp\/v2\/posts\/52\/revisions\/54"}],"wp:featuredmedia":[{"embeddable":true,"href":"https:\/\/jeyjo.es\/blog\/index.php\/wp-json\/wp\/v2\/media\/53"}],"wp:attachment":[{"href":"https:\/\/jeyjo.es\/blog\/index.php\/wp-json\/wp\/v2\/media?parent=52"}],"wp:term":[{"taxonomy":"category","embeddable":true,"href":"https:\/\/jeyjo.es\/blog\/index.php\/wp-json\/wp\/v2\/categories?post=52"},{"taxonomy":"post_tag","embeddable":true,"href":"https:\/\/jeyjo.es\/blog\/index.php\/wp-json\/wp\/v2\/tags?post=52"}],"curies":[{"name":"wp","href":"https:\/\/api.w.org\/{rel}","templated":true}]}}