{"id":2337,"date":"2025-12-09T19:07:34","date_gmt":"2025-12-09T18:07:34","guid":{"rendered":"https:\/\/jeyjo.es\/blog\/?p=2337"},"modified":"2025-12-09T19:07:36","modified_gmt":"2025-12-09T18:07:36","slug":"de-un-taller-de-carpinteria-al-imperio-del-lapiz-la-historia-y-actualidad-de-faber-castell","status":"publish","type":"post","link":"https:\/\/jeyjo.es\/blog\/index.php\/2025\/12\/09\/de-un-taller-de-carpinteria-al-imperio-del-lapiz-la-historia-y-actualidad-de-faber-castell\/","title":{"rendered":"De un taller de carpinter\u00eda al imperio del l\u00e1piz: La historia y actualidad de Faber-Castell"},"content":{"rendered":"\n<p>Cuando pensamos en l\u00e1pices de colores o en el cl\u00e1sico grafito verde con letras doradas, un nombre nos viene a la mente casi de inmediato: <strong><a href=\"https:\/\/www.faber-castell.es\/\">Faber-Castell<\/a><\/strong>. Pero, \u00bfalguna vez te has preguntado c\u00f3mo una peque\u00f1a empresa familiar alemana logr\u00f3 convertirse en el mayor fabricante de l\u00e1pices del mundo?<\/p>\n\n\n\n<p>La historia de <a href=\"https:\/\/www.faber-castell.es\/\">Faber-Castell<\/a> no es solo la cronolog\u00eda de una empresa; es un relato de innovaci\u00f3n, nobleza y, sorprendentemente, una pionera conciencia ecol\u00f3gica que comenz\u00f3 mucho antes de que la \u00absostenibilidad\u00bb fuera una palabra de moda.<\/p>\n\n\n\n<h4 class=\"wp-block-heading\">Los or\u00edgenes humildes: 1761<\/h4>\n\n\n\n<p>Todo comenz\u00f3 en <strong>1761<\/strong> en Stein, cerca de N\u00faremberg (Alemania). All\u00ed, un carpintero llamado <strong>Kaspar Faber<\/strong> empez\u00f3 a fabricar l\u00e1pices en su tiempo libre. Lo que inici\u00f3 como un peque\u00f1o taller artesanal pronto gan\u00f3 fama local gracias a la calidad de sus minas, sentando las bases de lo que, ocho generaciones despu\u00e9s, sigue siendo una potencia familiar.<\/p>\n\n\n\n<h4 class=\"wp-block-heading\">La visi\u00f3n de Lothar von Faber<\/h4>\n\n\n\n<p>El verdadero punto de inflexi\u00f3n lleg\u00f3 a mediados del siglo XIX con la cuarta generaci\u00f3n: <strong>Lothar von Faber<\/strong>. \u00c9l no solo moderniz\u00f3 la f\u00e1brica, sino que tuvo una visi\u00f3n que cambiar\u00eda la industria para siempre: <strong>crear la primera marca de \u00fatiles de escritura del mundo<\/strong>.<\/p>\n\n\n\n<p>Lothar estableci\u00f3 est\u00e1ndares de calidad que siguen vigentes hoy (como la longitud y dureza de los l\u00e1pices) y grab\u00f3 \u00abA.W. Faber\u00bb en cada pieza, convirtiendo un simple utensilio en un producto de prestigio. Su \u00e9xito fue tal que fue ennoblecido, elevando el estatus social de la familia.<\/p>\n\n\n\n<figure class=\"wp-block-image size-full\"><img loading=\"lazy\" decoding=\"async\" width=\"1024\" height=\"559\" src=\"https:\/\/jeyjo.es\/blog\/wp-content\/uploads\/2025\/12\/La-fabrica-de-Faber-Castell-en-Stein-Alemania-a-finales-del-siglo-XIX-reflejando-su-crecimiento-industrial.jpg\" alt=\"La f\u00e1brica de Faber-Castell en Stein, Alemania, a finales del siglo XIX, reflejando su crecimiento industrial\" class=\"wp-image-2340\" srcset=\"https:\/\/jeyjo.es\/blog\/wp-content\/uploads\/2025\/12\/La-fabrica-de-Faber-Castell-en-Stein-Alemania-a-finales-del-siglo-XIX-reflejando-su-crecimiento-industrial.jpg 1024w, https:\/\/jeyjo.es\/blog\/wp-content\/uploads\/2025\/12\/La-fabrica-de-Faber-Castell-en-Stein-Alemania-a-finales-del-siglo-XIX-reflejando-su-crecimiento-industrial-300x164.jpg 300w, https:\/\/jeyjo.es\/blog\/wp-content\/uploads\/2025\/12\/La-fabrica-de-Faber-Castell-en-Stein-Alemania-a-finales-del-siglo-XIX-reflejando-su-crecimiento-industrial-768x419.jpg 768w\" sizes=\"auto, (max-width: 1024px) 100vw, 1024px\" \/><\/figure>\n\n\n\n<h4 class=\"wp-block-heading\">Una boda que cambi\u00f3 el nombre<\/h4>\n\n\n\n<p>La marca que conocemos hoy naci\u00f3 de una historia de amor y estrategia. A finales del siglo XIX, la nieta de Lothar, la baronesa <strong>Ottilie von Faber<\/strong>, se cas\u00f3 con el conde <strong>Alexander zu Castell-R\u00fcdenhausen<\/strong>.<\/p>\n\n\n\n<p>Para preservar el apellido de la familia fundadora, el abuelo Lothar hab\u00eda estipulado en su testamento que el nombre \u00abFaber\u00bb deb\u00eda conservarse. As\u00ed, tras la boda en 1898, se cre\u00f3 el nuevo linaje y la marca definitiva: <strong>Faber-Castell<\/strong>. Poco despu\u00e9s, en 1905, el conde Alexander lanz\u00f3 el legendario l\u00e1piz <strong>Castell 9000<\/strong>, el inconfundible l\u00e1piz verde que sigue siendo un icono del dise\u00f1o y la calidad.<\/p>\n\n\n\n<h4 class=\"wp-block-heading\">Pioneros en Sostenibilidad<\/h4>\n\n\n\n<p>En la historia reciente, la figura del <strong>Conde Anton-Wolfgang von <a href=\"https:\/\/www.faber-castell.es\/\">Faber-Castell<\/a><\/strong> (quien dirigi\u00f3 la empresa durante casi 40 a\u00f1os hasta 2016) fue crucial. \u00c9l entendi\u00f3 que para seguir fabricando l\u00e1pices de madera en el futuro, deb\u00edan cuidar la naturaleza hoy.<\/p>\n\n\n\n<p>Faber-Castell posee <strong>10.000 hect\u00e1reas de bosque propio en Brasil<\/strong>, un \u00abpulm\u00f3n verde\u00bb que absorbe m\u00e1s di\u00f3xido de carbono del que la empresa emite en todo el mundo. Esto los convierte en una de las pocas compa\u00f1\u00edas industriales certificadas como <strong>carbono neutral<\/strong>. Adem\u00e1s, utilizan barnices ecol\u00f3gicos a base de agua y el 85% de la energ\u00eda que consumen proviene de fuentes renovables.<\/p>\n\n\n\n<h4 class=\"wp-block-heading\">Faber-Castell en la actualidad<\/h4>\n\n\n\n<p>Hoy en d\u00eda, bajo la direcci\u00f3n de <strong>Stefan Leitz<\/strong> (el segundo CEO externo a la familia en m\u00e1s de 260 a\u00f1os), la empresa sigue innovando. Desde su l\u00ednea de lujo <em>Graf von Faber-Castell<\/em> hasta los productos escolares y creativos, la compa\u00f1\u00eda ha sabido adaptarse a la era digital, posicionando sus productos no como herramientas obsoletas, sino como compa\u00f1eros indispensables para la creatividad humana y el \u00abdeslounge\u00bb digital.<\/p>\n\n\n\n<p>En <strong>Jeyjo<\/strong>, admiramos esa mezcla de tradici\u00f3n y respeto por el medio ambiente, por lo que estamos orgullosos de contar con sus mejores productos en <a href=\"https:\/\/jeyjo.es\/index.php?controller=search&amp;s=faber-castell\">nuestro cat\u00e1logo<\/a>.<\/p>\n\n\n\n<figure class=\"wp-block-image size-full\"><img loading=\"lazy\" decoding=\"async\" width=\"1024\" height=\"559\" src=\"https:\/\/jeyjo.es\/blog\/wp-content\/uploads\/2025\/12\/Los-bosques-sostenibles-de-Faber-Castell-en-Brasil-fuente-de-su-madera-y-clave-para-su-neutralidad-de-carbono.jpg\" alt=\"Los bosques sostenibles de Faber-Castell en Brasil, fuente de su madera y clave para su neutralidad de carbono\" class=\"wp-image-2339\" srcset=\"https:\/\/jeyjo.es\/blog\/wp-content\/uploads\/2025\/12\/Los-bosques-sostenibles-de-Faber-Castell-en-Brasil-fuente-de-su-madera-y-clave-para-su-neutralidad-de-carbono.jpg 1024w, https:\/\/jeyjo.es\/blog\/wp-content\/uploads\/2025\/12\/Los-bosques-sostenibles-de-Faber-Castell-en-Brasil-fuente-de-su-madera-y-clave-para-su-neutralidad-de-carbono-300x164.jpg 300w, https:\/\/jeyjo.es\/blog\/wp-content\/uploads\/2025\/12\/Los-bosques-sostenibles-de-Faber-Castell-en-Brasil-fuente-de-su-madera-y-clave-para-su-neutralidad-de-carbono-768x419.jpg 768w\" sizes=\"auto, (max-width: 1024px) 100vw, 1024px\" \/><\/figure>\n","protected":false},"excerpt":{"rendered":"<p class=\"text-justify\">Cuando pensamos en l\u00e1pices de colores o en el cl\u00e1sico grafito verde con letras doradas, un nombre nos viene a la mente [&hellip;]<\/p>\n","protected":false},"author":1,"featured_media":2338,"comment_status":"open","ping_status":"open","sticky":false,"template":"","format":"standard","meta":{"footnotes":""},"categories":[1],"tags":[1321,1319,1320,1322],"class_list":["post-2337","post","type-post","status-publish","format-standard","has-post-thumbnail","hentry","category-sin-categoria","tag-castell-9000","tag-lapices-sostenibles","tag-lothar-von-faber","tag-origen-faber-castell"],"yoast_head":"<!-- This site is optimized with the Yoast SEO plugin v27.5 - https:\/\/yoast.com\/product\/yoast-seo-wordpress\/ -->\n<title>historia-actualidad-faber-castell<\/title>\n<meta name=\"description\" content=\"Descubre la historia de Faber-Castell: desde su origen en 1761 hasta ser l\u00edder mundial en l\u00e1pices sostenibles. Conoce la evoluci\u00f3n de esta marca\" \/>\n<meta name=\"robots\" content=\"index, follow, max-snippet:-1, max-image-preview:large, max-video-preview:-1\" \/>\n<link rel=\"canonical\" href=\"https:\/\/jeyjo.es\/blog\/index.php\/2025\/12\/09\/de-un-taller-de-carpinteria-al-imperio-del-lapiz-la-historia-y-actualidad-de-faber-castell\/\" \/>\n<meta property=\"og:locale\" content=\"es_ES\" \/>\n<meta property=\"og:type\" content=\"article\" \/>\n<meta property=\"og:title\" content=\"historia-actualidad-faber-castell\" \/>\n<meta property=\"og:description\" content=\"Descubre la historia de Faber-Castell: desde su origen en 1761 hasta ser l\u00edder mundial en l\u00e1pices sostenibles. Conoce la evoluci\u00f3n de esta marca\" \/>\n<meta property=\"og:url\" content=\"https:\/\/jeyjo.es\/blog\/index.php\/2025\/12\/09\/de-un-taller-de-carpinteria-al-imperio-del-lapiz-la-historia-y-actualidad-de-faber-castell\/\" \/>\n<meta property=\"og:site_name\" content=\"Jeyjo\" \/>\n<meta property=\"article:publisher\" content=\"https:\/\/www.facebook.com\/jeyjo.papeleria.9\" \/>\n<meta property=\"article:published_time\" content=\"2025-12-09T18:07:34+00:00\" \/>\n<meta property=\"article:modified_time\" content=\"2025-12-09T18:07:36+00:00\" \/>\n<meta property=\"og:image\" content=\"https:\/\/jeyjo.es\/blog\/wp-content\/uploads\/2025\/12\/Los-iconicos-lapices-Polychromos-y-Castell-9000-de-Faber-Castell-un-simbolo-de-calidad-y-color.jpg\" \/>\n\t<meta property=\"og:image:width\" content=\"1024\" \/>\n\t<meta property=\"og:image:height\" content=\"559\" \/>\n\t<meta property=\"og:image:type\" content=\"image\/jpeg\" \/>\n<meta name=\"author\" content=\"Jos\u00e9 Antonio\" \/>\n<meta name=\"twitter:card\" content=\"summary_large_image\" \/>\n<meta name=\"twitter:creator\" content=\"@jeyjooficinas\" \/>\n<meta name=\"twitter:site\" content=\"@jeyjooficinas\" \/>\n<meta name=\"twitter:label1\" content=\"Escrito por\" \/>\n\t<meta name=\"twitter:data1\" content=\"Jos\u00e9 Antonio\" \/>\n\t<meta name=\"twitter:label2\" content=\"Tiempo de lectura\" \/>\n\t<meta name=\"twitter:data2\" content=\"4 minutos\" \/>\n<script type=\"application\/ld+json\" class=\"yoast-schema-graph\">{\"@context\":\"https:\\\/\\\/schema.org\",\"@graph\":[{\"@type\":\"Article\",\"@id\":\"https:\\\/\\\/jeyjo.es\\\/blog\\\/index.php\\\/2025\\\/12\\\/09\\\/de-un-taller-de-carpinteria-al-imperio-del-lapiz-la-historia-y-actualidad-de-faber-castell\\\/#article\",\"isPartOf\":{\"@id\":\"https:\\\/\\\/jeyjo.es\\\/blog\\\/index.php\\\/2025\\\/12\\\/09\\\/de-un-taller-de-carpinteria-al-imperio-del-lapiz-la-historia-y-actualidad-de-faber-castell\\\/\"},\"author\":{\"name\":\"Jos\u00e9 Antonio\",\"@id\":\"https:\\\/\\\/jeyjo.es\\\/blog\\\/#\\\/schema\\\/person\\\/27b39b68644e2843617b9eb0877b528b\"},\"headline\":\"De un taller de carpinter\u00eda al imperio del l\u00e1piz: La historia y actualidad de Faber-Castell\",\"datePublished\":\"2025-12-09T18:07:34+00:00\",\"dateModified\":\"2025-12-09T18:07:36+00:00\",\"mainEntityOfPage\":{\"@id\":\"https:\\\/\\\/jeyjo.es\\\/blog\\\/index.php\\\/2025\\\/12\\\/09\\\/de-un-taller-de-carpinteria-al-imperio-del-lapiz-la-historia-y-actualidad-de-faber-castell\\\/\"},\"wordCount\":608,\"commentCount\":0,\"publisher\":{\"@id\":\"https:\\\/\\\/jeyjo.es\\\/blog\\\/#organization\"},\"image\":{\"@id\":\"https:\\\/\\\/jeyjo.es\\\/blog\\\/index.php\\\/2025\\\/12\\\/09\\\/de-un-taller-de-carpinteria-al-imperio-del-lapiz-la-historia-y-actualidad-de-faber-castell\\\/#primaryimage\"},\"thumbnailUrl\":\"https:\\\/\\\/jeyjo.es\\\/blog\\\/wp-content\\\/uploads\\\/2025\\\/12\\\/Los-iconicos-lapices-Polychromos-y-Castell-9000-de-Faber-Castell-un-simbolo-de-calidad-y-color.jpg\",\"keywords\":[\"Castell 9000\",\"L\u00e1pices sostenibles\",\"Lothar von Faber\",\"Origen Faber-Castell\"],\"inLanguage\":\"es\",\"potentialAction\":[{\"@type\":\"CommentAction\",\"name\":\"Comment\",\"target\":[\"https:\\\/\\\/jeyjo.es\\\/blog\\\/index.php\\\/2025\\\/12\\\/09\\\/de-un-taller-de-carpinteria-al-imperio-del-lapiz-la-historia-y-actualidad-de-faber-castell\\\/#respond\"]}]},{\"@type\":\"WebPage\",\"@id\":\"https:\\\/\\\/jeyjo.es\\\/blog\\\/index.php\\\/2025\\\/12\\\/09\\\/de-un-taller-de-carpinteria-al-imperio-del-lapiz-la-historia-y-actualidad-de-faber-castell\\\/\",\"url\":\"https:\\\/\\\/jeyjo.es\\\/blog\\\/index.php\\\/2025\\\/12\\\/09\\\/de-un-taller-de-carpinteria-al-imperio-del-lapiz-la-historia-y-actualidad-de-faber-castell\\\/\",\"name\":\"historia-actualidad-faber-castell\",\"isPartOf\":{\"@id\":\"https:\\\/\\\/jeyjo.es\\\/blog\\\/#website\"},\"primaryImageOfPage\":{\"@id\":\"https:\\\/\\\/jeyjo.es\\\/blog\\\/index.php\\\/2025\\\/12\\\/09\\\/de-un-taller-de-carpinteria-al-imperio-del-lapiz-la-historia-y-actualidad-de-faber-castell\\\/#primaryimage\"},\"image\":{\"@id\":\"https:\\\/\\\/jeyjo.es\\\/blog\\\/index.php\\\/2025\\\/12\\\/09\\\/de-un-taller-de-carpinteria-al-imperio-del-lapiz-la-historia-y-actualidad-de-faber-castell\\\/#primaryimage\"},\"thumbnailUrl\":\"https:\\\/\\\/jeyjo.es\\\/blog\\\/wp-content\\\/uploads\\\/2025\\\/12\\\/Los-iconicos-lapices-Polychromos-y-Castell-9000-de-Faber-Castell-un-simbolo-de-calidad-y-color.jpg\",\"datePublished\":\"2025-12-09T18:07:34+00:00\",\"dateModified\":\"2025-12-09T18:07:36+00:00\",\"description\":\"Descubre la historia de Faber-Castell: desde su origen en 1761 hasta ser l\u00edder mundial en l\u00e1pices sostenibles. Conoce la evoluci\u00f3n de esta marca\",\"breadcrumb\":{\"@id\":\"https:\\\/\\\/jeyjo.es\\\/blog\\\/index.php\\\/2025\\\/12\\\/09\\\/de-un-taller-de-carpinteria-al-imperio-del-lapiz-la-historia-y-actualidad-de-faber-castell\\\/#breadcrumb\"},\"inLanguage\":\"es\",\"potentialAction\":[{\"@type\":\"ReadAction\",\"target\":[\"https:\\\/\\\/jeyjo.es\\\/blog\\\/index.php\\\/2025\\\/12\\\/09\\\/de-un-taller-de-carpinteria-al-imperio-del-lapiz-la-historia-y-actualidad-de-faber-castell\\\/\"]}]},{\"@type\":\"ImageObject\",\"inLanguage\":\"es\",\"@id\":\"https:\\\/\\\/jeyjo.es\\\/blog\\\/index.php\\\/2025\\\/12\\\/09\\\/de-un-taller-de-carpinteria-al-imperio-del-lapiz-la-historia-y-actualidad-de-faber-castell\\\/#primaryimage\",\"url\":\"https:\\\/\\\/jeyjo.es\\\/blog\\\/wp-content\\\/uploads\\\/2025\\\/12\\\/Los-iconicos-lapices-Polychromos-y-Castell-9000-de-Faber-Castell-un-simbolo-de-calidad-y-color.jpg\",\"contentUrl\":\"https:\\\/\\\/jeyjo.es\\\/blog\\\/wp-content\\\/uploads\\\/2025\\\/12\\\/Los-iconicos-lapices-Polychromos-y-Castell-9000-de-Faber-Castell-un-simbolo-de-calidad-y-color.jpg\",\"width\":1024,\"height\":559,\"caption\":\"Los ic\u00f3nicos l\u00e1pices Polychromos y Castell 9000 de Faber-Castell, un s\u00edmbolo de calidad y color\"},{\"@type\":\"BreadcrumbList\",\"@id\":\"https:\\\/\\\/jeyjo.es\\\/blog\\\/index.php\\\/2025\\\/12\\\/09\\\/de-un-taller-de-carpinteria-al-imperio-del-lapiz-la-historia-y-actualidad-de-faber-castell\\\/#breadcrumb\",\"itemListElement\":[{\"@type\":\"ListItem\",\"position\":1,\"name\":\"Portada\",\"item\":\"https:\\\/\\\/jeyjo.es\\\/blog\\\/\"},{\"@type\":\"ListItem\",\"position\":2,\"name\":\"De un taller de carpinter\u00eda al imperio del l\u00e1piz: La historia y actualidad de Faber-Castell\"}]},{\"@type\":\"WebSite\",\"@id\":\"https:\\\/\\\/jeyjo.es\\\/blog\\\/#website\",\"url\":\"https:\\\/\\\/jeyjo.es\\\/blog\\\/\",\"name\":\"Blog para conocer todo sobre la oficina y el colegio\",\"description\":\"El Blog de tu Oficina - Expertos en Material de Oficina, Papeler\u00eda y Mobiliario\",\"publisher\":{\"@id\":\"https:\\\/\\\/jeyjo.es\\\/blog\\\/#organization\"},\"potentialAction\":[{\"@type\":\"SearchAction\",\"target\":{\"@type\":\"EntryPoint\",\"urlTemplate\":\"https:\\\/\\\/jeyjo.es\\\/blog\\\/?s={search_term_string}\"},\"query-input\":{\"@type\":\"PropertyValueSpecification\",\"valueRequired\":true,\"valueName\":\"search_term_string\"}}],\"inLanguage\":\"es\"},{\"@type\":\"Organization\",\"@id\":\"https:\\\/\\\/jeyjo.es\\\/blog\\\/#organization\",\"name\":\"Jeyjo Material de Oficina\",\"url\":\"https:\\\/\\\/jeyjo.es\\\/blog\\\/\",\"logo\":{\"@type\":\"ImageObject\",\"inLanguage\":\"es\",\"@id\":\"https:\\\/\\\/jeyjo.es\\\/blog\\\/#\\\/schema\\\/logo\\\/image\\\/\",\"url\":\"https:\\\/\\\/jeyjo.es\\\/blog\\\/wp-content\\\/uploads\\\/2023\\\/10\\\/LOGOTIPO-COLOR-cac-150px.jpg\",\"contentUrl\":\"https:\\\/\\\/jeyjo.es\\\/blog\\\/wp-content\\\/uploads\\\/2023\\\/10\\\/LOGOTIPO-COLOR-cac-150px.jpg\",\"width\":1771,\"height\":1006,\"caption\":\"Jeyjo Material de Oficina\"},\"image\":{\"@id\":\"https:\\\/\\\/jeyjo.es\\\/blog\\\/#\\\/schema\\\/logo\\\/image\\\/\"},\"sameAs\":[\"https:\\\/\\\/www.facebook.com\\\/jeyjo.papeleria.9\",\"https:\\\/\\\/x.com\\\/jeyjooficinas\",\"https:\\\/\\\/www.youtube.com\\\/channel\\\/UCUNp2bZMllJUVIAMZYdGZ8Q\",\"https:\\\/\\\/www.instagram.com\\\/jeyjomaterialdeoficina\\\/\",\"https:\\\/\\\/www.linkedin.com\\\/in\\\/jeyjo-material-de-oficina-aba48b49\"]},{\"@type\":\"Person\",\"@id\":\"https:\\\/\\\/jeyjo.es\\\/blog\\\/#\\\/schema\\\/person\\\/27b39b68644e2843617b9eb0877b528b\",\"name\":\"Jos\u00e9 Antonio\",\"image\":{\"@type\":\"ImageObject\",\"inLanguage\":\"es\",\"@id\":\"https:\\\/\\\/secure.gravatar.com\\\/avatar\\\/e8bbcf4f7a3e91ea18ca5e076249495fd4bcbc0c9bd4e3fb6c8294649ec86fcc?s=96&d=mm&r=g\",\"url\":\"https:\\\/\\\/secure.gravatar.com\\\/avatar\\\/e8bbcf4f7a3e91ea18ca5e076249495fd4bcbc0c9bd4e3fb6c8294649ec86fcc?s=96&d=mm&r=g\",\"contentUrl\":\"https:\\\/\\\/secure.gravatar.com\\\/avatar\\\/e8bbcf4f7a3e91ea18ca5e076249495fd4bcbc0c9bd4e3fb6c8294649ec86fcc?s=96&d=mm&r=g\",\"caption\":\"Jos\u00e9 Antonio\"},\"sameAs\":[\"http:\\\/\\\/jeyjo.es\\\/blog\"],\"url\":\"https:\\\/\\\/jeyjo.es\\\/blog\\\/index.php\\\/author\\\/programador\\\/\"}]}<\/script>\n<!-- \/ Yoast SEO plugin. -->","yoast_head_json":{"title":"historia-actualidad-faber-castell","description":"Descubre la historia de Faber-Castell: desde su origen en 1761 hasta ser l\u00edder mundial en l\u00e1pices sostenibles. Conoce la evoluci\u00f3n de esta marca","robots":{"index":"index","follow":"follow","max-snippet":"max-snippet:-1","max-image-preview":"max-image-preview:large","max-video-preview":"max-video-preview:-1"},"canonical":"https:\/\/jeyjo.es\/blog\/index.php\/2025\/12\/09\/de-un-taller-de-carpinteria-al-imperio-del-lapiz-la-historia-y-actualidad-de-faber-castell\/","og_locale":"es_ES","og_type":"article","og_title":"historia-actualidad-faber-castell","og_description":"Descubre la historia de Faber-Castell: desde su origen en 1761 hasta ser l\u00edder mundial en l\u00e1pices sostenibles. Conoce la evoluci\u00f3n de esta marca","og_url":"https:\/\/jeyjo.es\/blog\/index.php\/2025\/12\/09\/de-un-taller-de-carpinteria-al-imperio-del-lapiz-la-historia-y-actualidad-de-faber-castell\/","og_site_name":"Jeyjo","article_publisher":"https:\/\/www.facebook.com\/jeyjo.papeleria.9","article_published_time":"2025-12-09T18:07:34+00:00","article_modified_time":"2025-12-09T18:07:36+00:00","og_image":[{"width":1024,"height":559,"url":"https:\/\/jeyjo.es\/blog\/wp-content\/uploads\/2025\/12\/Los-iconicos-lapices-Polychromos-y-Castell-9000-de-Faber-Castell-un-simbolo-de-calidad-y-color.jpg","type":"image\/jpeg"}],"author":"Jos\u00e9 Antonio","twitter_card":"summary_large_image","twitter_creator":"@jeyjooficinas","twitter_site":"@jeyjooficinas","twitter_misc":{"Escrito por":"Jos\u00e9 Antonio","Tiempo de lectura":"4 minutos"},"schema":{"@context":"https:\/\/schema.org","@graph":[{"@type":"Article","@id":"https:\/\/jeyjo.es\/blog\/index.php\/2025\/12\/09\/de-un-taller-de-carpinteria-al-imperio-del-lapiz-la-historia-y-actualidad-de-faber-castell\/#article","isPartOf":{"@id":"https:\/\/jeyjo.es\/blog\/index.php\/2025\/12\/09\/de-un-taller-de-carpinteria-al-imperio-del-lapiz-la-historia-y-actualidad-de-faber-castell\/"},"author":{"name":"Jos\u00e9 Antonio","@id":"https:\/\/jeyjo.es\/blog\/#\/schema\/person\/27b39b68644e2843617b9eb0877b528b"},"headline":"De un taller de carpinter\u00eda al imperio del l\u00e1piz: La historia y actualidad de Faber-Castell","datePublished":"2025-12-09T18:07:34+00:00","dateModified":"2025-12-09T18:07:36+00:00","mainEntityOfPage":{"@id":"https:\/\/jeyjo.es\/blog\/index.php\/2025\/12\/09\/de-un-taller-de-carpinteria-al-imperio-del-lapiz-la-historia-y-actualidad-de-faber-castell\/"},"wordCount":608,"commentCount":0,"publisher":{"@id":"https:\/\/jeyjo.es\/blog\/#organization"},"image":{"@id":"https:\/\/jeyjo.es\/blog\/index.php\/2025\/12\/09\/de-un-taller-de-carpinteria-al-imperio-del-lapiz-la-historia-y-actualidad-de-faber-castell\/#primaryimage"},"thumbnailUrl":"https:\/\/jeyjo.es\/blog\/wp-content\/uploads\/2025\/12\/Los-iconicos-lapices-Polychromos-y-Castell-9000-de-Faber-Castell-un-simbolo-de-calidad-y-color.jpg","keywords":["Castell 9000","L\u00e1pices sostenibles","Lothar von Faber","Origen Faber-Castell"],"inLanguage":"es","potentialAction":[{"@type":"CommentAction","name":"Comment","target":["https:\/\/jeyjo.es\/blog\/index.php\/2025\/12\/09\/de-un-taller-de-carpinteria-al-imperio-del-lapiz-la-historia-y-actualidad-de-faber-castell\/#respond"]}]},{"@type":"WebPage","@id":"https:\/\/jeyjo.es\/blog\/index.php\/2025\/12\/09\/de-un-taller-de-carpinteria-al-imperio-del-lapiz-la-historia-y-actualidad-de-faber-castell\/","url":"https:\/\/jeyjo.es\/blog\/index.php\/2025\/12\/09\/de-un-taller-de-carpinteria-al-imperio-del-lapiz-la-historia-y-actualidad-de-faber-castell\/","name":"historia-actualidad-faber-castell","isPartOf":{"@id":"https:\/\/jeyjo.es\/blog\/#website"},"primaryImageOfPage":{"@id":"https:\/\/jeyjo.es\/blog\/index.php\/2025\/12\/09\/de-un-taller-de-carpinteria-al-imperio-del-lapiz-la-historia-y-actualidad-de-faber-castell\/#primaryimage"},"image":{"@id":"https:\/\/jeyjo.es\/blog\/index.php\/2025\/12\/09\/de-un-taller-de-carpinteria-al-imperio-del-lapiz-la-historia-y-actualidad-de-faber-castell\/#primaryimage"},"thumbnailUrl":"https:\/\/jeyjo.es\/blog\/wp-content\/uploads\/2025\/12\/Los-iconicos-lapices-Polychromos-y-Castell-9000-de-Faber-Castell-un-simbolo-de-calidad-y-color.jpg","datePublished":"2025-12-09T18:07:34+00:00","dateModified":"2025-12-09T18:07:36+00:00","description":"Descubre la historia de Faber-Castell: desde su origen en 1761 hasta ser l\u00edder mundial en l\u00e1pices sostenibles. Conoce la evoluci\u00f3n de esta marca","breadcrumb":{"@id":"https:\/\/jeyjo.es\/blog\/index.php\/2025\/12\/09\/de-un-taller-de-carpinteria-al-imperio-del-lapiz-la-historia-y-actualidad-de-faber-castell\/#breadcrumb"},"inLanguage":"es","potentialAction":[{"@type":"ReadAction","target":["https:\/\/jeyjo.es\/blog\/index.php\/2025\/12\/09\/de-un-taller-de-carpinteria-al-imperio-del-lapiz-la-historia-y-actualidad-de-faber-castell\/"]}]},{"@type":"ImageObject","inLanguage":"es","@id":"https:\/\/jeyjo.es\/blog\/index.php\/2025\/12\/09\/de-un-taller-de-carpinteria-al-imperio-del-lapiz-la-historia-y-actualidad-de-faber-castell\/#primaryimage","url":"https:\/\/jeyjo.es\/blog\/wp-content\/uploads\/2025\/12\/Los-iconicos-lapices-Polychromos-y-Castell-9000-de-Faber-Castell-un-simbolo-de-calidad-y-color.jpg","contentUrl":"https:\/\/jeyjo.es\/blog\/wp-content\/uploads\/2025\/12\/Los-iconicos-lapices-Polychromos-y-Castell-9000-de-Faber-Castell-un-simbolo-de-calidad-y-color.jpg","width":1024,"height":559,"caption":"Los ic\u00f3nicos l\u00e1pices Polychromos y Castell 9000 de Faber-Castell, un s\u00edmbolo de calidad y color"},{"@type":"BreadcrumbList","@id":"https:\/\/jeyjo.es\/blog\/index.php\/2025\/12\/09\/de-un-taller-de-carpinteria-al-imperio-del-lapiz-la-historia-y-actualidad-de-faber-castell\/#breadcrumb","itemListElement":[{"@type":"ListItem","position":1,"name":"Portada","item":"https:\/\/jeyjo.es\/blog\/"},{"@type":"ListItem","position":2,"name":"De un taller de carpinter\u00eda al imperio del l\u00e1piz: La historia y actualidad de Faber-Castell"}]},{"@type":"WebSite","@id":"https:\/\/jeyjo.es\/blog\/#website","url":"https:\/\/jeyjo.es\/blog\/","name":"Blog para conocer todo sobre la oficina y el colegio","description":"El Blog de tu Oficina - Expertos en Material de Oficina, Papeler\u00eda y Mobiliario","publisher":{"@id":"https:\/\/jeyjo.es\/blog\/#organization"},"potentialAction":[{"@type":"SearchAction","target":{"@type":"EntryPoint","urlTemplate":"https:\/\/jeyjo.es\/blog\/?s={search_term_string}"},"query-input":{"@type":"PropertyValueSpecification","valueRequired":true,"valueName":"search_term_string"}}],"inLanguage":"es"},{"@type":"Organization","@id":"https:\/\/jeyjo.es\/blog\/#organization","name":"Jeyjo Material de Oficina","url":"https:\/\/jeyjo.es\/blog\/","logo":{"@type":"ImageObject","inLanguage":"es","@id":"https:\/\/jeyjo.es\/blog\/#\/schema\/logo\/image\/","url":"https:\/\/jeyjo.es\/blog\/wp-content\/uploads\/2023\/10\/LOGOTIPO-COLOR-cac-150px.jpg","contentUrl":"https:\/\/jeyjo.es\/blog\/wp-content\/uploads\/2023\/10\/LOGOTIPO-COLOR-cac-150px.jpg","width":1771,"height":1006,"caption":"Jeyjo Material de Oficina"},"image":{"@id":"https:\/\/jeyjo.es\/blog\/#\/schema\/logo\/image\/"},"sameAs":["https:\/\/www.facebook.com\/jeyjo.papeleria.9","https:\/\/x.com\/jeyjooficinas","https:\/\/www.youtube.com\/channel\/UCUNp2bZMllJUVIAMZYdGZ8Q","https:\/\/www.instagram.com\/jeyjomaterialdeoficina\/","https:\/\/www.linkedin.com\/in\/jeyjo-material-de-oficina-aba48b49"]},{"@type":"Person","@id":"https:\/\/jeyjo.es\/blog\/#\/schema\/person\/27b39b68644e2843617b9eb0877b528b","name":"Jos\u00e9 Antonio","image":{"@type":"ImageObject","inLanguage":"es","@id":"https:\/\/secure.gravatar.com\/avatar\/e8bbcf4f7a3e91ea18ca5e076249495fd4bcbc0c9bd4e3fb6c8294649ec86fcc?s=96&d=mm&r=g","url":"https:\/\/secure.gravatar.com\/avatar\/e8bbcf4f7a3e91ea18ca5e076249495fd4bcbc0c9bd4e3fb6c8294649ec86fcc?s=96&d=mm&r=g","contentUrl":"https:\/\/secure.gravatar.com\/avatar\/e8bbcf4f7a3e91ea18ca5e076249495fd4bcbc0c9bd4e3fb6c8294649ec86fcc?s=96&d=mm&r=g","caption":"Jos\u00e9 Antonio"},"sameAs":["http:\/\/jeyjo.es\/blog"],"url":"https:\/\/jeyjo.es\/blog\/index.php\/author\/programador\/"}]}},"_links":{"self":[{"href":"https:\/\/jeyjo.es\/blog\/index.php\/wp-json\/wp\/v2\/posts\/2337","targetHints":{"allow":["GET"]}}],"collection":[{"href":"https:\/\/jeyjo.es\/blog\/index.php\/wp-json\/wp\/v2\/posts"}],"about":[{"href":"https:\/\/jeyjo.es\/blog\/index.php\/wp-json\/wp\/v2\/types\/post"}],"author":[{"embeddable":true,"href":"https:\/\/jeyjo.es\/blog\/index.php\/wp-json\/wp\/v2\/users\/1"}],"replies":[{"embeddable":true,"href":"https:\/\/jeyjo.es\/blog\/index.php\/wp-json\/wp\/v2\/comments?post=2337"}],"version-history":[{"count":1,"href":"https:\/\/jeyjo.es\/blog\/index.php\/wp-json\/wp\/v2\/posts\/2337\/revisions"}],"predecessor-version":[{"id":2341,"href":"https:\/\/jeyjo.es\/blog\/index.php\/wp-json\/wp\/v2\/posts\/2337\/revisions\/2341"}],"wp:featuredmedia":[{"embeddable":true,"href":"https:\/\/jeyjo.es\/blog\/index.php\/wp-json\/wp\/v2\/media\/2338"}],"wp:attachment":[{"href":"https:\/\/jeyjo.es\/blog\/index.php\/wp-json\/wp\/v2\/media?parent=2337"}],"wp:term":[{"taxonomy":"category","embeddable":true,"href":"https:\/\/jeyjo.es\/blog\/index.php\/wp-json\/wp\/v2\/categories?post=2337"},{"taxonomy":"post_tag","embeddable":true,"href":"https:\/\/jeyjo.es\/blog\/index.php\/wp-json\/wp\/v2\/tags?post=2337"}],"curies":[{"name":"wp","href":"https:\/\/api.w.org\/{rel}","templated":true}]}}