{"id":2315,"date":"2025-11-10T11:25:21","date_gmt":"2025-11-10T10:25:21","guid":{"rendered":"https:\/\/jeyjo.es\/blog\/?p=2315"},"modified":"2025-11-14T11:47:11","modified_gmt":"2025-11-14T10:47:11","slug":"agendas-2026-guia-completa-de-tipos-tamanos-y-formatos-jeyjo","status":"publish","type":"post","link":"https:\/\/jeyjo.es\/blog\/index.php\/2025\/11\/10\/agendas-2026-guia-completa-de-tipos-tamanos-y-formatos-jeyjo\/","title":{"rendered":"Agendas 2026: tu herramienta indispensable para organizar el a\u00f1o"},"content":{"rendered":"\n<p>Prep\u00e1rate con antelaci\u00f3n: las agendas 2026 ya est\u00e1n disponibles en Jeyjo, y elegir la correcta puede marcar la diferencia en tu productividad. A continuaci\u00f3n te mostramos <strong>diferentes tipos de agendas, tama\u00f1os, formatos de vista (d\u00eda \/ semana), y cu\u00e1ndo preferir un planning, una agenda o un libro de reservas<\/strong>.<br><em>(Aqu\u00ed y en adelante usamos \u201cagenda 2026\u201d como t\u00e9rmino general para todos los formatos disponibles).<\/em><\/p>\n\n\n\n<hr class=\"wp-block-separator has-alpha-channel-opacity\"\/>\n\n\n\n<h2 class=\"wp-block-heading\">\u00bfPor qu\u00e9 elegir las agendas 2026?<\/h2>\n\n\n\n<p>Una agenda 2026 te da una visi\u00f3n global del a\u00f1o, permite planificar con tiempo, anotar hitos, hacer seguimiento de tareas y mantener un registro ordenado de tus actividades. En Jeyjo tienes m\u00faltiples opciones adaptadas a distintos perfiles: profesionales, estudiantes, aut\u00f3nomos o para uso personal.<\/p>\n\n\n\n<hr class=\"wp-block-separator has-alpha-channel-opacity\"\/>\n\n\n\n<h2 class=\"wp-block-heading\">Tipos de agendas disponibles<\/h2>\n\n\n\n<p>En Jeyjo encontrar\u00e1s agendas 2026 con caracter\u00edsticas que var\u00edan seg\u00fan: tama\u00f1o f\u00edsico, encuadernaci\u00f3n, interior (d\u00eda\/p\u00e1gina, semana vista), orientaci\u00f3n de la semana (vertical u horizontal), y extras (bolsillo, papel FSC, tapa dura, espiral, etc.).<\/p>\n\n\n\n<h3 class=\"wp-block-heading\">Tama\u00f1os comunes<\/h3>\n\n\n\n<figure class=\"wp-block-table\"><table class=\"has-fixed-layout\"><thead><tr><th>Tama\u00f1o<\/th><th>Ideal para\u2026<\/th><\/tr><\/thead><tbody><tr><td><strong>A5 (\u2248 148 \u00d7 210 mm)<\/strong><\/td><td>Uso diario al llevarla contigo, tama\u00f1o medio.<\/td><\/tr><tr><td><strong>A4 (\u2248 210 \u00d7 297 mm)<\/strong><\/td><td>Trabajo de oficina, espacio amplio para anotaciones.<\/td><\/tr><tr><td><strong>Pocket \/ compacto<\/strong><\/td><td>Bolsillo o bolso peque\u00f1o, para citas r\u00e1pidas.<\/td><\/tr><\/tbody><\/table><\/figure>\n\n\n\n<h3 class=\"wp-block-heading\">Formatos de vista<\/h3>\n\n\n\n<figure class=\"wp-block-table\"><table class=\"has-fixed-layout\"><thead><tr><th>Formato<\/th><th>Ventajas<\/th><th>Ideal para\u2026<\/th><\/tr><\/thead><tbody><tr><td><strong>D\u00eda = 1 p\u00e1gina<\/strong><\/td><td>Espacio amplio para detallar cada d\u00eda<\/td><td>Personas con muchas l\u00edneas por d\u00eda o tareas detalladas.<\/td><\/tr><tr><td><strong>Semana vista<\/strong><\/td><td>Vista compacta de 7 d\u00edas con menos detalle diario<\/td><td>Planificaci\u00f3n semanal, resumen de tareas.<\/td><\/tr><tr><td><strong>Semana vista vertical<\/strong><\/td><td>Columna por d\u00eda (vertical)<\/td><td>Priorizar agenda diaria, ver ma\u00f1ana\/tarde en vertical.<\/td><\/tr><tr><td><strong>Semana vista horizontal<\/strong><\/td><td>Filas por d\u00eda (horizontal)<\/td><td>Vista de ma\u00f1anas y tardes en filas; ideal para vistas r\u00e1pidas.<\/td><\/tr><\/tbody><\/table><\/figure>\n\n\n\n<hr class=\"wp-block-separator has-alpha-channel-opacity\"\/>\n\n\n\n<h2 class=\"wp-block-heading\">Agenda vs Planning vs Libro de reservas<\/h2>\n\n\n\n<p>Es importante conocer qu\u00e9 tipo de herramienta necesitas:<\/p>\n\n\n\n<figure class=\"wp-block-table\"><table class=\"has-fixed-layout\"><thead><tr><th>Herramienta<\/th><th>Qu\u00e9 es<\/th><th>Cu\u00e1ndo usarla<\/th><\/tr><\/thead><tbody><tr><td><strong><a href=\"https:\/\/jeyjo.es\/index.php?id_category=1156&amp;controller=category\">Agenda<\/a><\/strong><\/td><td>Libro calendario con fechas preimpresas (2026) y espacios para anotaciones<\/td><td>Uso general, personal o profesional, para plan diario\/semanal.<\/td><\/tr><tr><td><strong><a href=\"https:\/\/jeyjo.es\/index.php?controller=search&amp;s=planning\">Planning<\/a><\/strong><\/td><td>Generalmente gran formato mural\/pizarr\u00f3n o planificaci\u00f3n anual\/mes visual<\/td><td>Visualizaci\u00f3n de hitos, calendarios compartidos, equipo o proyecto.<\/td><\/tr><tr><td><strong>Libro de reservas<\/strong><\/td><td>Registro espec\u00edfico para citas, reservas de sala, alquileres, turnos<\/td><td>Entornos donde se reserva espacios o servicios con frecuencias.<\/td><\/tr><\/tbody><\/table><\/figure>\n\n\n\n<p>En Jeyjo tambi\u00e9n puedes encontrar libros de reservas si lo que necesitas es un sistema de citas (ideal para coworking, cl\u00ednicas o salas de reuniones) m\u00e1s que una agenda personal.<\/p>\n\n\n\n<hr class=\"wp-block-separator has-alpha-channel-opacity\"\/>\n\n\n\n<h2 class=\"wp-block-heading\">Qu\u00e9 tener en cuenta antes de elegir tu agenda 2026<\/h2>\n\n\n\n<ul class=\"wp-block-list\">\n<li>\u00bfCu\u00e1ntas anotaciones haces al d\u00eda? Si muchas, mejor formato \u201cd\u00eda = p\u00e1gina\u201d.<\/li>\n\n\n\n<li>\u00bfPrefieres revisar toda la semana de un vistazo? Entonces \u201csemana vista\u201d.<\/li>\n\n\n\n<li>\u00bfQu\u00e9 tama\u00f1o te resulta pr\u00e1ctico para llevar contigo o tener en escritorio?<\/li>\n\n\n\n<li>\u00bfNecesitas orientaci\u00f3n vertical u horizontal?<\/li>\n\n\n\n<li>\u00bfTe interesan extras como tapa dura, espiral, bolsillo interior, papel reciclado?<\/li>\n\n\n\n<li>\u00bfSer\u00e1 de uso individual o la compartes\/intercambias entre equipo?<\/li>\n\n\n\n<li>\u00bfTienes muchas citas o \u201creservas\u201d? Entonces quiz\u00e1 un libro de reservas es m\u00e1s adecuado.<\/li>\n<\/ul>\n\n\n\n<hr class=\"wp-block-separator has-alpha-channel-opacity\"\/>\n\n\n\n<h2 class=\"wp-block-heading\">Ejemplos de productos en Jeyjo<\/h2>\n\n\n\n<p><em>(Te recomiendo enlazar directamente a cada ficha producto de jeyjo.es cuando lo publiques).<\/em><\/p>\n\n\n\n<ul class=\"wp-block-list\">\n<li>Agendas 2026 tama\u00f1o A5 con p\u00e1gina diaria y tapa dura.<\/li>\n\n\n\n<li>Agendas 2026 tama\u00f1o A4 con semana vista horizontal para oficina.<\/li>\n\n\n\n<li>Agendas 2026 compacto formato bolsillo, semana vista vertical.<\/li>\n\n\n\n<li>Libro de reservas \/ libro de citas edici\u00f3n 2026 para gesti\u00f3n de turnos.<\/li>\n<\/ul>\n\n\n\n<hr class=\"wp-block-separator has-alpha-channel-opacity\"\/>\n\n\n\n<h2 class=\"wp-block-heading\">C\u00f3mo sacar el m\u00e1ximo partido a tu agenda 2026<\/h2>\n\n\n\n<ol class=\"wp-block-list\">\n<li>Empieza el a\u00f1o revisando objetivos y actividades clave.<\/li>\n\n\n\n<li>Usa el formato d\u00eda = p\u00e1gina para detalles: llamadas, reuniones, listas de tareas.<\/li>\n\n\n\n<li>Usa el formato semana vista para visualizaci\u00f3n r\u00e1pida de la semana y bloques de trabajo.<\/li>\n\n\n\n<li>Integra tu agenda con digital, si lo deseas: escanea p\u00e1ginas, usa emojis, colores.<\/li>\n\n\n\n<li>Reserva momentos semanales de revisi\u00f3n: prepara la pr\u00f3xima semana, elimina lo que ya no importa.<\/li>\n<\/ol>\n\n\n\n<hr class=\"wp-block-separator has-alpha-channel-opacity\"\/>\n\n\n\n<h2 class=\"wp-block-heading\">Conclusi\u00f3n<\/h2>\n\n\n\n<p>Elegir las agendas 2026 adecuadas no es un gasto m\u00e1s: es invertir en organizaci\u00f3n, claridad y productividad. En Jeyjo tienes una gran variedad de formatos, tama\u00f1os y estilos para adaptarse a tu uso.<br>Ya sea que necesites una agenda completa, un planning visual o un libro de reservas para citas, aseg\u00farate de seleccionar seg\u00fan tus necesidades reales.<\/p>\n\n\n\n<p>\u00a1Haz de 2026 tu a\u00f1o mejor organizado con la agenda ideal!<br>Te invito a visitar el cat\u00e1logo de agendas en Jeyjo y elegir la que mejor se adapte a ti.<\/p>\n\n\n\n<p><\/p>\n","protected":false},"excerpt":{"rendered":"<p class=\"text-justify\">Prep\u00e1rate con antelaci\u00f3n: las agendas 2026 ya est\u00e1n disponibles en Jeyjo, y elegir la correcta puede marcar la diferencia en tu productividad. [&hellip;]<\/p>\n","protected":false},"author":1,"featured_media":2316,"comment_status":"open","ping_status":"open","sticky":false,"template":"","format":"standard","meta":{"footnotes":""},"categories":[13],"tags":[1305,1303,1299,1304,1301,1302,1300,1306,1307],"class_list":["post-2315","post","type-post","status-publish","format-standard","has-post-thumbnail","hentry","category-manuales-y-trucos-de-usuario","tag-agenda-a4","tag-agenda-a5","tag-agenda-dia-pagina","tag-agenda-horizontal","tag-agenda-semana-vista","tag-agenda-vertical","tag-agendas-2026","tag-libro-de-reservas","tag-planning-oficina"],"yoast_head":"<!-- This site is optimized with the Yoast SEO plugin v27.5 - https:\/\/yoast.com\/product\/yoast-seo-wordpress\/ -->\n<title>Agendas 2026: Gu\u00eda completa de tipos, tama\u00f1os y formatos | Jeyjo<\/title>\n<meta name=\"description\" content=\"Descubre las agendas 2026 disponibles en Jeyjo: d\u00eda\u202f\u202fp\u00e1gina, semana vista vertical u horizontal, tama\u00f1os A5 y A4...\" \/>\n<meta name=\"robots\" content=\"index, follow, max-snippet:-1, max-image-preview:large, max-video-preview:-1\" \/>\n<link rel=\"canonical\" href=\"https:\/\/jeyjo.es\/blog\/index.php\/2025\/11\/10\/agendas-2026-guia-completa-de-tipos-tamanos-y-formatos-jeyjo\/\" \/>\n<meta property=\"og:locale\" content=\"es_ES\" \/>\n<meta property=\"og:type\" content=\"article\" \/>\n<meta property=\"og:title\" content=\"Agendas 2026: Gu\u00eda completa de tipos, tama\u00f1os y formatos | Jeyjo\" \/>\n<meta property=\"og:description\" content=\"Descubre las agendas 2026 disponibles en Jeyjo: d\u00eda\u202f\u202fp\u00e1gina, semana vista vertical u horizontal, tama\u00f1os A5 y A4...\" \/>\n<meta property=\"og:url\" content=\"https:\/\/jeyjo.es\/blog\/index.php\/2025\/11\/10\/agendas-2026-guia-completa-de-tipos-tamanos-y-formatos-jeyjo\/\" \/>\n<meta property=\"og:site_name\" content=\"Jeyjo\" \/>\n<meta property=\"article:publisher\" content=\"https:\/\/www.facebook.com\/jeyjo.papeleria.9\" \/>\n<meta property=\"article:published_time\" content=\"2025-11-10T10:25:21+00:00\" \/>\n<meta property=\"article:modified_time\" content=\"2025-11-14T10:47:11+00:00\" \/>\n<meta property=\"og:image\" content=\"https:\/\/jeyjo.es\/blog\/wp-content\/uploads\/2025\/11\/Agendas-2026-Guia-completa-de-tipos-tamanos-y-formatos-Jeyjo.png\" \/>\n\t<meta property=\"og:image:width\" content=\"1536\" \/>\n\t<meta property=\"og:image:height\" content=\"1024\" \/>\n\t<meta property=\"og:image:type\" content=\"image\/png\" \/>\n<meta name=\"author\" content=\"Jos\u00e9 Antonio\" \/>\n<meta name=\"twitter:card\" content=\"summary_large_image\" \/>\n<meta name=\"twitter:creator\" content=\"@jeyjooficinas\" \/>\n<meta name=\"twitter:site\" content=\"@jeyjooficinas\" \/>\n<meta name=\"twitter:label1\" content=\"Escrito por\" \/>\n\t<meta name=\"twitter:data1\" content=\"Jos\u00e9 Antonio\" \/>\n\t<meta name=\"twitter:label2\" content=\"Tiempo de lectura\" \/>\n\t<meta name=\"twitter:data2\" content=\"4 minutos\" \/>\n<script type=\"application\/ld+json\" class=\"yoast-schema-graph\">{\"@context\":\"https:\\\/\\\/schema.org\",\"@graph\":[{\"@type\":\"Article\",\"@id\":\"https:\\\/\\\/jeyjo.es\\\/blog\\\/index.php\\\/2025\\\/11\\\/10\\\/agendas-2026-guia-completa-de-tipos-tamanos-y-formatos-jeyjo\\\/#article\",\"isPartOf\":{\"@id\":\"https:\\\/\\\/jeyjo.es\\\/blog\\\/index.php\\\/2025\\\/11\\\/10\\\/agendas-2026-guia-completa-de-tipos-tamanos-y-formatos-jeyjo\\\/\"},\"author\":{\"name\":\"Jos\u00e9 Antonio\",\"@id\":\"https:\\\/\\\/jeyjo.es\\\/blog\\\/#\\\/schema\\\/person\\\/27b39b68644e2843617b9eb0877b528b\"},\"headline\":\"Agendas 2026: tu herramienta indispensable para organizar el a\u00f1o\",\"datePublished\":\"2025-11-10T10:25:21+00:00\",\"dateModified\":\"2025-11-14T10:47:11+00:00\",\"mainEntityOfPage\":{\"@id\":\"https:\\\/\\\/jeyjo.es\\\/blog\\\/index.php\\\/2025\\\/11\\\/10\\\/agendas-2026-guia-completa-de-tipos-tamanos-y-formatos-jeyjo\\\/\"},\"wordCount\":741,\"commentCount\":0,\"publisher\":{\"@id\":\"https:\\\/\\\/jeyjo.es\\\/blog\\\/#organization\"},\"image\":{\"@id\":\"https:\\\/\\\/jeyjo.es\\\/blog\\\/index.php\\\/2025\\\/11\\\/10\\\/agendas-2026-guia-completa-de-tipos-tamanos-y-formatos-jeyjo\\\/#primaryimage\"},\"thumbnailUrl\":\"https:\\\/\\\/jeyjo.es\\\/blog\\\/wp-content\\\/uploads\\\/2025\\\/11\\\/Agendas-2026-Guia-completa-de-tipos-tamanos-y-formatos-Jeyjo.png\",\"keywords\":[\"agenda A4\",\"agenda A5\",\"agenda d\u00eda p\u00e1gina\",\"agenda horizontal\",\"agenda semana vista\",\"agenda vertical\",\"agendas 2026\",\"libro de reservas\",\"planning oficina\"],\"articleSection\":[\"Manuales y ayuda de usuario de producto\"],\"inLanguage\":\"es\",\"potentialAction\":[{\"@type\":\"CommentAction\",\"name\":\"Comment\",\"target\":[\"https:\\\/\\\/jeyjo.es\\\/blog\\\/index.php\\\/2025\\\/11\\\/10\\\/agendas-2026-guia-completa-de-tipos-tamanos-y-formatos-jeyjo\\\/#respond\"]}]},{\"@type\":\"WebPage\",\"@id\":\"https:\\\/\\\/jeyjo.es\\\/blog\\\/index.php\\\/2025\\\/11\\\/10\\\/agendas-2026-guia-completa-de-tipos-tamanos-y-formatos-jeyjo\\\/\",\"url\":\"https:\\\/\\\/jeyjo.es\\\/blog\\\/index.php\\\/2025\\\/11\\\/10\\\/agendas-2026-guia-completa-de-tipos-tamanos-y-formatos-jeyjo\\\/\",\"name\":\"Agendas 2026: Gu\u00eda completa de tipos, tama\u00f1os y formatos | Jeyjo\",\"isPartOf\":{\"@id\":\"https:\\\/\\\/jeyjo.es\\\/blog\\\/#website\"},\"primaryImageOfPage\":{\"@id\":\"https:\\\/\\\/jeyjo.es\\\/blog\\\/index.php\\\/2025\\\/11\\\/10\\\/agendas-2026-guia-completa-de-tipos-tamanos-y-formatos-jeyjo\\\/#primaryimage\"},\"image\":{\"@id\":\"https:\\\/\\\/jeyjo.es\\\/blog\\\/index.php\\\/2025\\\/11\\\/10\\\/agendas-2026-guia-completa-de-tipos-tamanos-y-formatos-jeyjo\\\/#primaryimage\"},\"thumbnailUrl\":\"https:\\\/\\\/jeyjo.es\\\/blog\\\/wp-content\\\/uploads\\\/2025\\\/11\\\/Agendas-2026-Guia-completa-de-tipos-tamanos-y-formatos-Jeyjo.png\",\"datePublished\":\"2025-11-10T10:25:21+00:00\",\"dateModified\":\"2025-11-14T10:47:11+00:00\",\"description\":\"Descubre las agendas 2026 disponibles en Jeyjo: d\u00eda\u202f\u202fp\u00e1gina, semana vista vertical u horizontal, tama\u00f1os A5 y A4...\",\"breadcrumb\":{\"@id\":\"https:\\\/\\\/jeyjo.es\\\/blog\\\/index.php\\\/2025\\\/11\\\/10\\\/agendas-2026-guia-completa-de-tipos-tamanos-y-formatos-jeyjo\\\/#breadcrumb\"},\"inLanguage\":\"es\",\"potentialAction\":[{\"@type\":\"ReadAction\",\"target\":[\"https:\\\/\\\/jeyjo.es\\\/blog\\\/index.php\\\/2025\\\/11\\\/10\\\/agendas-2026-guia-completa-de-tipos-tamanos-y-formatos-jeyjo\\\/\"]}]},{\"@type\":\"ImageObject\",\"inLanguage\":\"es\",\"@id\":\"https:\\\/\\\/jeyjo.es\\\/blog\\\/index.php\\\/2025\\\/11\\\/10\\\/agendas-2026-guia-completa-de-tipos-tamanos-y-formatos-jeyjo\\\/#primaryimage\",\"url\":\"https:\\\/\\\/jeyjo.es\\\/blog\\\/wp-content\\\/uploads\\\/2025\\\/11\\\/Agendas-2026-Guia-completa-de-tipos-tamanos-y-formatos-Jeyjo.png\",\"contentUrl\":\"https:\\\/\\\/jeyjo.es\\\/blog\\\/wp-content\\\/uploads\\\/2025\\\/11\\\/Agendas-2026-Guia-completa-de-tipos-tamanos-y-formatos-Jeyjo.png\",\"width\":1536,\"height\":1024,\"caption\":\"Agendas 2026 Gu\u00eda completa de tipos, tama\u00f1os y formatos Jeyjo\"},{\"@type\":\"BreadcrumbList\",\"@id\":\"https:\\\/\\\/jeyjo.es\\\/blog\\\/index.php\\\/2025\\\/11\\\/10\\\/agendas-2026-guia-completa-de-tipos-tamanos-y-formatos-jeyjo\\\/#breadcrumb\",\"itemListElement\":[{\"@type\":\"ListItem\",\"position\":1,\"name\":\"Portada\",\"item\":\"https:\\\/\\\/jeyjo.es\\\/blog\\\/\"},{\"@type\":\"ListItem\",\"position\":2,\"name\":\"Agendas 2026: tu herramienta indispensable para organizar el a\u00f1o\"}]},{\"@type\":\"WebSite\",\"@id\":\"https:\\\/\\\/jeyjo.es\\\/blog\\\/#website\",\"url\":\"https:\\\/\\\/jeyjo.es\\\/blog\\\/\",\"name\":\"Blog para conocer todo sobre la oficina y el colegio\",\"description\":\"El Blog de tu Oficina - Expertos en Material de Oficina, Papeler\u00eda y Mobiliario\",\"publisher\":{\"@id\":\"https:\\\/\\\/jeyjo.es\\\/blog\\\/#organization\"},\"potentialAction\":[{\"@type\":\"SearchAction\",\"target\":{\"@type\":\"EntryPoint\",\"urlTemplate\":\"https:\\\/\\\/jeyjo.es\\\/blog\\\/?s={search_term_string}\"},\"query-input\":{\"@type\":\"PropertyValueSpecification\",\"valueRequired\":true,\"valueName\":\"search_term_string\"}}],\"inLanguage\":\"es\"},{\"@type\":\"Organization\",\"@id\":\"https:\\\/\\\/jeyjo.es\\\/blog\\\/#organization\",\"name\":\"Jeyjo Material de Oficina\",\"url\":\"https:\\\/\\\/jeyjo.es\\\/blog\\\/\",\"logo\":{\"@type\":\"ImageObject\",\"inLanguage\":\"es\",\"@id\":\"https:\\\/\\\/jeyjo.es\\\/blog\\\/#\\\/schema\\\/logo\\\/image\\\/\",\"url\":\"https:\\\/\\\/jeyjo.es\\\/blog\\\/wp-content\\\/uploads\\\/2023\\\/10\\\/LOGOTIPO-COLOR-cac-150px.jpg\",\"contentUrl\":\"https:\\\/\\\/jeyjo.es\\\/blog\\\/wp-content\\\/uploads\\\/2023\\\/10\\\/LOGOTIPO-COLOR-cac-150px.jpg\",\"width\":1771,\"height\":1006,\"caption\":\"Jeyjo Material de Oficina\"},\"image\":{\"@id\":\"https:\\\/\\\/jeyjo.es\\\/blog\\\/#\\\/schema\\\/logo\\\/image\\\/\"},\"sameAs\":[\"https:\\\/\\\/www.facebook.com\\\/jeyjo.papeleria.9\",\"https:\\\/\\\/x.com\\\/jeyjooficinas\",\"https:\\\/\\\/www.youtube.com\\\/channel\\\/UCUNp2bZMllJUVIAMZYdGZ8Q\",\"https:\\\/\\\/www.instagram.com\\\/jeyjomaterialdeoficina\\\/\",\"https:\\\/\\\/www.linkedin.com\\\/in\\\/jeyjo-material-de-oficina-aba48b49\"]},{\"@type\":\"Person\",\"@id\":\"https:\\\/\\\/jeyjo.es\\\/blog\\\/#\\\/schema\\\/person\\\/27b39b68644e2843617b9eb0877b528b\",\"name\":\"Jos\u00e9 Antonio\",\"image\":{\"@type\":\"ImageObject\",\"inLanguage\":\"es\",\"@id\":\"https:\\\/\\\/secure.gravatar.com\\\/avatar\\\/e8bbcf4f7a3e91ea18ca5e076249495fd4bcbc0c9bd4e3fb6c8294649ec86fcc?s=96&d=mm&r=g\",\"url\":\"https:\\\/\\\/secure.gravatar.com\\\/avatar\\\/e8bbcf4f7a3e91ea18ca5e076249495fd4bcbc0c9bd4e3fb6c8294649ec86fcc?s=96&d=mm&r=g\",\"contentUrl\":\"https:\\\/\\\/secure.gravatar.com\\\/avatar\\\/e8bbcf4f7a3e91ea18ca5e076249495fd4bcbc0c9bd4e3fb6c8294649ec86fcc?s=96&d=mm&r=g\",\"caption\":\"Jos\u00e9 Antonio\"},\"sameAs\":[\"http:\\\/\\\/jeyjo.es\\\/blog\"],\"url\":\"https:\\\/\\\/jeyjo.es\\\/blog\\\/index.php\\\/author\\\/programador\\\/\"}]}<\/script>\n<!-- \/ Yoast SEO plugin. -->","yoast_head_json":{"title":"Agendas 2026: Gu\u00eda completa de tipos, tama\u00f1os y formatos | Jeyjo","description":"Descubre las agendas 2026 disponibles en Jeyjo: d\u00eda\u202f\u202fp\u00e1gina, semana vista vertical u horizontal, tama\u00f1os A5 y A4...","robots":{"index":"index","follow":"follow","max-snippet":"max-snippet:-1","max-image-preview":"max-image-preview:large","max-video-preview":"max-video-preview:-1"},"canonical":"https:\/\/jeyjo.es\/blog\/index.php\/2025\/11\/10\/agendas-2026-guia-completa-de-tipos-tamanos-y-formatos-jeyjo\/","og_locale":"es_ES","og_type":"article","og_title":"Agendas 2026: Gu\u00eda completa de tipos, tama\u00f1os y formatos | Jeyjo","og_description":"Descubre las agendas 2026 disponibles en Jeyjo: d\u00eda\u202f\u202fp\u00e1gina, semana vista vertical u horizontal, tama\u00f1os A5 y A4...","og_url":"https:\/\/jeyjo.es\/blog\/index.php\/2025\/11\/10\/agendas-2026-guia-completa-de-tipos-tamanos-y-formatos-jeyjo\/","og_site_name":"Jeyjo","article_publisher":"https:\/\/www.facebook.com\/jeyjo.papeleria.9","article_published_time":"2025-11-10T10:25:21+00:00","article_modified_time":"2025-11-14T10:47:11+00:00","og_image":[{"width":1536,"height":1024,"url":"https:\/\/jeyjo.es\/blog\/wp-content\/uploads\/2025\/11\/Agendas-2026-Guia-completa-de-tipos-tamanos-y-formatos-Jeyjo.png","type":"image\/png"}],"author":"Jos\u00e9 Antonio","twitter_card":"summary_large_image","twitter_creator":"@jeyjooficinas","twitter_site":"@jeyjooficinas","twitter_misc":{"Escrito por":"Jos\u00e9 Antonio","Tiempo de lectura":"4 minutos"},"schema":{"@context":"https:\/\/schema.org","@graph":[{"@type":"Article","@id":"https:\/\/jeyjo.es\/blog\/index.php\/2025\/11\/10\/agendas-2026-guia-completa-de-tipos-tamanos-y-formatos-jeyjo\/#article","isPartOf":{"@id":"https:\/\/jeyjo.es\/blog\/index.php\/2025\/11\/10\/agendas-2026-guia-completa-de-tipos-tamanos-y-formatos-jeyjo\/"},"author":{"name":"Jos\u00e9 Antonio","@id":"https:\/\/jeyjo.es\/blog\/#\/schema\/person\/27b39b68644e2843617b9eb0877b528b"},"headline":"Agendas 2026: tu herramienta indispensable para organizar el a\u00f1o","datePublished":"2025-11-10T10:25:21+00:00","dateModified":"2025-11-14T10:47:11+00:00","mainEntityOfPage":{"@id":"https:\/\/jeyjo.es\/blog\/index.php\/2025\/11\/10\/agendas-2026-guia-completa-de-tipos-tamanos-y-formatos-jeyjo\/"},"wordCount":741,"commentCount":0,"publisher":{"@id":"https:\/\/jeyjo.es\/blog\/#organization"},"image":{"@id":"https:\/\/jeyjo.es\/blog\/index.php\/2025\/11\/10\/agendas-2026-guia-completa-de-tipos-tamanos-y-formatos-jeyjo\/#primaryimage"},"thumbnailUrl":"https:\/\/jeyjo.es\/blog\/wp-content\/uploads\/2025\/11\/Agendas-2026-Guia-completa-de-tipos-tamanos-y-formatos-Jeyjo.png","keywords":["agenda A4","agenda A5","agenda d\u00eda p\u00e1gina","agenda horizontal","agenda semana vista","agenda vertical","agendas 2026","libro de reservas","planning oficina"],"articleSection":["Manuales y ayuda de usuario de producto"],"inLanguage":"es","potentialAction":[{"@type":"CommentAction","name":"Comment","target":["https:\/\/jeyjo.es\/blog\/index.php\/2025\/11\/10\/agendas-2026-guia-completa-de-tipos-tamanos-y-formatos-jeyjo\/#respond"]}]},{"@type":"WebPage","@id":"https:\/\/jeyjo.es\/blog\/index.php\/2025\/11\/10\/agendas-2026-guia-completa-de-tipos-tamanos-y-formatos-jeyjo\/","url":"https:\/\/jeyjo.es\/blog\/index.php\/2025\/11\/10\/agendas-2026-guia-completa-de-tipos-tamanos-y-formatos-jeyjo\/","name":"Agendas 2026: Gu\u00eda completa de tipos, tama\u00f1os y formatos | Jeyjo","isPartOf":{"@id":"https:\/\/jeyjo.es\/blog\/#website"},"primaryImageOfPage":{"@id":"https:\/\/jeyjo.es\/blog\/index.php\/2025\/11\/10\/agendas-2026-guia-completa-de-tipos-tamanos-y-formatos-jeyjo\/#primaryimage"},"image":{"@id":"https:\/\/jeyjo.es\/blog\/index.php\/2025\/11\/10\/agendas-2026-guia-completa-de-tipos-tamanos-y-formatos-jeyjo\/#primaryimage"},"thumbnailUrl":"https:\/\/jeyjo.es\/blog\/wp-content\/uploads\/2025\/11\/Agendas-2026-Guia-completa-de-tipos-tamanos-y-formatos-Jeyjo.png","datePublished":"2025-11-10T10:25:21+00:00","dateModified":"2025-11-14T10:47:11+00:00","description":"Descubre las agendas 2026 disponibles en Jeyjo: d\u00eda\u202f\u202fp\u00e1gina, semana vista vertical u horizontal, tama\u00f1os A5 y A4...","breadcrumb":{"@id":"https:\/\/jeyjo.es\/blog\/index.php\/2025\/11\/10\/agendas-2026-guia-completa-de-tipos-tamanos-y-formatos-jeyjo\/#breadcrumb"},"inLanguage":"es","potentialAction":[{"@type":"ReadAction","target":["https:\/\/jeyjo.es\/blog\/index.php\/2025\/11\/10\/agendas-2026-guia-completa-de-tipos-tamanos-y-formatos-jeyjo\/"]}]},{"@type":"ImageObject","inLanguage":"es","@id":"https:\/\/jeyjo.es\/blog\/index.php\/2025\/11\/10\/agendas-2026-guia-completa-de-tipos-tamanos-y-formatos-jeyjo\/#primaryimage","url":"https:\/\/jeyjo.es\/blog\/wp-content\/uploads\/2025\/11\/Agendas-2026-Guia-completa-de-tipos-tamanos-y-formatos-Jeyjo.png","contentUrl":"https:\/\/jeyjo.es\/blog\/wp-content\/uploads\/2025\/11\/Agendas-2026-Guia-completa-de-tipos-tamanos-y-formatos-Jeyjo.png","width":1536,"height":1024,"caption":"Agendas 2026 Gu\u00eda completa de tipos, tama\u00f1os y formatos Jeyjo"},{"@type":"BreadcrumbList","@id":"https:\/\/jeyjo.es\/blog\/index.php\/2025\/11\/10\/agendas-2026-guia-completa-de-tipos-tamanos-y-formatos-jeyjo\/#breadcrumb","itemListElement":[{"@type":"ListItem","position":1,"name":"Portada","item":"https:\/\/jeyjo.es\/blog\/"},{"@type":"ListItem","position":2,"name":"Agendas 2026: tu herramienta indispensable para organizar el a\u00f1o"}]},{"@type":"WebSite","@id":"https:\/\/jeyjo.es\/blog\/#website","url":"https:\/\/jeyjo.es\/blog\/","name":"Blog para conocer todo sobre la oficina y el colegio","description":"El Blog de tu Oficina - Expertos en Material de Oficina, Papeler\u00eda y Mobiliario","publisher":{"@id":"https:\/\/jeyjo.es\/blog\/#organization"},"potentialAction":[{"@type":"SearchAction","target":{"@type":"EntryPoint","urlTemplate":"https:\/\/jeyjo.es\/blog\/?s={search_term_string}"},"query-input":{"@type":"PropertyValueSpecification","valueRequired":true,"valueName":"search_term_string"}}],"inLanguage":"es"},{"@type":"Organization","@id":"https:\/\/jeyjo.es\/blog\/#organization","name":"Jeyjo Material de Oficina","url":"https:\/\/jeyjo.es\/blog\/","logo":{"@type":"ImageObject","inLanguage":"es","@id":"https:\/\/jeyjo.es\/blog\/#\/schema\/logo\/image\/","url":"https:\/\/jeyjo.es\/blog\/wp-content\/uploads\/2023\/10\/LOGOTIPO-COLOR-cac-150px.jpg","contentUrl":"https:\/\/jeyjo.es\/blog\/wp-content\/uploads\/2023\/10\/LOGOTIPO-COLOR-cac-150px.jpg","width":1771,"height":1006,"caption":"Jeyjo Material de Oficina"},"image":{"@id":"https:\/\/jeyjo.es\/blog\/#\/schema\/logo\/image\/"},"sameAs":["https:\/\/www.facebook.com\/jeyjo.papeleria.9","https:\/\/x.com\/jeyjooficinas","https:\/\/www.youtube.com\/channel\/UCUNp2bZMllJUVIAMZYdGZ8Q","https:\/\/www.instagram.com\/jeyjomaterialdeoficina\/","https:\/\/www.linkedin.com\/in\/jeyjo-material-de-oficina-aba48b49"]},{"@type":"Person","@id":"https:\/\/jeyjo.es\/blog\/#\/schema\/person\/27b39b68644e2843617b9eb0877b528b","name":"Jos\u00e9 Antonio","image":{"@type":"ImageObject","inLanguage":"es","@id":"https:\/\/secure.gravatar.com\/avatar\/e8bbcf4f7a3e91ea18ca5e076249495fd4bcbc0c9bd4e3fb6c8294649ec86fcc?s=96&d=mm&r=g","url":"https:\/\/secure.gravatar.com\/avatar\/e8bbcf4f7a3e91ea18ca5e076249495fd4bcbc0c9bd4e3fb6c8294649ec86fcc?s=96&d=mm&r=g","contentUrl":"https:\/\/secure.gravatar.com\/avatar\/e8bbcf4f7a3e91ea18ca5e076249495fd4bcbc0c9bd4e3fb6c8294649ec86fcc?s=96&d=mm&r=g","caption":"Jos\u00e9 Antonio"},"sameAs":["http:\/\/jeyjo.es\/blog"],"url":"https:\/\/jeyjo.es\/blog\/index.php\/author\/programador\/"}]}},"_links":{"self":[{"href":"https:\/\/jeyjo.es\/blog\/index.php\/wp-json\/wp\/v2\/posts\/2315","targetHints":{"allow":["GET"]}}],"collection":[{"href":"https:\/\/jeyjo.es\/blog\/index.php\/wp-json\/wp\/v2\/posts"}],"about":[{"href":"https:\/\/jeyjo.es\/blog\/index.php\/wp-json\/wp\/v2\/types\/post"}],"author":[{"embeddable":true,"href":"https:\/\/jeyjo.es\/blog\/index.php\/wp-json\/wp\/v2\/users\/1"}],"replies":[{"embeddable":true,"href":"https:\/\/jeyjo.es\/blog\/index.php\/wp-json\/wp\/v2\/comments?post=2315"}],"version-history":[{"count":1,"href":"https:\/\/jeyjo.es\/blog\/index.php\/wp-json\/wp\/v2\/posts\/2315\/revisions"}],"predecessor-version":[{"id":2317,"href":"https:\/\/jeyjo.es\/blog\/index.php\/wp-json\/wp\/v2\/posts\/2315\/revisions\/2317"}],"wp:featuredmedia":[{"embeddable":true,"href":"https:\/\/jeyjo.es\/blog\/index.php\/wp-json\/wp\/v2\/media\/2316"}],"wp:attachment":[{"href":"https:\/\/jeyjo.es\/blog\/index.php\/wp-json\/wp\/v2\/media?parent=2315"}],"wp:term":[{"taxonomy":"category","embeddable":true,"href":"https:\/\/jeyjo.es\/blog\/index.php\/wp-json\/wp\/v2\/categories?post=2315"},{"taxonomy":"post_tag","embeddable":true,"href":"https:\/\/jeyjo.es\/blog\/index.php\/wp-json\/wp\/v2\/tags?post=2315"}],"curies":[{"name":"wp","href":"https:\/\/api.w.org\/{rel}","templated":true}]}}