{"id":2262,"date":"2025-10-23T12:12:07","date_gmt":"2025-10-23T10:12:07","guid":{"rendered":"https:\/\/jeyjo.es\/blog\/?p=2262"},"modified":"2025-11-10T11:04:22","modified_gmt":"2025-11-10T10:04:22","slug":"blog-estrategia-sostenibilidad-tesa-premios-cdp-ecovadis","status":"publish","type":"post","link":"https:\/\/jeyjo.es\/blog\/index.php\/2025\/10\/23\/blog-estrategia-sostenibilidad-tesa-premios-cdp-ecovadis\/","title":{"rendered":"Nuestro proveedor TESA recibe las m\u00e1ximas calificaciones en sostenibilidad"},"content":{"rendered":"\n<p>Nuestro proveedor <a href=\"https:\/\/jeyjo.es\/index.php?id_manufacturer=125&amp;controller=manufacturer\">TESA<\/a>, el fabricante internacional de soluciones autoadhesivas innovadoras, ha consolidado su posici\u00f3n como l\u00edder en la transformaci\u00f3n sostenible de la industria. Su compromiso no solo se refleja en sus productos, sino en una validaci\u00f3n externa de m\u00e1ximo nivel: la compa\u00f1\u00eda ha sido reconocida simult\u00e1neamente por dos de las organizaciones de calificaci\u00f3n m\u00e1s importantes del mundo por su excepcional desempe\u00f1o en sostenibilidad.<\/p>\n\n\n\n<p>Este doble galard\u00f3n no es una casualidad, sino el resultado directo de la <strong>estrategia de sostenibilidad de <a href=\"https:\/\/jeyjo.es\/index.php?id_manufacturer=125&amp;controller=manufacturer\">TESA<\/a><\/strong>, conocida como \u00abWe Do\u00bb. Estos reconocimientos subrayan la eficacia de su enfoque integral para un futuro clim\u00e1ticamente neutro y una cadena de valor \u00e9tica.<\/p>\n\n\n\n<h3 class=\"wp-block-heading\">Doble Reconocimiento: Calificaci\u00f3n &#8216;A&#8217; de CDP y Etiqueta de Oro de EcoVadis<\/h3>\n\n\n\n<p>Por tercer a\u00f1o consecutivo, <a href=\"https:\/\/jeyjo.es\/index.php?id_manufacturer=125&amp;controller=manufacturer\">TESA<\/a> ha recibido la codiciada <strong>Etiqueta de Oro de EcoVadis<\/strong>, situ\u00e1ndola entre el 5% superior de todas las empresas evaluadas. Al mismo tiempo, CDP (la plataforma de datos ambientales m\u00e1s importante del mundo) ha otorgado a <a href=\"https:\/\/jeyjo.es\/index.php?id_manufacturer=125&amp;controller=manufacturer\">TESA<\/a> su m\u00e1xima <strong>Calificaci\u00f3n &#8216;A&#8217;<\/strong> por sus medidas de protecci\u00f3n clim\u00e1tica.<\/p>\n\n\n\n<p><strong>1. Calificaci\u00f3n &#8216;A&#8217; de CDP: \u00c9xito medible en la Acci\u00f3n Clim\u00e1tica<\/strong><\/p>\n\n\n\n<p>El reconocimiento de CDP se basa en progresos claros y cuantificables. El pilar de este \u00e9xito es la dr\u00e1stica reducci\u00f3n de emisiones de CO\u2082 (Alcance 1+2) en un 39% desde 2018.<\/p>\n\n\n\n<p>Este logro se sustenta en un pilar clave: la energ\u00eda verde. Desde 2020, el 100% de la electricidad adquirida por <a href=\"https:\/\/jeyjo.es\/index.php?id_manufacturer=125&amp;controller=manufacturer\">TESA<\/a> procede de fuentes renovables. Con un 90% de electricidad renovable total actual, la compa\u00f1\u00eda avanza con paso firme hacia su objetivo de producci\u00f3n clim\u00e1ticamente neutra para 2030.<\/p>\n\n\n\n<figure class=\"wp-block-image size-full\"><img loading=\"lazy\" decoding=\"async\" width=\"608\" height=\"608\" src=\"https:\/\/jeyjo.es\/blog\/wp-content\/uploads\/2025\/10\/1000px-cdp-logo-as-of-2017-svg8870154_fixedwidth_6.jpg\" alt=\"\" class=\"wp-image-2305\" srcset=\"https:\/\/jeyjo.es\/blog\/wp-content\/uploads\/2025\/10\/1000px-cdp-logo-as-of-2017-svg8870154_fixedwidth_6.jpg 608w, https:\/\/jeyjo.es\/blog\/wp-content\/uploads\/2025\/10\/1000px-cdp-logo-as-of-2017-svg8870154_fixedwidth_6-300x300.jpg 300w, https:\/\/jeyjo.es\/blog\/wp-content\/uploads\/2025\/10\/1000px-cdp-logo-as-of-2017-svg8870154_fixedwidth_6-150x150.jpg 150w\" sizes=\"auto, (max-width: 608px) 100vw, 608px\" \/><\/figure>\n\n\n\n<p><strong>2. EcoVadis Gold: Sostenibilidad 360\u00ba<\/strong><\/p>\n\n\n\n<p>Mientras CDP se enfoca en el clima, la Etiqueta de Oro de EcoVadis eval\u00faa un espectro m\u00e1s amplio. Este premio destaca los logros de <a href=\"https:\/\/jeyjo.es\/index.php?id_manufacturer=125&amp;controller=manufacturer\">TESA<\/a> en \u00e1reas cr\u00edticas como:<\/p>\n\n\n\n<ul class=\"wp-block-list\">\n<li>Cadenas de suministro sostenibles.<\/li>\n\n\n\n<li>Condiciones laborales y derechos humanos.<\/li>\n\n\n\n<li>\u00c9tica empresarial.<\/li>\n<\/ul>\n\n\n\n<figure class=\"wp-block-image size-full\"><img loading=\"lazy\" decoding=\"async\" width=\"608\" height=\"608\" src=\"https:\/\/jeyjo.es\/blog\/wp-content\/uploads\/2025\/10\/ecovadis-medal9767918_fixedwidth_6.jpg\" alt=\"\" class=\"wp-image-2307\" srcset=\"https:\/\/jeyjo.es\/blog\/wp-content\/uploads\/2025\/10\/ecovadis-medal9767918_fixedwidth_6.jpg 608w, https:\/\/jeyjo.es\/blog\/wp-content\/uploads\/2025\/10\/ecovadis-medal9767918_fixedwidth_6-300x300.jpg 300w, https:\/\/jeyjo.es\/blog\/wp-content\/uploads\/2025\/10\/ecovadis-medal9767918_fixedwidth_6-150x150.jpg 150w\" sizes=\"auto, (max-width: 608px) 100vw, 608px\" \/><\/figure>\n\n\n\n<h3 class=\"wp-block-heading\">\u00abWe Do\u00bb: La Estrategia Integral de <a href=\"https:\/\/jeyjo.es\/index.php?id_manufacturer=125&amp;controller=manufacturer\">TESA<\/a>  en Acci\u00f3n<\/h3>\n\n\n\n<p>\u00abEstamos encantados con estos reconocimientos, que avalan nuestro progreso en diversas \u00e1reas de sostenibilidad\u00bb, explica Ingrid Sebald, Miembro del Consejo de Tecnolog\u00eda de <a href=\"https:\/\/jeyjo.es\/index.php?id_manufacturer=125&amp;controller=manufacturer\">TESA<\/a>. \u00abAmbos premios demuestran la eficacia de nuestra estrategia integral de sostenibilidad &#8216;We Do&#8217; y nos motivan a seguir desarrollando soluciones innovadoras que van m\u00e1s all\u00e1 de los requisitos legales\u00bb.<\/p>\n\n\n\n<p>La <strong>estrategia de sostenibilidad de <\/strong><a href=\"https:\/\/jeyjo.es\/index.php?id_manufacturer=125&amp;controller=manufacturer\">TESA<\/a> se centra en dos frentes principales: la acci\u00f3n clim\u00e1tica y la responsabilidad en la cadena de valor.<\/p>\n\n\n\n<h4 class=\"wp-block-heading\">Misi\u00f3n Clim\u00e1tica: Reducci\u00f3n de Emisiones Globales<\/h4>\n\n\n\n<p>Afrontar la crisis clim\u00e1tica es central en el compromiso de <a href=\"https:\/\/jeyjo.es\/index.php?id_manufacturer=125&amp;controller=manufacturer\">TESA<\/a>. Su misi\u00f3n de reducir emisiones globales no solo incluye su propia producci\u00f3n, sino tambi\u00e9n los procesos ascendentes (proveedores) y descendentes (log\u00edstica y uso del producto).<\/p>\n\n\n\n<p>Adem\u00e1s de la transici\u00f3n a la energ\u00eda verde, la compa\u00f1\u00eda est\u00e1 implantando tecnolog\u00edas de alta eficiencia para conservar recursos y reducir el consumo de energ\u00eda de origen f\u00f3sil.<\/p>\n\n\n\n<figure class=\"wp-block-image size-large\"><img loading=\"lazy\" decoding=\"async\" width=\"1024\" height=\"768\" src=\"https:\/\/jeyjo.es\/blog\/wp-content\/uploads\/2025\/10\/60408-cinta-de-embalaje-de-papel-con-base-biologica-1024x768.jpg\" alt=\"\" class=\"wp-image-2308\" srcset=\"https:\/\/jeyjo.es\/blog\/wp-content\/uploads\/2025\/10\/60408-cinta-de-embalaje-de-papel-con-base-biologica-1024x768.jpg 1024w, https:\/\/jeyjo.es\/blog\/wp-content\/uploads\/2025\/10\/60408-cinta-de-embalaje-de-papel-con-base-biologica-300x225.jpg 300w, https:\/\/jeyjo.es\/blog\/wp-content\/uploads\/2025\/10\/60408-cinta-de-embalaje-de-papel-con-base-biologica-768x576.jpg 768w, https:\/\/jeyjo.es\/blog\/wp-content\/uploads\/2025\/10\/60408-cinta-de-embalaje-de-papel-con-base-biologica-1536x1152.jpg 1536w, https:\/\/jeyjo.es\/blog\/wp-content\/uploads\/2025\/10\/60408-cinta-de-embalaje-de-papel-con-base-biologica.jpg 1600w\" sizes=\"auto, (max-width: 1024px) 100vw, 1024px\" \/><\/figure>\n\n\n\n<h4 class=\"wp-block-heading\">Hacia una Cadena de Suministro 100% Responsable<\/h4>\n\n\n\n<p><a href=\"https:\/\/jeyjo.es\/index.php?id_manufacturer=125&amp;controller=manufacturer\">TESA<\/a> se compromete a garantizar que en toda su cadena de suministro se respeten condiciones laborales justas, los derechos humanos y la protecci\u00f3n ambiental.<\/p>\n\n\n\n<p>\u00abQueremos asegurarnos de que a lo largo de la cadena de suministro se respetan unas condiciones laborales justas\u00bb, afirman desde la compa\u00f1\u00eda. \u00abPara ello, tenemos previsto utilizar certificaciones, participar en asociaciones y evaluar a los proveedores. A largo plazo, queremos conseguir un abastecimiento 100% responsable y sostenible de todas nuestras materias primas.\u00bb<\/p>\n\n\n\n<figure class=\"wp-block-image size-full is-resized\"><img loading=\"lazy\" decoding=\"async\" width=\"394\" height=\"221\" src=\"https:\/\/jeyjo.es\/blog\/wp-content\/uploads\/2025\/10\/anna-juretzka-fotografie-44011535593_crop16x9_4.webp\" alt=\"\" class=\"wp-image-2306\" style=\"width:551px;height:auto\" srcset=\"https:\/\/jeyjo.es\/blog\/wp-content\/uploads\/2025\/10\/anna-juretzka-fotografie-44011535593_crop16x9_4.webp 394w, https:\/\/jeyjo.es\/blog\/wp-content\/uploads\/2025\/10\/anna-juretzka-fotografie-44011535593_crop16x9_4-300x168.webp 300w\" sizes=\"auto, (max-width: 394px) 100vw, 394px\" \/><\/figure>\n\n\n\n<h3 class=\"wp-block-heading\">El Futuro de la Sostenibilidad: Invertir en el Talento Joven<\/h3>\n\n\n\n<p>Una estrategia de sostenibilidad robusta no solo mira al medio ambiente, sino tambi\u00e9n al futuro social y econ\u00f3mico. <a href=\"https:\/\/jeyjo.es\/index.php?id_manufacturer=125&amp;controller=manufacturer\">TESA<\/a> invierte activamente en la pr\u00f3xima generaci\u00f3n de innovadores para afrontar los retos del ma\u00f1ana.<\/p>\n\n\n\n<p>Como parte del \u00abPrograma de Estudios\u00bb de Alemania, <a href=\"https:\/\/jeyjo.es\/index.php?id_manufacturer=125&amp;controller=manufacturer\">TESA<\/a> dio la bienvenida el 1 de septiembre a 51 nuevos aprendices y estudiantes duales en sus instalaciones de Norderstedt, Hamburgo y Offenburg.<\/p>\n\n\n\n<p>Estos j\u00f3venes talentos se est\u00e1n formando en profesiones clave para el futuro de la industria:<\/p>\n\n\n\n<ul class=\"wp-block-list\">\n<li>T\u00e9cnicos de laboratorio qu\u00edmico y t\u00e9cnicos qu\u00edmicos.<\/li>\n\n\n\n<li>Operadores de m\u00e1quinas y equipos.<\/li>\n\n\n\n<li>T\u00e9cnicos electricistas.<\/li>\n\n\n\n<li>Estudiantes duales en Ingenier\u00eda Industrial, Comercio Electr\u00f3nico y Ciencia de Datos.<\/li>\n<\/ul>\n\n\n\n<p>\u00abMediante esta intensa promoci\u00f3n de j\u00f3venes talentos no s\u00f3lo aseguramos el futuro de nuestra empresa, sino que contribuimos al fortalecimiento de Alemania como referente econ\u00f3mico\u00bb, subraya Matthias Lindner, Director de Gesti\u00f3n del Talento y Desarrollo Organizacional.<\/p>\n\n\n\n<p>Con premios que validan sus acciones presentes y una fuerte inversi\u00f3n en el talento futuro, la <strong>estrategia de sostenibilidad de <\/strong><a href=\"https:\/\/jeyjo.es\/index.php?id_manufacturer=125&amp;controller=manufacturer\">TESA<\/a> demuestra ser un modelo de liderazgo e innovaci\u00f3n responsable en la industria.<\/p>\n\n\n\n<p>En el siguiente enlace puedes descargar el <a href=\"https:\/\/www.tesa.com\/es-es\/files\/download\/11988535,4,informe-de-sostenibilidad-2024.pdf\">informe de sostenibilidad 2024<\/a> adem\u00e1s de <a href=\"https:\/\/www.tesa.com\/es-es\/acerca-de-tesa\/sostenibilidad\/informe-de-sostenibilidad\">informes anteriores<\/a><\/p>\n\n\n\n<p><\/p>\n","protected":false},"excerpt":{"rendered":"<p class=\"text-justify\">Nuestro proveedor TESA, el fabricante internacional de soluciones autoadhesivas innovadoras, ha consolidado su posici\u00f3n como l\u00edder en la transformaci\u00f3n sostenible de la [&hellip;]<\/p>\n","protected":false},"author":1,"featured_media":2303,"comment_status":"open","ping_status":"open","sticky":false,"template":"","format":"standard","meta":{"footnotes":""},"categories":[11],"tags":[1282,1275,1278,1281,1279,1276,1277,1280],"class_list":["post-2262","post","type-post","status-publish","format-standard","has-post-thumbnail","hentry","category-noticias","tag-cadena-de-suministro-sostenible-tesa","tag-cintas-adhesivas-sostenibles","tag-reduccion-emisiones-tesa","tag-tesa-accion-climatica","tag-tesa-ecovadis-gold","tag-tesa-premios-cdp","tag-tesa-sostenibilidad","tag-we-do-tesa"],"yoast_head":"<!-- This site is optimized with the Yoast SEO plugin v27.5 - https:\/\/yoast.com\/product\/yoast-seo-wordpress\/ -->\n<title>Estrategia de Sostenibilidad de TESA: Premios CDP y EcoVadis<\/title>\n<meta name=\"description\" content=\"Descubre la estrategia de sostenibilidad de TESA, premiada con el &#039;A&#039; de CDP y Oro de EcoVadis. Conoce su plan de reducci\u00f3n de CO2, su cadena de suministro y su apuesta por el talento.\" \/>\n<meta name=\"robots\" content=\"index, follow, max-snippet:-1, max-image-preview:large, max-video-preview:-1\" \/>\n<link rel=\"canonical\" href=\"https:\/\/jeyjo.es\/blog\/index.php\/2025\/10\/23\/blog-estrategia-sostenibilidad-tesa-premios-cdp-ecovadis\/\" \/>\n<meta property=\"og:locale\" content=\"es_ES\" \/>\n<meta property=\"og:type\" content=\"article\" \/>\n<meta property=\"og:title\" content=\"Estrategia de Sostenibilidad de TESA: Premios CDP y EcoVadis\" \/>\n<meta property=\"og:description\" content=\"Descubre la estrategia de sostenibilidad de TESA, premiada con el &#039;A&#039; de CDP y Oro de EcoVadis. Conoce su plan de reducci\u00f3n de CO2, su cadena de suministro y su apuesta por el talento.\" \/>\n<meta property=\"og:url\" content=\"https:\/\/jeyjo.es\/blog\/index.php\/2025\/10\/23\/blog-estrategia-sostenibilidad-tesa-premios-cdp-ecovadis\/\" \/>\n<meta property=\"og:site_name\" content=\"Jeyjo\" \/>\n<meta property=\"article:publisher\" content=\"https:\/\/www.facebook.com\/jeyjo.papeleria.9\" \/>\n<meta property=\"article:published_time\" content=\"2025-10-23T10:12:07+00:00\" \/>\n<meta property=\"article:modified_time\" content=\"2025-11-10T10:04:22+00:00\" \/>\n<meta property=\"og:image\" content=\"https:\/\/jeyjo.es\/blog\/wp-content\/uploads\/2025\/10\/the-tesa-building10896717_crop16x9_4.webp\" \/>\n\t<meta property=\"og:image:width\" content=\"394\" \/>\n\t<meta property=\"og:image:height\" content=\"221\" \/>\n\t<meta property=\"og:image:type\" content=\"image\/webp\" \/>\n<meta name=\"author\" content=\"Jos\u00e9 Antonio\" \/>\n<meta name=\"twitter:card\" content=\"summary_large_image\" \/>\n<meta name=\"twitter:creator\" content=\"@jeyjooficinas\" \/>\n<meta name=\"twitter:site\" content=\"@jeyjooficinas\" \/>\n<meta name=\"twitter:label1\" content=\"Escrito por\" \/>\n\t<meta name=\"twitter:data1\" content=\"Jos\u00e9 Antonio\" \/>\n\t<meta name=\"twitter:label2\" content=\"Tiempo de lectura\" \/>\n\t<meta name=\"twitter:data2\" content=\"5 minutos\" \/>\n<script type=\"application\/ld+json\" class=\"yoast-schema-graph\">{\"@context\":\"https:\\\/\\\/schema.org\",\"@graph\":[{\"@type\":\"Article\",\"@id\":\"https:\\\/\\\/jeyjo.es\\\/blog\\\/index.php\\\/2025\\\/10\\\/23\\\/blog-estrategia-sostenibilidad-tesa-premios-cdp-ecovadis\\\/#article\",\"isPartOf\":{\"@id\":\"https:\\\/\\\/jeyjo.es\\\/blog\\\/index.php\\\/2025\\\/10\\\/23\\\/blog-estrategia-sostenibilidad-tesa-premios-cdp-ecovadis\\\/\"},\"author\":{\"name\":\"Jos\u00e9 Antonio\",\"@id\":\"https:\\\/\\\/jeyjo.es\\\/blog\\\/#\\\/schema\\\/person\\\/27b39b68644e2843617b9eb0877b528b\"},\"headline\":\"Nuestro proveedor TESA recibe las m\u00e1ximas calificaciones en sostenibilidad\",\"datePublished\":\"2025-10-23T10:12:07+00:00\",\"dateModified\":\"2025-11-10T10:04:22+00:00\",\"mainEntityOfPage\":{\"@id\":\"https:\\\/\\\/jeyjo.es\\\/blog\\\/index.php\\\/2025\\\/10\\\/23\\\/blog-estrategia-sostenibilidad-tesa-premios-cdp-ecovadis\\\/\"},\"wordCount\":810,\"commentCount\":0,\"publisher\":{\"@id\":\"https:\\\/\\\/jeyjo.es\\\/blog\\\/#organization\"},\"image\":{\"@id\":\"https:\\\/\\\/jeyjo.es\\\/blog\\\/index.php\\\/2025\\\/10\\\/23\\\/blog-estrategia-sostenibilidad-tesa-premios-cdp-ecovadis\\\/#primaryimage\"},\"thumbnailUrl\":\"https:\\\/\\\/jeyjo.es\\\/blog\\\/wp-content\\\/uploads\\\/2025\\\/10\\\/the-tesa-building10896717_crop16x9_4.webp\",\"keywords\":[\"cadena de suministro sostenible TESA\",\"cintas adhesivas sostenibles\",\"reducci\u00f3n emisiones TESA\",\"TESA acci\u00f3n clim\u00e1tica\",\"TESA EcoVadis Gold\",\"TESA premios CDP\",\"TESA sostenibilidad\",\"We Do TESA\"],\"articleSection\":[\"Noticias\"],\"inLanguage\":\"es\",\"potentialAction\":[{\"@type\":\"CommentAction\",\"name\":\"Comment\",\"target\":[\"https:\\\/\\\/jeyjo.es\\\/blog\\\/index.php\\\/2025\\\/10\\\/23\\\/blog-estrategia-sostenibilidad-tesa-premios-cdp-ecovadis\\\/#respond\"]}]},{\"@type\":\"WebPage\",\"@id\":\"https:\\\/\\\/jeyjo.es\\\/blog\\\/index.php\\\/2025\\\/10\\\/23\\\/blog-estrategia-sostenibilidad-tesa-premios-cdp-ecovadis\\\/\",\"url\":\"https:\\\/\\\/jeyjo.es\\\/blog\\\/index.php\\\/2025\\\/10\\\/23\\\/blog-estrategia-sostenibilidad-tesa-premios-cdp-ecovadis\\\/\",\"name\":\"Estrategia de Sostenibilidad de TESA: Premios CDP y EcoVadis\",\"isPartOf\":{\"@id\":\"https:\\\/\\\/jeyjo.es\\\/blog\\\/#website\"},\"primaryImageOfPage\":{\"@id\":\"https:\\\/\\\/jeyjo.es\\\/blog\\\/index.php\\\/2025\\\/10\\\/23\\\/blog-estrategia-sostenibilidad-tesa-premios-cdp-ecovadis\\\/#primaryimage\"},\"image\":{\"@id\":\"https:\\\/\\\/jeyjo.es\\\/blog\\\/index.php\\\/2025\\\/10\\\/23\\\/blog-estrategia-sostenibilidad-tesa-premios-cdp-ecovadis\\\/#primaryimage\"},\"thumbnailUrl\":\"https:\\\/\\\/jeyjo.es\\\/blog\\\/wp-content\\\/uploads\\\/2025\\\/10\\\/the-tesa-building10896717_crop16x9_4.webp\",\"datePublished\":\"2025-10-23T10:12:07+00:00\",\"dateModified\":\"2025-11-10T10:04:22+00:00\",\"description\":\"Descubre la estrategia de sostenibilidad de TESA, premiada con el 'A' de CDP y Oro de EcoVadis. Conoce su plan de reducci\u00f3n de CO2, su cadena de suministro y su apuesta por el talento.\",\"breadcrumb\":{\"@id\":\"https:\\\/\\\/jeyjo.es\\\/blog\\\/index.php\\\/2025\\\/10\\\/23\\\/blog-estrategia-sostenibilidad-tesa-premios-cdp-ecovadis\\\/#breadcrumb\"},\"inLanguage\":\"es\",\"potentialAction\":[{\"@type\":\"ReadAction\",\"target\":[\"https:\\\/\\\/jeyjo.es\\\/blog\\\/index.php\\\/2025\\\/10\\\/23\\\/blog-estrategia-sostenibilidad-tesa-premios-cdp-ecovadis\\\/\"]}]},{\"@type\":\"ImageObject\",\"inLanguage\":\"es\",\"@id\":\"https:\\\/\\\/jeyjo.es\\\/blog\\\/index.php\\\/2025\\\/10\\\/23\\\/blog-estrategia-sostenibilidad-tesa-premios-cdp-ecovadis\\\/#primaryimage\",\"url\":\"https:\\\/\\\/jeyjo.es\\\/blog\\\/wp-content\\\/uploads\\\/2025\\\/10\\\/the-tesa-building10896717_crop16x9_4.webp\",\"contentUrl\":\"https:\\\/\\\/jeyjo.es\\\/blog\\\/wp-content\\\/uploads\\\/2025\\\/10\\\/the-tesa-building10896717_crop16x9_4.webp\",\"width\":394,\"height\":221},{\"@type\":\"BreadcrumbList\",\"@id\":\"https:\\\/\\\/jeyjo.es\\\/blog\\\/index.php\\\/2025\\\/10\\\/23\\\/blog-estrategia-sostenibilidad-tesa-premios-cdp-ecovadis\\\/#breadcrumb\",\"itemListElement\":[{\"@type\":\"ListItem\",\"position\":1,\"name\":\"Portada\",\"item\":\"https:\\\/\\\/jeyjo.es\\\/blog\\\/\"},{\"@type\":\"ListItem\",\"position\":2,\"name\":\"Nuestro proveedor TESA recibe las m\u00e1ximas calificaciones en sostenibilidad\"}]},{\"@type\":\"WebSite\",\"@id\":\"https:\\\/\\\/jeyjo.es\\\/blog\\\/#website\",\"url\":\"https:\\\/\\\/jeyjo.es\\\/blog\\\/\",\"name\":\"Blog para conocer todo sobre la oficina y el colegio\",\"description\":\"El Blog de tu Oficina - Expertos en Material de Oficina, Papeler\u00eda y Mobiliario\",\"publisher\":{\"@id\":\"https:\\\/\\\/jeyjo.es\\\/blog\\\/#organization\"},\"potentialAction\":[{\"@type\":\"SearchAction\",\"target\":{\"@type\":\"EntryPoint\",\"urlTemplate\":\"https:\\\/\\\/jeyjo.es\\\/blog\\\/?s={search_term_string}\"},\"query-input\":{\"@type\":\"PropertyValueSpecification\",\"valueRequired\":true,\"valueName\":\"search_term_string\"}}],\"inLanguage\":\"es\"},{\"@type\":\"Organization\",\"@id\":\"https:\\\/\\\/jeyjo.es\\\/blog\\\/#organization\",\"name\":\"Jeyjo Material de Oficina\",\"url\":\"https:\\\/\\\/jeyjo.es\\\/blog\\\/\",\"logo\":{\"@type\":\"ImageObject\",\"inLanguage\":\"es\",\"@id\":\"https:\\\/\\\/jeyjo.es\\\/blog\\\/#\\\/schema\\\/logo\\\/image\\\/\",\"url\":\"https:\\\/\\\/jeyjo.es\\\/blog\\\/wp-content\\\/uploads\\\/2023\\\/10\\\/LOGOTIPO-COLOR-cac-150px.jpg\",\"contentUrl\":\"https:\\\/\\\/jeyjo.es\\\/blog\\\/wp-content\\\/uploads\\\/2023\\\/10\\\/LOGOTIPO-COLOR-cac-150px.jpg\",\"width\":1771,\"height\":1006,\"caption\":\"Jeyjo Material de Oficina\"},\"image\":{\"@id\":\"https:\\\/\\\/jeyjo.es\\\/blog\\\/#\\\/schema\\\/logo\\\/image\\\/\"},\"sameAs\":[\"https:\\\/\\\/www.facebook.com\\\/jeyjo.papeleria.9\",\"https:\\\/\\\/x.com\\\/jeyjooficinas\",\"https:\\\/\\\/www.youtube.com\\\/channel\\\/UCUNp2bZMllJUVIAMZYdGZ8Q\",\"https:\\\/\\\/www.instagram.com\\\/jeyjomaterialdeoficina\\\/\",\"https:\\\/\\\/www.linkedin.com\\\/in\\\/jeyjo-material-de-oficina-aba48b49\"]},{\"@type\":\"Person\",\"@id\":\"https:\\\/\\\/jeyjo.es\\\/blog\\\/#\\\/schema\\\/person\\\/27b39b68644e2843617b9eb0877b528b\",\"name\":\"Jos\u00e9 Antonio\",\"image\":{\"@type\":\"ImageObject\",\"inLanguage\":\"es\",\"@id\":\"https:\\\/\\\/secure.gravatar.com\\\/avatar\\\/e8bbcf4f7a3e91ea18ca5e076249495fd4bcbc0c9bd4e3fb6c8294649ec86fcc?s=96&d=mm&r=g\",\"url\":\"https:\\\/\\\/secure.gravatar.com\\\/avatar\\\/e8bbcf4f7a3e91ea18ca5e076249495fd4bcbc0c9bd4e3fb6c8294649ec86fcc?s=96&d=mm&r=g\",\"contentUrl\":\"https:\\\/\\\/secure.gravatar.com\\\/avatar\\\/e8bbcf4f7a3e91ea18ca5e076249495fd4bcbc0c9bd4e3fb6c8294649ec86fcc?s=96&d=mm&r=g\",\"caption\":\"Jos\u00e9 Antonio\"},\"sameAs\":[\"http:\\\/\\\/jeyjo.es\\\/blog\"],\"url\":\"https:\\\/\\\/jeyjo.es\\\/blog\\\/index.php\\\/author\\\/programador\\\/\"}]}<\/script>\n<!-- \/ Yoast SEO plugin. -->","yoast_head_json":{"title":"Estrategia de Sostenibilidad de TESA: Premios CDP y EcoVadis","description":"Descubre la estrategia de sostenibilidad de TESA, premiada con el 'A' de CDP y Oro de EcoVadis. Conoce su plan de reducci\u00f3n de CO2, su cadena de suministro y su apuesta por el talento.","robots":{"index":"index","follow":"follow","max-snippet":"max-snippet:-1","max-image-preview":"max-image-preview:large","max-video-preview":"max-video-preview:-1"},"canonical":"https:\/\/jeyjo.es\/blog\/index.php\/2025\/10\/23\/blog-estrategia-sostenibilidad-tesa-premios-cdp-ecovadis\/","og_locale":"es_ES","og_type":"article","og_title":"Estrategia de Sostenibilidad de TESA: Premios CDP y EcoVadis","og_description":"Descubre la estrategia de sostenibilidad de TESA, premiada con el 'A' de CDP y Oro de EcoVadis. Conoce su plan de reducci\u00f3n de CO2, su cadena de suministro y su apuesta por el talento.","og_url":"https:\/\/jeyjo.es\/blog\/index.php\/2025\/10\/23\/blog-estrategia-sostenibilidad-tesa-premios-cdp-ecovadis\/","og_site_name":"Jeyjo","article_publisher":"https:\/\/www.facebook.com\/jeyjo.papeleria.9","article_published_time":"2025-10-23T10:12:07+00:00","article_modified_time":"2025-11-10T10:04:22+00:00","og_image":[{"width":394,"height":221,"url":"https:\/\/jeyjo.es\/blog\/wp-content\/uploads\/2025\/10\/the-tesa-building10896717_crop16x9_4.webp","type":"image\/webp"}],"author":"Jos\u00e9 Antonio","twitter_card":"summary_large_image","twitter_creator":"@jeyjooficinas","twitter_site":"@jeyjooficinas","twitter_misc":{"Escrito por":"Jos\u00e9 Antonio","Tiempo de lectura":"5 minutos"},"schema":{"@context":"https:\/\/schema.org","@graph":[{"@type":"Article","@id":"https:\/\/jeyjo.es\/blog\/index.php\/2025\/10\/23\/blog-estrategia-sostenibilidad-tesa-premios-cdp-ecovadis\/#article","isPartOf":{"@id":"https:\/\/jeyjo.es\/blog\/index.php\/2025\/10\/23\/blog-estrategia-sostenibilidad-tesa-premios-cdp-ecovadis\/"},"author":{"name":"Jos\u00e9 Antonio","@id":"https:\/\/jeyjo.es\/blog\/#\/schema\/person\/27b39b68644e2843617b9eb0877b528b"},"headline":"Nuestro proveedor TESA recibe las m\u00e1ximas calificaciones en sostenibilidad","datePublished":"2025-10-23T10:12:07+00:00","dateModified":"2025-11-10T10:04:22+00:00","mainEntityOfPage":{"@id":"https:\/\/jeyjo.es\/blog\/index.php\/2025\/10\/23\/blog-estrategia-sostenibilidad-tesa-premios-cdp-ecovadis\/"},"wordCount":810,"commentCount":0,"publisher":{"@id":"https:\/\/jeyjo.es\/blog\/#organization"},"image":{"@id":"https:\/\/jeyjo.es\/blog\/index.php\/2025\/10\/23\/blog-estrategia-sostenibilidad-tesa-premios-cdp-ecovadis\/#primaryimage"},"thumbnailUrl":"https:\/\/jeyjo.es\/blog\/wp-content\/uploads\/2025\/10\/the-tesa-building10896717_crop16x9_4.webp","keywords":["cadena de suministro sostenible TESA","cintas adhesivas sostenibles","reducci\u00f3n emisiones TESA","TESA acci\u00f3n clim\u00e1tica","TESA EcoVadis Gold","TESA premios CDP","TESA sostenibilidad","We Do TESA"],"articleSection":["Noticias"],"inLanguage":"es","potentialAction":[{"@type":"CommentAction","name":"Comment","target":["https:\/\/jeyjo.es\/blog\/index.php\/2025\/10\/23\/blog-estrategia-sostenibilidad-tesa-premios-cdp-ecovadis\/#respond"]}]},{"@type":"WebPage","@id":"https:\/\/jeyjo.es\/blog\/index.php\/2025\/10\/23\/blog-estrategia-sostenibilidad-tesa-premios-cdp-ecovadis\/","url":"https:\/\/jeyjo.es\/blog\/index.php\/2025\/10\/23\/blog-estrategia-sostenibilidad-tesa-premios-cdp-ecovadis\/","name":"Estrategia de Sostenibilidad de TESA: Premios CDP y EcoVadis","isPartOf":{"@id":"https:\/\/jeyjo.es\/blog\/#website"},"primaryImageOfPage":{"@id":"https:\/\/jeyjo.es\/blog\/index.php\/2025\/10\/23\/blog-estrategia-sostenibilidad-tesa-premios-cdp-ecovadis\/#primaryimage"},"image":{"@id":"https:\/\/jeyjo.es\/blog\/index.php\/2025\/10\/23\/blog-estrategia-sostenibilidad-tesa-premios-cdp-ecovadis\/#primaryimage"},"thumbnailUrl":"https:\/\/jeyjo.es\/blog\/wp-content\/uploads\/2025\/10\/the-tesa-building10896717_crop16x9_4.webp","datePublished":"2025-10-23T10:12:07+00:00","dateModified":"2025-11-10T10:04:22+00:00","description":"Descubre la estrategia de sostenibilidad de TESA, premiada con el 'A' de CDP y Oro de EcoVadis. Conoce su plan de reducci\u00f3n de CO2, su cadena de suministro y su apuesta por el talento.","breadcrumb":{"@id":"https:\/\/jeyjo.es\/blog\/index.php\/2025\/10\/23\/blog-estrategia-sostenibilidad-tesa-premios-cdp-ecovadis\/#breadcrumb"},"inLanguage":"es","potentialAction":[{"@type":"ReadAction","target":["https:\/\/jeyjo.es\/blog\/index.php\/2025\/10\/23\/blog-estrategia-sostenibilidad-tesa-premios-cdp-ecovadis\/"]}]},{"@type":"ImageObject","inLanguage":"es","@id":"https:\/\/jeyjo.es\/blog\/index.php\/2025\/10\/23\/blog-estrategia-sostenibilidad-tesa-premios-cdp-ecovadis\/#primaryimage","url":"https:\/\/jeyjo.es\/blog\/wp-content\/uploads\/2025\/10\/the-tesa-building10896717_crop16x9_4.webp","contentUrl":"https:\/\/jeyjo.es\/blog\/wp-content\/uploads\/2025\/10\/the-tesa-building10896717_crop16x9_4.webp","width":394,"height":221},{"@type":"BreadcrumbList","@id":"https:\/\/jeyjo.es\/blog\/index.php\/2025\/10\/23\/blog-estrategia-sostenibilidad-tesa-premios-cdp-ecovadis\/#breadcrumb","itemListElement":[{"@type":"ListItem","position":1,"name":"Portada","item":"https:\/\/jeyjo.es\/blog\/"},{"@type":"ListItem","position":2,"name":"Nuestro proveedor TESA recibe las m\u00e1ximas calificaciones en sostenibilidad"}]},{"@type":"WebSite","@id":"https:\/\/jeyjo.es\/blog\/#website","url":"https:\/\/jeyjo.es\/blog\/","name":"Blog para conocer todo sobre la oficina y el colegio","description":"El Blog de tu Oficina - Expertos en Material de Oficina, Papeler\u00eda y Mobiliario","publisher":{"@id":"https:\/\/jeyjo.es\/blog\/#organization"},"potentialAction":[{"@type":"SearchAction","target":{"@type":"EntryPoint","urlTemplate":"https:\/\/jeyjo.es\/blog\/?s={search_term_string}"},"query-input":{"@type":"PropertyValueSpecification","valueRequired":true,"valueName":"search_term_string"}}],"inLanguage":"es"},{"@type":"Organization","@id":"https:\/\/jeyjo.es\/blog\/#organization","name":"Jeyjo Material de Oficina","url":"https:\/\/jeyjo.es\/blog\/","logo":{"@type":"ImageObject","inLanguage":"es","@id":"https:\/\/jeyjo.es\/blog\/#\/schema\/logo\/image\/","url":"https:\/\/jeyjo.es\/blog\/wp-content\/uploads\/2023\/10\/LOGOTIPO-COLOR-cac-150px.jpg","contentUrl":"https:\/\/jeyjo.es\/blog\/wp-content\/uploads\/2023\/10\/LOGOTIPO-COLOR-cac-150px.jpg","width":1771,"height":1006,"caption":"Jeyjo Material de Oficina"},"image":{"@id":"https:\/\/jeyjo.es\/blog\/#\/schema\/logo\/image\/"},"sameAs":["https:\/\/www.facebook.com\/jeyjo.papeleria.9","https:\/\/x.com\/jeyjooficinas","https:\/\/www.youtube.com\/channel\/UCUNp2bZMllJUVIAMZYdGZ8Q","https:\/\/www.instagram.com\/jeyjomaterialdeoficina\/","https:\/\/www.linkedin.com\/in\/jeyjo-material-de-oficina-aba48b49"]},{"@type":"Person","@id":"https:\/\/jeyjo.es\/blog\/#\/schema\/person\/27b39b68644e2843617b9eb0877b528b","name":"Jos\u00e9 Antonio","image":{"@type":"ImageObject","inLanguage":"es","@id":"https:\/\/secure.gravatar.com\/avatar\/e8bbcf4f7a3e91ea18ca5e076249495fd4bcbc0c9bd4e3fb6c8294649ec86fcc?s=96&d=mm&r=g","url":"https:\/\/secure.gravatar.com\/avatar\/e8bbcf4f7a3e91ea18ca5e076249495fd4bcbc0c9bd4e3fb6c8294649ec86fcc?s=96&d=mm&r=g","contentUrl":"https:\/\/secure.gravatar.com\/avatar\/e8bbcf4f7a3e91ea18ca5e076249495fd4bcbc0c9bd4e3fb6c8294649ec86fcc?s=96&d=mm&r=g","caption":"Jos\u00e9 Antonio"},"sameAs":["http:\/\/jeyjo.es\/blog"],"url":"https:\/\/jeyjo.es\/blog\/index.php\/author\/programador\/"}]}},"_links":{"self":[{"href":"https:\/\/jeyjo.es\/blog\/index.php\/wp-json\/wp\/v2\/posts\/2262","targetHints":{"allow":["GET"]}}],"collection":[{"href":"https:\/\/jeyjo.es\/blog\/index.php\/wp-json\/wp\/v2\/posts"}],"about":[{"href":"https:\/\/jeyjo.es\/blog\/index.php\/wp-json\/wp\/v2\/types\/post"}],"author":[{"embeddable":true,"href":"https:\/\/jeyjo.es\/blog\/index.php\/wp-json\/wp\/v2\/users\/1"}],"replies":[{"embeddable":true,"href":"https:\/\/jeyjo.es\/blog\/index.php\/wp-json\/wp\/v2\/comments?post=2262"}],"version-history":[{"count":2,"href":"https:\/\/jeyjo.es\/blog\/index.php\/wp-json\/wp\/v2\/posts\/2262\/revisions"}],"predecessor-version":[{"id":2309,"href":"https:\/\/jeyjo.es\/blog\/index.php\/wp-json\/wp\/v2\/posts\/2262\/revisions\/2309"}],"wp:featuredmedia":[{"embeddable":true,"href":"https:\/\/jeyjo.es\/blog\/index.php\/wp-json\/wp\/v2\/media\/2303"}],"wp:attachment":[{"href":"https:\/\/jeyjo.es\/blog\/index.php\/wp-json\/wp\/v2\/media?parent=2262"}],"wp:term":[{"taxonomy":"category","embeddable":true,"href":"https:\/\/jeyjo.es\/blog\/index.php\/wp-json\/wp\/v2\/categories?post=2262"},{"taxonomy":"post_tag","embeddable":true,"href":"https:\/\/jeyjo.es\/blog\/index.php\/wp-json\/wp\/v2\/tags?post=2262"}],"curies":[{"name":"wp","href":"https:\/\/api.w.org\/{rel}","templated":true}]}}