{"id":2225,"date":"2025-07-25T17:25:18","date_gmt":"2025-07-25T15:25:18","guid":{"rendered":"https:\/\/jeyjo.es\/blog\/?p=2225"},"modified":"2025-07-25T17:25:20","modified_gmt":"2025-07-25T15:25:20","slug":"solucionado-franja-negra-al-escanear-a-doble-cara-en-impresoras-canon-mf443dw-mf445dw-con-adf-de-una-pasada","status":"publish","type":"post","link":"https:\/\/jeyjo.es\/blog\/index.php\/2025\/07\/25\/solucionado-franja-negra-al-escanear-a-doble-cara-en-impresoras-canon-mf443dw-mf445dw-con-adf-de-una-pasada\/","title":{"rendered":"Solucionado: Franja Negra al Escanear a Doble Cara en Impresoras Canon MF443dw\/MF445dw con ADF de Una Pasada"},"content":{"rendered":"\n<p>Si eres usuario de una impresora Canon de la serie MF420 o MF440 y te has encontrado con una frustrante <strong>franja negra o distorsionada<\/strong> al escanear documentos a doble cara desde el alimentador autom\u00e1tico de documentos (ADF), \u00a1esta entrada te va a ahorrar mucho tiempo y quiz\u00e1s alg\u00fan disgusto!<\/p>\n\n\n\n<p>Este es un problema com\u00fan pero a menudo mal diagnosticado. Aqu\u00ed te explicamos qu\u00e9 lo causa y c\u00f3mo solucionarlo.<\/p>\n\n\n\n<h2 class=\"wp-block-heading\">\u00bfCu\u00e1l es el problema?<\/h2>\n\n\n\n<p>En ciertas impresoras multifunci\u00f3n Canon, especialmente modelos con escaneo a doble cara en una sola pasada mediante el <strong>alimentador autom\u00e1tico de documentos (ADF)<\/strong>, se ha detectado un error espec\u00edfico: <strong>La segunda cara escaneada presenta una franja negra o distorsionada al escanear documentos a doble cara<\/strong>. Esto ocurre <strong>solo al usar la funci\u00f3n de escaneo\/copia d\u00faplex por el ADF<\/strong>. En la mayor\u00eda de casos:<\/p>\n\n\n\n<ul class=\"wp-block-list\">\n<li><strong>La segunda cara del documento escaneado presenta una franja vertical, a menudo negra o borrosa.<\/strong><\/li>\n\n\n\n<li>Esto ocurre <strong>\u00fanicamente<\/strong> al utilizar la funci\u00f3n de escaneo o copia d\u00faplex a trav\u00e9s del alimentador autom\u00e1tico.<\/li>\n\n\n\n<li>En la mayor\u00eda de los casos, la <strong>primera cara se escanea perfectamente<\/strong>, sin ninguna imperfecci\u00f3n.<\/li>\n\n\n\n<li>La franja o las zonas difusas pueden ser lo suficientemente anchas como para comprometer seriamente la legibilidad del documento en esa \u00e1rea.<\/li>\n\n\n\n<li>El error se manifiesta tanto al realizar copias d\u00faplex como al escanear a PDF, imagen o directamente a una carpeta de red.<\/li>\n<\/ul>\n\n\n\n<h2 class=\"wp-block-heading\">\u00bfYa comprobaste lo m\u00e1s b\u00e1sico? Limpieza del cristal<\/h2>\n\n\n\n<p>Cuando investigas este tipo de problemas en foros especializados o en el soporte oficial de Canon, la primera recomendaci\u00f3n (y la m\u00e1s l\u00f3gica) es siempre la limpieza. Un peque\u00f1o resto de suciedad puede causar grandes estragos.<\/p>\n\n\n\n<p>Aseg\u00farate de limpiar a fondo las dos superficies de cristal utilizadas para el escaneo:<\/p>\n\n\n\n<ol start=\"1\" class=\"wp-block-list\">\n<li><strong>El cristal principal del esc\u00e1ner:<\/strong> La superficie grande donde colocar\u00edas documentos manualmente.<\/li>\n\n\n\n<li><strong>La peque\u00f1a tira de cristal lateral del ADF:<\/strong> Esta es crucial para el escaneo de la segunda cara en los alimentadores de una sola pasada.<\/li>\n<\/ol>\n\n\n\n<p>Utiliza un pa\u00f1o suave y que no suelte pelusa, ligeramente humedecido con agua o un limpiacristales suave (sin amoniaco ni abrasivos). Cualquier mota de polvo, huella, tinta seca o incluso un pelo puede ser el culpable de esas molestas l\u00edneas o franjas.<br><\/p>\n\n\n\n<h2 class=\"wp-block-heading\"><strong>\u00bfSigue ocurriendo a pesar de una limpieza impecable?<\/strong><\/h2>\n\n\n\n<p>Si has limpiado meticulosamente todas las superficies de cristal y el problema persiste, entonces es muy probable que no se trate de una simple cuesti\u00f3n de suciedad.<\/p>\n\n\n\n<p>Este fallo es particularmente caracter\u00edstico de ciertos modelos Canon que utilizan un ADF de una sola pasada para el escaneo a doble cara. Se ha confirmado en impresoras de las siguientes series y modelos espec\u00edficos:<\/p>\n\n\n\n<ul class=\"wp-block-list\">\n<li><strong>Canon i-SENSYS MF420 Series<\/strong><\/li>\n\n\n\n<li><strong>Canon i-SENSYS MF440 Series<\/strong><\/li>\n\n\n\n<li><strong>Confirmado en modelos concretos como:<\/strong>\n<ul class=\"wp-block-list\">\n<li><strong>Canon MF443dw<\/strong><\/li>\n\n\n\n<li><strong>Canon MF445dw<\/strong><\/li>\n<\/ul>\n<\/li>\n<\/ul>\n\n\n\n<h2 class=\"wp-block-heading\">Causa probable del fallo t\u00e9cnico: El cable del sensor de escaneo<\/h2>\n\n\n\n<p>Si has descartado la suciedad, la causa m\u00e1s probable de este error es una falla interna relacionada con el cableado del sensor de escaneo que se encarga de la segunda cara. Espec\u00edficamente, el componente implicado suele ser un <strong>cable plano flexible<\/strong> con la referencia:<\/p>\n\n\n\n<ul class=\"wp-block-list\">\n<li><strong>Canon FK4-4059<\/strong><\/li>\n<\/ul>\n\n\n\n<p>Este cable es el responsable de transmitir los datos de imagen de la segunda pasada del escaneo. Si el cable se ha deteriorado con el uso (por dobleces repetidos), est\u00e1 mal conectado o presenta alg\u00fan da\u00f1o f\u00edsico, es muy probable que genere las franjas negras o los fallos de lectura que est\u00e1s experimentando.<\/p>\n\n\n\n<h2 class=\"wp-block-heading\">Pasos para la reparaci\u00f3n<\/h2>\n\n\n\n<p>Como hemos mencionado anteriormente, es muy probable que el problema resida en el <strong>cable plano flexible<\/strong> que conecta la unidad superior del esc\u00e1ner con la placa base de la impresora. Llegados a este punto, existen dos posibilidades:<\/p>\n\n\n\n<ol start=\"1\" class=\"wp-block-list\">\n<li><strong>El cable est\u00e1 da\u00f1ado<\/strong> y necesita ser reemplazado por completo.<\/li>\n\n\n\n<li><strong>El cable simplemente se ha movido<\/strong> un poco con el tiempo y el uso, y no est\u00e1 correctamente conectado.<\/li>\n<\/ol>\n\n\n\n<p>Reemplazar el cable por completo es una tarea que puede ser complicada si no se tiene experiencia previa reparando impresoras. Por ello, antes de llegar a ese punto, hay una opci\u00f3n m\u00e1s sencilla que, en la mayor\u00eda de los casos, solucionar\u00e1 el problema.<\/p>\n\n\n\n<p>Para una mejor explicaci\u00f3n visual de todo el proceso, a continuaci\u00f3n, encontrar\u00e1s un video gu\u00eda con los pasos para la sustituci\u00f3n del cable:<\/p>\n\n\n\n<figure class=\"wp-block-embed is-type-video is-provider-youtube wp-block-embed-youtube wp-embed-aspect-16-9 wp-has-aspect-ratio\"><div class=\"wp-block-embed__wrapper\">\n<iframe loading=\"lazy\" title=\"\u0427\u0451\u0440\u043d\u044b\u0435 \u043f\u043e\u043b\u043e\u0441\u044b \u043f\u0440\u0438 \u0441\u043a\u0430\u043d\u0438\u0440\u043e\u0432\u0430\u043d\u0438\u0438 \u043a\u043e\u043f\u0438\u0440\u043e\u0432\u0430\u043d\u0438\u0438 \u0441 ADF Canon MF 420 445. \u0417\u0430\u043c\u0435\u043d\u0430 \u0448\u043b\u0435\u0439\u0444\u0430 F\u041a4-4059.\" width=\"640\" height=\"360\" src=\"https:\/\/www.youtube.com\/embed\/czNc02pNvyk?feature=oembed\" frameborder=\"0\" allow=\"accelerometer; autoplay; clipboard-write; encrypted-media; gyroscope; picture-in-picture; web-share\" referrerpolicy=\"strict-origin-when-cross-origin\" allowfullscreen><\/iframe>\n<\/div><\/figure>\n\n\n\n<p class=\"has-small-font-size\">Enlace directo al video en YouTube: <a href=\"https:\/\/www.youtube.com\/watch?v=czNc02pNvyk\">https:\/\/www.youtube.com\/watch?v=czNc02pNvyk<\/a><\/p>\n\n\n\n<p><strong>Antes de reemplazar el cable entero<\/strong>, te recomendamos encarecidamente que te asegures de que el cable est\u00e1 bien conectado. Muy probablemente, con este simple paso ser\u00e1 suficiente para solucionar el problema. Como ayuda, puedes fijarte en el video hasta aproximadamente el <strong>minuto 1:50<\/strong>. Es en ese momento cuando podr\u00e1s ver el cable plano.<\/p>\n\n\n\n<p>Una vez localizado, aseg\u00farate de que est\u00e9 bien encajado. Puedes desconectarlo con cuidado, limpiar ligeramente los contactos si ves alg\u00fan residuo, y volver a conectarlo firmemente. Despu\u00e9s de esto, prueba si la impresora ahora escanea correctamente a doble cara.<\/p>\n\n\n\n<p><strong>Si el problema no se ha solucionado<\/strong> tras verificar la conexi\u00f3n, entonces s\u00ed, tendr\u00e1s que seguir el resto del video gu\u00eda y proceder a reemplazar por completo el cable.<\/p>\n\n\n\n<h2 class=\"wp-block-heading\">Conclusi\u00f3n<\/h2>\n\n\n\n<p>En resumen, si tu impresora Canon multifunci\u00f3n presenta una franja negra al escanear la segunda cara de un documento a trav\u00e9s del ADF:<\/p>\n\n\n\n<ol start=\"1\" class=\"wp-block-list\">\n<li><strong>Realiza una limpieza exhaustiva<\/strong> de todos los cristales del esc\u00e1ner, incluyendo la peque\u00f1a tira del ADF.<\/li>\n\n\n\n<li>Si el problema persiste, y posees un modelo de las series MF420 o MF440 (o similares con ADF de una sola pasada), considera seriamente la <strong>sustituci\u00f3n del cable FK4-4059<\/strong>.<\/li>\n<\/ol>\n\n\n\n<p>Este es un problema m\u00e1s com\u00fan de lo que parece, pero afortunadamente, tiene una soluci\u00f3n directa que puedes intentar por tu cuenta. \u00a1Estate atento a nuestras pr\u00f3ximas gu\u00edas para la explicaci\u00f3n paso a paso!<\/p>\n\n\n\n<hr class=\"wp-block-separator has-alpha-channel-opacity\"\/>\n\n\n\n<blockquote class=\"wp-block-quote is-layout-flow wp-block-quote-is-layout-flow\">\n<p>Si te ha gustado esta gu\u00eda y te ha sido \u00fatil, \u00a1no dudes en dejar un comentario! Y no olvides visitar nuestro blog para m\u00e1s consejos y soluciones de todo tipo: <a href=\"https:\/\/jeyjo.es\/blog\/\">Blog Jeyjo<\/a><\/p>\n\n\n\n<p>Y nuestra pagina web, donde podr\u00e1s encontrar todo tipo de material de oficina y de lectura: <a href=\"https:\/\/jeyjo.es\/\">Jeyjo<\/a><\/p>\n<\/blockquote>\n","protected":false},"excerpt":{"rendered":"<p class=\"text-justify\">Si eres usuario de una impresora Canon de la serie MF420 o MF440 y te has encontrado con una frustrante franja negra [&hellip;]<\/p>\n","protected":false},"author":1,"featured_media":2226,"comment_status":"open","ping_status":"open","sticky":false,"template":"","format":"standard","meta":{"footnotes":""},"categories":[13],"tags":[1247,654,1241,1245,1242,1248,9,1237,1238,1244,1250,1234,1235,1233,1243,1236,1239,1246,1249,1240],"class_list":["post-2225","post","type-post","status-publish","format-standard","has-post-thumbnail","hentry","category-manuales-y-trucos-de-usuario","tag-adf","tag-canon","tag-doble-cara","tag-double-sided","tag-escaneo","tag-guia","tag-jeyjo","tag-linea-negra","tag-lineas","tag-lines","tag-mf420","tag-mf443dw","tag-mf445dw","tag-multifuncion-2","tag-problema","tag-raya-negra","tag-rayas","tag-scan-problem","tag-solucion","tag-streak"],"yoast_head":"<!-- This site is optimized with the Yoast SEO plugin v27.5 - https:\/\/yoast.com\/product\/yoast-seo-wordpress\/ -->\n<title>Franja negra o distorsionada al escanear documentos a doble cara<\/title>\n<meta name=\"description\" content=\"Solucionado: Franja Negra o distorsionada al escanear documentos a doble cara en Impresoras Canon MF443dw\/MF445dw con ADF de Una Pasada\" \/>\n<meta name=\"robots\" content=\"index, follow, max-snippet:-1, max-image-preview:large, max-video-preview:-1\" \/>\n<link rel=\"canonical\" href=\"https:\/\/jeyjo.es\/blog\/index.php\/2025\/07\/25\/solucionado-franja-negra-al-escanear-a-doble-cara-en-impresoras-canon-mf443dw-mf445dw-con-adf-de-una-pasada\/\" \/>\n<meta property=\"og:locale\" content=\"es_ES\" \/>\n<meta property=\"og:type\" content=\"article\" \/>\n<meta property=\"og:title\" content=\"Franja negra o distorsionada al escanear documentos a doble cara\" \/>\n<meta property=\"og:description\" content=\"Solucionado: Franja Negra o distorsionada al escanear documentos a doble cara en Impresoras Canon MF443dw\/MF445dw con ADF de Una Pasada\" \/>\n<meta property=\"og:url\" content=\"https:\/\/jeyjo.es\/blog\/index.php\/2025\/07\/25\/solucionado-franja-negra-al-escanear-a-doble-cara-en-impresoras-canon-mf443dw-mf445dw-con-adf-de-una-pasada\/\" \/>\n<meta property=\"og:site_name\" content=\"Jeyjo\" \/>\n<meta property=\"article:publisher\" content=\"https:\/\/www.facebook.com\/jeyjo.papeleria.9\" \/>\n<meta property=\"article:published_time\" content=\"2025-07-25T15:25:18+00:00\" \/>\n<meta property=\"article:modified_time\" content=\"2025-07-25T15:25:20+00:00\" \/>\n<meta property=\"og:image\" content=\"https:\/\/jeyjo.es\/blog\/wp-content\/uploads\/2025\/07\/3514C041_i-SENSYS-MF443dw_02.webp\" \/>\n\t<meta property=\"og:image:width\" content=\"1200\" \/>\n\t<meta property=\"og:image:height\" content=\"1200\" \/>\n\t<meta property=\"og:image:type\" content=\"image\/webp\" \/>\n<meta name=\"author\" content=\"Jos\u00e9 Antonio\" \/>\n<meta name=\"twitter:card\" content=\"summary_large_image\" \/>\n<meta name=\"twitter:creator\" content=\"@jeyjooficinas\" \/>\n<meta name=\"twitter:site\" content=\"@jeyjooficinas\" \/>\n<meta name=\"twitter:label1\" content=\"Escrito por\" \/>\n\t<meta name=\"twitter:data1\" content=\"Jos\u00e9 Antonio\" \/>\n\t<meta name=\"twitter:label2\" content=\"Tiempo de lectura\" \/>\n\t<meta name=\"twitter:data2\" content=\"5 minutos\" \/>\n<script type=\"application\/ld+json\" class=\"yoast-schema-graph\">{\"@context\":\"https:\\\/\\\/schema.org\",\"@graph\":[{\"@type\":\"Article\",\"@id\":\"https:\\\/\\\/jeyjo.es\\\/blog\\\/index.php\\\/2025\\\/07\\\/25\\\/solucionado-franja-negra-al-escanear-a-doble-cara-en-impresoras-canon-mf443dw-mf445dw-con-adf-de-una-pasada\\\/#article\",\"isPartOf\":{\"@id\":\"https:\\\/\\\/jeyjo.es\\\/blog\\\/index.php\\\/2025\\\/07\\\/25\\\/solucionado-franja-negra-al-escanear-a-doble-cara-en-impresoras-canon-mf443dw-mf445dw-con-adf-de-una-pasada\\\/\"},\"author\":{\"name\":\"Jos\u00e9 Antonio\",\"@id\":\"https:\\\/\\\/jeyjo.es\\\/blog\\\/#\\\/schema\\\/person\\\/27b39b68644e2843617b9eb0877b528b\"},\"headline\":\"Solucionado: Franja Negra al Escanear a Doble Cara en Impresoras Canon MF443dw\\\/MF445dw con ADF de Una Pasada\",\"datePublished\":\"2025-07-25T15:25:18+00:00\",\"dateModified\":\"2025-07-25T15:25:20+00:00\",\"mainEntityOfPage\":{\"@id\":\"https:\\\/\\\/jeyjo.es\\\/blog\\\/index.php\\\/2025\\\/07\\\/25\\\/solucionado-franja-negra-al-escanear-a-doble-cara-en-impresoras-canon-mf443dw-mf445dw-con-adf-de-una-pasada\\\/\"},\"wordCount\":1090,\"commentCount\":0,\"publisher\":{\"@id\":\"https:\\\/\\\/jeyjo.es\\\/blog\\\/#organization\"},\"image\":{\"@id\":\"https:\\\/\\\/jeyjo.es\\\/blog\\\/index.php\\\/2025\\\/07\\\/25\\\/solucionado-franja-negra-al-escanear-a-doble-cara-en-impresoras-canon-mf443dw-mf445dw-con-adf-de-una-pasada\\\/#primaryimage\"},\"thumbnailUrl\":\"https:\\\/\\\/jeyjo.es\\\/blog\\\/wp-content\\\/uploads\\\/2025\\\/07\\\/3514C041_i-SENSYS-MF443dw_02.webp\",\"keywords\":[\"ADF\",\"canon\",\"Doble cara\",\"Double sided\",\"escaneo\",\"Guia\",\"jeyjo\",\"Linea negra\",\"Lineas\",\"Lines\",\"MF420\",\"MF443dw\",\"MF445dw\",\"Multifuncion\",\"Problema\",\"Raya negra\",\"Rayas\",\"Scan problem\",\"Solucion\",\"Streak\"],\"articleSection\":[\"Manuales y ayuda de usuario de producto\"],\"inLanguage\":\"es\",\"potentialAction\":[{\"@type\":\"CommentAction\",\"name\":\"Comment\",\"target\":[\"https:\\\/\\\/jeyjo.es\\\/blog\\\/index.php\\\/2025\\\/07\\\/25\\\/solucionado-franja-negra-al-escanear-a-doble-cara-en-impresoras-canon-mf443dw-mf445dw-con-adf-de-una-pasada\\\/#respond\"]}]},{\"@type\":\"WebPage\",\"@id\":\"https:\\\/\\\/jeyjo.es\\\/blog\\\/index.php\\\/2025\\\/07\\\/25\\\/solucionado-franja-negra-al-escanear-a-doble-cara-en-impresoras-canon-mf443dw-mf445dw-con-adf-de-una-pasada\\\/\",\"url\":\"https:\\\/\\\/jeyjo.es\\\/blog\\\/index.php\\\/2025\\\/07\\\/25\\\/solucionado-franja-negra-al-escanear-a-doble-cara-en-impresoras-canon-mf443dw-mf445dw-con-adf-de-una-pasada\\\/\",\"name\":\"Franja negra o distorsionada al escanear documentos a doble cara\",\"isPartOf\":{\"@id\":\"https:\\\/\\\/jeyjo.es\\\/blog\\\/#website\"},\"primaryImageOfPage\":{\"@id\":\"https:\\\/\\\/jeyjo.es\\\/blog\\\/index.php\\\/2025\\\/07\\\/25\\\/solucionado-franja-negra-al-escanear-a-doble-cara-en-impresoras-canon-mf443dw-mf445dw-con-adf-de-una-pasada\\\/#primaryimage\"},\"image\":{\"@id\":\"https:\\\/\\\/jeyjo.es\\\/blog\\\/index.php\\\/2025\\\/07\\\/25\\\/solucionado-franja-negra-al-escanear-a-doble-cara-en-impresoras-canon-mf443dw-mf445dw-con-adf-de-una-pasada\\\/#primaryimage\"},\"thumbnailUrl\":\"https:\\\/\\\/jeyjo.es\\\/blog\\\/wp-content\\\/uploads\\\/2025\\\/07\\\/3514C041_i-SENSYS-MF443dw_02.webp\",\"datePublished\":\"2025-07-25T15:25:18+00:00\",\"dateModified\":\"2025-07-25T15:25:20+00:00\",\"description\":\"Solucionado: Franja Negra o distorsionada al escanear documentos a doble cara en Impresoras Canon MF443dw\\\/MF445dw con ADF de Una Pasada\",\"breadcrumb\":{\"@id\":\"https:\\\/\\\/jeyjo.es\\\/blog\\\/index.php\\\/2025\\\/07\\\/25\\\/solucionado-franja-negra-al-escanear-a-doble-cara-en-impresoras-canon-mf443dw-mf445dw-con-adf-de-una-pasada\\\/#breadcrumb\"},\"inLanguage\":\"es\",\"potentialAction\":[{\"@type\":\"ReadAction\",\"target\":[\"https:\\\/\\\/jeyjo.es\\\/blog\\\/index.php\\\/2025\\\/07\\\/25\\\/solucionado-franja-negra-al-escanear-a-doble-cara-en-impresoras-canon-mf443dw-mf445dw-con-adf-de-una-pasada\\\/\"]}]},{\"@type\":\"ImageObject\",\"inLanguage\":\"es\",\"@id\":\"https:\\\/\\\/jeyjo.es\\\/blog\\\/index.php\\\/2025\\\/07\\\/25\\\/solucionado-franja-negra-al-escanear-a-doble-cara-en-impresoras-canon-mf443dw-mf445dw-con-adf-de-una-pasada\\\/#primaryimage\",\"url\":\"https:\\\/\\\/jeyjo.es\\\/blog\\\/wp-content\\\/uploads\\\/2025\\\/07\\\/3514C041_i-SENSYS-MF443dw_02.webp\",\"contentUrl\":\"https:\\\/\\\/jeyjo.es\\\/blog\\\/wp-content\\\/uploads\\\/2025\\\/07\\\/3514C041_i-SENSYS-MF443dw_02.webp\",\"width\":1200,\"height\":1200,\"caption\":\"Canon i-SENSYS MF443dw\"},{\"@type\":\"BreadcrumbList\",\"@id\":\"https:\\\/\\\/jeyjo.es\\\/blog\\\/index.php\\\/2025\\\/07\\\/25\\\/solucionado-franja-negra-al-escanear-a-doble-cara-en-impresoras-canon-mf443dw-mf445dw-con-adf-de-una-pasada\\\/#breadcrumb\",\"itemListElement\":[{\"@type\":\"ListItem\",\"position\":1,\"name\":\"Portada\",\"item\":\"https:\\\/\\\/jeyjo.es\\\/blog\\\/\"},{\"@type\":\"ListItem\",\"position\":2,\"name\":\"Solucionado: Franja Negra al Escanear a Doble Cara en Impresoras Canon MF443dw\\\/MF445dw con ADF de Una Pasada\"}]},{\"@type\":\"WebSite\",\"@id\":\"https:\\\/\\\/jeyjo.es\\\/blog\\\/#website\",\"url\":\"https:\\\/\\\/jeyjo.es\\\/blog\\\/\",\"name\":\"Blog para conocer todo sobre la oficina y el colegio\",\"description\":\"El Blog de tu Oficina - Expertos en Material de Oficina, Papeler\u00eda y Mobiliario\",\"publisher\":{\"@id\":\"https:\\\/\\\/jeyjo.es\\\/blog\\\/#organization\"},\"potentialAction\":[{\"@type\":\"SearchAction\",\"target\":{\"@type\":\"EntryPoint\",\"urlTemplate\":\"https:\\\/\\\/jeyjo.es\\\/blog\\\/?s={search_term_string}\"},\"query-input\":{\"@type\":\"PropertyValueSpecification\",\"valueRequired\":true,\"valueName\":\"search_term_string\"}}],\"inLanguage\":\"es\"},{\"@type\":\"Organization\",\"@id\":\"https:\\\/\\\/jeyjo.es\\\/blog\\\/#organization\",\"name\":\"Jeyjo Material de Oficina\",\"url\":\"https:\\\/\\\/jeyjo.es\\\/blog\\\/\",\"logo\":{\"@type\":\"ImageObject\",\"inLanguage\":\"es\",\"@id\":\"https:\\\/\\\/jeyjo.es\\\/blog\\\/#\\\/schema\\\/logo\\\/image\\\/\",\"url\":\"https:\\\/\\\/jeyjo.es\\\/blog\\\/wp-content\\\/uploads\\\/2023\\\/10\\\/LOGOTIPO-COLOR-cac-150px.jpg\",\"contentUrl\":\"https:\\\/\\\/jeyjo.es\\\/blog\\\/wp-content\\\/uploads\\\/2023\\\/10\\\/LOGOTIPO-COLOR-cac-150px.jpg\",\"width\":1771,\"height\":1006,\"caption\":\"Jeyjo Material de Oficina\"},\"image\":{\"@id\":\"https:\\\/\\\/jeyjo.es\\\/blog\\\/#\\\/schema\\\/logo\\\/image\\\/\"},\"sameAs\":[\"https:\\\/\\\/www.facebook.com\\\/jeyjo.papeleria.9\",\"https:\\\/\\\/x.com\\\/jeyjooficinas\",\"https:\\\/\\\/www.youtube.com\\\/channel\\\/UCUNp2bZMllJUVIAMZYdGZ8Q\",\"https:\\\/\\\/www.instagram.com\\\/jeyjomaterialdeoficina\\\/\",\"https:\\\/\\\/www.linkedin.com\\\/in\\\/jeyjo-material-de-oficina-aba48b49\"]},{\"@type\":\"Person\",\"@id\":\"https:\\\/\\\/jeyjo.es\\\/blog\\\/#\\\/schema\\\/person\\\/27b39b68644e2843617b9eb0877b528b\",\"name\":\"Jos\u00e9 Antonio\",\"image\":{\"@type\":\"ImageObject\",\"inLanguage\":\"es\",\"@id\":\"https:\\\/\\\/secure.gravatar.com\\\/avatar\\\/e8bbcf4f7a3e91ea18ca5e076249495fd4bcbc0c9bd4e3fb6c8294649ec86fcc?s=96&d=mm&r=g\",\"url\":\"https:\\\/\\\/secure.gravatar.com\\\/avatar\\\/e8bbcf4f7a3e91ea18ca5e076249495fd4bcbc0c9bd4e3fb6c8294649ec86fcc?s=96&d=mm&r=g\",\"contentUrl\":\"https:\\\/\\\/secure.gravatar.com\\\/avatar\\\/e8bbcf4f7a3e91ea18ca5e076249495fd4bcbc0c9bd4e3fb6c8294649ec86fcc?s=96&d=mm&r=g\",\"caption\":\"Jos\u00e9 Antonio\"},\"sameAs\":[\"http:\\\/\\\/jeyjo.es\\\/blog\"],\"url\":\"https:\\\/\\\/jeyjo.es\\\/blog\\\/index.php\\\/author\\\/programador\\\/\"}]}<\/script>\n<!-- \/ Yoast SEO plugin. -->","yoast_head_json":{"title":"Franja negra o distorsionada al escanear documentos a doble cara","description":"Solucionado: Franja Negra o distorsionada al escanear documentos a doble cara en Impresoras Canon MF443dw\/MF445dw con ADF de Una Pasada","robots":{"index":"index","follow":"follow","max-snippet":"max-snippet:-1","max-image-preview":"max-image-preview:large","max-video-preview":"max-video-preview:-1"},"canonical":"https:\/\/jeyjo.es\/blog\/index.php\/2025\/07\/25\/solucionado-franja-negra-al-escanear-a-doble-cara-en-impresoras-canon-mf443dw-mf445dw-con-adf-de-una-pasada\/","og_locale":"es_ES","og_type":"article","og_title":"Franja negra o distorsionada al escanear documentos a doble cara","og_description":"Solucionado: Franja Negra o distorsionada al escanear documentos a doble cara en Impresoras Canon MF443dw\/MF445dw con ADF de Una Pasada","og_url":"https:\/\/jeyjo.es\/blog\/index.php\/2025\/07\/25\/solucionado-franja-negra-al-escanear-a-doble-cara-en-impresoras-canon-mf443dw-mf445dw-con-adf-de-una-pasada\/","og_site_name":"Jeyjo","article_publisher":"https:\/\/www.facebook.com\/jeyjo.papeleria.9","article_published_time":"2025-07-25T15:25:18+00:00","article_modified_time":"2025-07-25T15:25:20+00:00","og_image":[{"width":1200,"height":1200,"url":"https:\/\/jeyjo.es\/blog\/wp-content\/uploads\/2025\/07\/3514C041_i-SENSYS-MF443dw_02.webp","type":"image\/webp"}],"author":"Jos\u00e9 Antonio","twitter_card":"summary_large_image","twitter_creator":"@jeyjooficinas","twitter_site":"@jeyjooficinas","twitter_misc":{"Escrito por":"Jos\u00e9 Antonio","Tiempo de lectura":"5 minutos"},"schema":{"@context":"https:\/\/schema.org","@graph":[{"@type":"Article","@id":"https:\/\/jeyjo.es\/blog\/index.php\/2025\/07\/25\/solucionado-franja-negra-al-escanear-a-doble-cara-en-impresoras-canon-mf443dw-mf445dw-con-adf-de-una-pasada\/#article","isPartOf":{"@id":"https:\/\/jeyjo.es\/blog\/index.php\/2025\/07\/25\/solucionado-franja-negra-al-escanear-a-doble-cara-en-impresoras-canon-mf443dw-mf445dw-con-adf-de-una-pasada\/"},"author":{"name":"Jos\u00e9 Antonio","@id":"https:\/\/jeyjo.es\/blog\/#\/schema\/person\/27b39b68644e2843617b9eb0877b528b"},"headline":"Solucionado: Franja Negra al Escanear a Doble Cara en Impresoras Canon MF443dw\/MF445dw con ADF de Una Pasada","datePublished":"2025-07-25T15:25:18+00:00","dateModified":"2025-07-25T15:25:20+00:00","mainEntityOfPage":{"@id":"https:\/\/jeyjo.es\/blog\/index.php\/2025\/07\/25\/solucionado-franja-negra-al-escanear-a-doble-cara-en-impresoras-canon-mf443dw-mf445dw-con-adf-de-una-pasada\/"},"wordCount":1090,"commentCount":0,"publisher":{"@id":"https:\/\/jeyjo.es\/blog\/#organization"},"image":{"@id":"https:\/\/jeyjo.es\/blog\/index.php\/2025\/07\/25\/solucionado-franja-negra-al-escanear-a-doble-cara-en-impresoras-canon-mf443dw-mf445dw-con-adf-de-una-pasada\/#primaryimage"},"thumbnailUrl":"https:\/\/jeyjo.es\/blog\/wp-content\/uploads\/2025\/07\/3514C041_i-SENSYS-MF443dw_02.webp","keywords":["ADF","canon","Doble cara","Double sided","escaneo","Guia","jeyjo","Linea negra","Lineas","Lines","MF420","MF443dw","MF445dw","Multifuncion","Problema","Raya negra","Rayas","Scan problem","Solucion","Streak"],"articleSection":["Manuales y ayuda de usuario de producto"],"inLanguage":"es","potentialAction":[{"@type":"CommentAction","name":"Comment","target":["https:\/\/jeyjo.es\/blog\/index.php\/2025\/07\/25\/solucionado-franja-negra-al-escanear-a-doble-cara-en-impresoras-canon-mf443dw-mf445dw-con-adf-de-una-pasada\/#respond"]}]},{"@type":"WebPage","@id":"https:\/\/jeyjo.es\/blog\/index.php\/2025\/07\/25\/solucionado-franja-negra-al-escanear-a-doble-cara-en-impresoras-canon-mf443dw-mf445dw-con-adf-de-una-pasada\/","url":"https:\/\/jeyjo.es\/blog\/index.php\/2025\/07\/25\/solucionado-franja-negra-al-escanear-a-doble-cara-en-impresoras-canon-mf443dw-mf445dw-con-adf-de-una-pasada\/","name":"Franja negra o distorsionada al escanear documentos a doble cara","isPartOf":{"@id":"https:\/\/jeyjo.es\/blog\/#website"},"primaryImageOfPage":{"@id":"https:\/\/jeyjo.es\/blog\/index.php\/2025\/07\/25\/solucionado-franja-negra-al-escanear-a-doble-cara-en-impresoras-canon-mf443dw-mf445dw-con-adf-de-una-pasada\/#primaryimage"},"image":{"@id":"https:\/\/jeyjo.es\/blog\/index.php\/2025\/07\/25\/solucionado-franja-negra-al-escanear-a-doble-cara-en-impresoras-canon-mf443dw-mf445dw-con-adf-de-una-pasada\/#primaryimage"},"thumbnailUrl":"https:\/\/jeyjo.es\/blog\/wp-content\/uploads\/2025\/07\/3514C041_i-SENSYS-MF443dw_02.webp","datePublished":"2025-07-25T15:25:18+00:00","dateModified":"2025-07-25T15:25:20+00:00","description":"Solucionado: Franja Negra o distorsionada al escanear documentos a doble cara en Impresoras Canon MF443dw\/MF445dw con ADF de Una Pasada","breadcrumb":{"@id":"https:\/\/jeyjo.es\/blog\/index.php\/2025\/07\/25\/solucionado-franja-negra-al-escanear-a-doble-cara-en-impresoras-canon-mf443dw-mf445dw-con-adf-de-una-pasada\/#breadcrumb"},"inLanguage":"es","potentialAction":[{"@type":"ReadAction","target":["https:\/\/jeyjo.es\/blog\/index.php\/2025\/07\/25\/solucionado-franja-negra-al-escanear-a-doble-cara-en-impresoras-canon-mf443dw-mf445dw-con-adf-de-una-pasada\/"]}]},{"@type":"ImageObject","inLanguage":"es","@id":"https:\/\/jeyjo.es\/blog\/index.php\/2025\/07\/25\/solucionado-franja-negra-al-escanear-a-doble-cara-en-impresoras-canon-mf443dw-mf445dw-con-adf-de-una-pasada\/#primaryimage","url":"https:\/\/jeyjo.es\/blog\/wp-content\/uploads\/2025\/07\/3514C041_i-SENSYS-MF443dw_02.webp","contentUrl":"https:\/\/jeyjo.es\/blog\/wp-content\/uploads\/2025\/07\/3514C041_i-SENSYS-MF443dw_02.webp","width":1200,"height":1200,"caption":"Canon i-SENSYS MF443dw"},{"@type":"BreadcrumbList","@id":"https:\/\/jeyjo.es\/blog\/index.php\/2025\/07\/25\/solucionado-franja-negra-al-escanear-a-doble-cara-en-impresoras-canon-mf443dw-mf445dw-con-adf-de-una-pasada\/#breadcrumb","itemListElement":[{"@type":"ListItem","position":1,"name":"Portada","item":"https:\/\/jeyjo.es\/blog\/"},{"@type":"ListItem","position":2,"name":"Solucionado: Franja Negra al Escanear a Doble Cara en Impresoras Canon MF443dw\/MF445dw con ADF de Una Pasada"}]},{"@type":"WebSite","@id":"https:\/\/jeyjo.es\/blog\/#website","url":"https:\/\/jeyjo.es\/blog\/","name":"Blog para conocer todo sobre la oficina y el colegio","description":"El Blog de tu Oficina - Expertos en Material de Oficina, Papeler\u00eda y Mobiliario","publisher":{"@id":"https:\/\/jeyjo.es\/blog\/#organization"},"potentialAction":[{"@type":"SearchAction","target":{"@type":"EntryPoint","urlTemplate":"https:\/\/jeyjo.es\/blog\/?s={search_term_string}"},"query-input":{"@type":"PropertyValueSpecification","valueRequired":true,"valueName":"search_term_string"}}],"inLanguage":"es"},{"@type":"Organization","@id":"https:\/\/jeyjo.es\/blog\/#organization","name":"Jeyjo Material de Oficina","url":"https:\/\/jeyjo.es\/blog\/","logo":{"@type":"ImageObject","inLanguage":"es","@id":"https:\/\/jeyjo.es\/blog\/#\/schema\/logo\/image\/","url":"https:\/\/jeyjo.es\/blog\/wp-content\/uploads\/2023\/10\/LOGOTIPO-COLOR-cac-150px.jpg","contentUrl":"https:\/\/jeyjo.es\/blog\/wp-content\/uploads\/2023\/10\/LOGOTIPO-COLOR-cac-150px.jpg","width":1771,"height":1006,"caption":"Jeyjo Material de Oficina"},"image":{"@id":"https:\/\/jeyjo.es\/blog\/#\/schema\/logo\/image\/"},"sameAs":["https:\/\/www.facebook.com\/jeyjo.papeleria.9","https:\/\/x.com\/jeyjooficinas","https:\/\/www.youtube.com\/channel\/UCUNp2bZMllJUVIAMZYdGZ8Q","https:\/\/www.instagram.com\/jeyjomaterialdeoficina\/","https:\/\/www.linkedin.com\/in\/jeyjo-material-de-oficina-aba48b49"]},{"@type":"Person","@id":"https:\/\/jeyjo.es\/blog\/#\/schema\/person\/27b39b68644e2843617b9eb0877b528b","name":"Jos\u00e9 Antonio","image":{"@type":"ImageObject","inLanguage":"es","@id":"https:\/\/secure.gravatar.com\/avatar\/e8bbcf4f7a3e91ea18ca5e076249495fd4bcbc0c9bd4e3fb6c8294649ec86fcc?s=96&d=mm&r=g","url":"https:\/\/secure.gravatar.com\/avatar\/e8bbcf4f7a3e91ea18ca5e076249495fd4bcbc0c9bd4e3fb6c8294649ec86fcc?s=96&d=mm&r=g","contentUrl":"https:\/\/secure.gravatar.com\/avatar\/e8bbcf4f7a3e91ea18ca5e076249495fd4bcbc0c9bd4e3fb6c8294649ec86fcc?s=96&d=mm&r=g","caption":"Jos\u00e9 Antonio"},"sameAs":["http:\/\/jeyjo.es\/blog"],"url":"https:\/\/jeyjo.es\/blog\/index.php\/author\/programador\/"}]}},"_links":{"self":[{"href":"https:\/\/jeyjo.es\/blog\/index.php\/wp-json\/wp\/v2\/posts\/2225","targetHints":{"allow":["GET"]}}],"collection":[{"href":"https:\/\/jeyjo.es\/blog\/index.php\/wp-json\/wp\/v2\/posts"}],"about":[{"href":"https:\/\/jeyjo.es\/blog\/index.php\/wp-json\/wp\/v2\/types\/post"}],"author":[{"embeddable":true,"href":"https:\/\/jeyjo.es\/blog\/index.php\/wp-json\/wp\/v2\/users\/1"}],"replies":[{"embeddable":true,"href":"https:\/\/jeyjo.es\/blog\/index.php\/wp-json\/wp\/v2\/comments?post=2225"}],"version-history":[{"count":2,"href":"https:\/\/jeyjo.es\/blog\/index.php\/wp-json\/wp\/v2\/posts\/2225\/revisions"}],"predecessor-version":[{"id":2228,"href":"https:\/\/jeyjo.es\/blog\/index.php\/wp-json\/wp\/v2\/posts\/2225\/revisions\/2228"}],"wp:featuredmedia":[{"embeddable":true,"href":"https:\/\/jeyjo.es\/blog\/index.php\/wp-json\/wp\/v2\/media\/2226"}],"wp:attachment":[{"href":"https:\/\/jeyjo.es\/blog\/index.php\/wp-json\/wp\/v2\/media?parent=2225"}],"wp:term":[{"taxonomy":"category","embeddable":true,"href":"https:\/\/jeyjo.es\/blog\/index.php\/wp-json\/wp\/v2\/categories?post=2225"},{"taxonomy":"post_tag","embeddable":true,"href":"https:\/\/jeyjo.es\/blog\/index.php\/wp-json\/wp\/v2\/tags?post=2225"}],"curies":[{"name":"wp","href":"https:\/\/api.w.org\/{rel}","templated":true}]}}