{"id":2171,"date":"2025-05-16T18:51:42","date_gmt":"2025-05-16T16:51:42","guid":{"rendered":"https:\/\/jeyjo.es\/blog\/?p=2171"},"modified":"2025-05-16T18:56:32","modified_gmt":"2025-05-16T16:56:32","slug":"5-de-junio-dia-mundial-del-medio-ambiente","status":"publish","type":"post","link":"https:\/\/jeyjo.es\/blog\/index.php\/2025\/05\/16\/5-de-junio-dia-mundial-del-medio-ambiente\/","title":{"rendered":"5 de Junio: D\u00eda Mundial del Medio Ambiente."},"content":{"rendered":"\n<p>El 5 de Junio marca una fecha crucial en el calendario global: el D\u00eda Mundial del Medio Ambiente. Este d\u00eda fue establecido por la Asamblea General de las Naciones Unidas para conmemorar el inicio de la Conferencia de Estocolmo sobre el Medio Humano en 1972. La elecci\u00f3n de esta fecha buscaba destacar la importancia de la acci\u00f3n ambiental y fomentar la conciencia global sobre la necesidad de proteger nuestro planeta.<\/p>\n\n\n\n<p>Para las papeler\u00edas, negocios ligados al uso de recursos naturales, el D\u00eda Mundial del Medio Ambiente adquiere una significaci\u00f3n especial. Es un momento para reflexionar sobre nuestra relaci\u00f3n con el entorno, tanto en el pasado como en el presente, y para reafirmar nuestro compromiso con pr\u00e1cticas m\u00e1s sostenibles.<\/p>\n\n\n\n<h2 class=\"wp-block-heading\"><strong>Pasado: La Papeler\u00eda y la Abundancia Natural. <\/strong><\/h2>\n\n\n\n<p>En sus or\u00edgenes, la papeler\u00eda depend\u00eda directamente de la generosidad de la naturaleza. La celulosa para el papel proven\u00eda de los bosques, las tintas se elaboraban con pigmentos naturales y los adhesivos ten\u00edan bases org\u00e1nicas. En aquel entonces, la preocupaci\u00f3n ambiental no era una prioridad apremiante. Los recursos naturales parec\u00edan vastos e inagotables, y el impacto de la actividad humana, aunque existente, era menos evidente.<\/p>\n\n\n\n<p>Las papeler\u00edas eran centros donde los dones de la naturaleza se transformaban en herramientas esenciales para la comunicaci\u00f3n, la educaci\u00f3n y la expresi\u00f3n creativa. El tacto del papel, el olor de la tinta fresca, la variedad de texturas\u2026 todo hablaba de una conexi\u00f3n directa con el mundo natural. Sin embargo, esta percepci\u00f3n de abundancia a menudo llevaba a pr\u00e1cticas que hoy considerar\u00edamos insostenibles, como la deforestaci\u00f3n sin una gesti\u00f3n adecuada y una menor atenci\u00f3n a la gesti\u00f3n de residuos.<\/p>\n\n\n\n<h2 class=\"wp-block-heading\"><strong>Presente: La Urgente Necesidad de una Papeler\u00eda Sostenible.<\/strong><\/h2>\n\n\n\n<p>El panorama ha cambiado radicalmente. La creciente conciencia sobre los desaf\u00edos ambientales globales \u2013el cambio clim\u00e1tico, la p\u00e9rdida de biodiversidad, la contaminaci\u00f3n y el agotamiento de los recursos\u2013 ha transformado la manera en que entendemos nuestro papel en el planeta. Para las papeler\u00edas, esto presenta tanto desaf\u00edos como oportunidades significativas.<\/p>\n\n\n\n<h3 class=\"wp-block-heading\"><strong>El Desaf\u00edo:<\/strong> <\/h3>\n\n\n\n<p>Nuestra hist\u00f3rica dependencia de recursos como la madera para el papel nos sit\u00faa en el centro del debate sobre la sostenibilidad. La producci\u00f3n convencional de papel puede tener un impacto considerable en los bosques, el consumo de agua y la generaci\u00f3n de residuos. Asimismo, el uso de pl\u00e1sticos en muchos art\u00edculos de papeler\u00eda contribuye al problema de la contaminaci\u00f3n pl\u00e1stica.<\/p>\n\n\n\n<h3 class=\"wp-block-heading\"><strong>La Oportunidad:<\/strong> <\/h3>\n\n\n\n<p>La creciente demanda de los consumidores por productos ecol\u00f3gicos y pr\u00e1cticas empresariales responsables abre un abanico de posibilidades para las papeler\u00edas. Adoptar un enfoque proactivo hacia la sostenibilidad no solo es una responsabilidad \u00e9tica, sino que tambi\u00e9n fortalece la imagen de marca, atrae a clientes conscientes y asegura la viabilidad a largo plazo del negocio.<\/p>\n\n\n\n<p>La importancia del medioambiente para las papeler\u00edas hoy en d\u00eda se manifiesta en diversas \u00e1reas:<\/p>\n\n\n\n<ul class=\"wp-block-list\">\n<li><strong>Cadena de Suministro Responsable:<\/strong> Priorizar proveedores con pr\u00e1cticas sostenibles en la gesti\u00f3n forestal, la producci\u00f3n y el transporte.<\/li>\n\n\n\n<li><strong>Oferta de Productos Ecol\u00f3gicos:<\/strong> Proporcionar alternativas fabricadas con materiales reciclados, biodegradables o de fuentes gestionadas de manera sostenible.<\/li>\n\n\n\n<li><strong>Reducci\u00f3n de Residuos:<\/strong> Implementar programas de reciclaje y minimizar el uso de envases no reciclables.<\/li>\n\n\n\n<li><strong>Eficiencia Energ\u00e9tica:<\/strong> Optimizar el consumo de energ\u00eda en las tiendas y almacenes.<\/li>\n\n\n\n<li><strong>Educaci\u00f3n del Cliente:<\/strong> Informar a los clientes sobre la importancia de elegir productos sostenibles y fomentar pr\u00e1cticas de consumo responsable.<\/li>\n<\/ul>\n\n\n\n<figure class=\"wp-block-image size-large\"><img loading=\"lazy\" decoding=\"async\" width=\"1024\" height=\"683\" src=\"https:\/\/jeyjo.es\/blog\/wp-content\/uploads\/2025\/05\/image-22-1024x683.png\" alt=\"\" class=\"wp-image-2195\" srcset=\"https:\/\/jeyjo.es\/blog\/wp-content\/uploads\/2025\/05\/image-22-1024x683.png 1024w, https:\/\/jeyjo.es\/blog\/wp-content\/uploads\/2025\/05\/image-22-300x200.png 300w, https:\/\/jeyjo.es\/blog\/wp-content\/uploads\/2025\/05\/image-22-768x512.png 768w, https:\/\/jeyjo.es\/blog\/wp-content\/uploads\/2025\/05\/image-22.png 1125w\" sizes=\"auto, (max-width: 1024px) 100vw, 1024px\" \/><\/figure>\n\n\n\n<h2 class=\"wp-block-heading\"><strong>Nuestra Apuesta por un Futuro Verde: Productos Reciclados que Inspiran un Cambio<\/strong><\/h2>\n\n\n\n<p>En <a href=\"https:\/\/jeyjo.es\/index.php\">Jeyjo<\/a>, estamos comprometidos con la construcci\u00f3n de un futuro m\u00e1s sostenible para nuestro sector y para el planeta. Creemos firmemente que la calidad y la funcionalidad pueden ir de la mano con la responsabilidad ambiental. Por ello, nos enorgullece ofrecer una creciente selecci\u00f3n de productos fabricados con materiales reciclados, demostrando que es posible una papeler\u00eda m\u00e1s consciente y respetuosa con el medio ambiente. Descubre hoy mismo la gama completa de productos reciclados en nuestra tienda online o f\u00edsica.<\/p>\n\n\n\n<p>A continuaci\u00f3n, te presentamos algunos ejemplos de productos que incorporan materiales reciclados y que representan una elecci\u00f3n inteligente para aquellos que buscan un equilibrio entre calidad y sostenibilidad:<\/p>\n\n\n\n<h3 class=\"wp-block-heading\"><strong>1. <a href=\"https:\/\/jeyjo.es\/index.php?id_product=3068337522&amp;rewrite=tarifleitz-recycle-pp-a4-20-f-negro-15302700-46760095&amp;controller=product\">Carpeta de fundas A4 Recycle PP flexible negro de la marca LEITZ<\/a>:<\/strong><\/h3>\n\n\n\n<p>Esta carpeta es un claro ejemplo de c\u00f3mo los residuos pl\u00e1sticos pueden transformarse en productos \u00fatiles y duraderos. Fabricada con polipropileno (PP) reciclado, ofrece la misma flexibilidad y resistencia que las carpetas convencionales, pero con un impacto ambiental significativamente menor. Al elegir esta carpeta, contribuyes a reducir la demanda de pl\u00e1stico virgen y a dar una segunda vida a materiales que de otro modo podr\u00edan terminar en vertederos. Su dise\u00f1o elegante y funcional la convierte en una opci\u00f3n ideal para organizar documentos importantes en la oficina, la escuela o en casa. La carpeta LEITZ Recycle ofrece la misma durabilidad y flexibilidad que esperas, \u00a1pero con un coraz\u00f3n verde!<\/p>\n\n\n\n<figure class=\"wp-block-image size-full is-resized\"><a href=\"https:\/\/jeyjo.es\/index.php?id_product=3068337522&amp;rewrite=tarifleitz-recycle-pp-a4-20-f-negro-15302700-46760095&amp;controller=product\"><img loading=\"lazy\" decoding=\"async\" width=\"173\" height=\"125\" src=\"https:\/\/jeyjo.es\/blog\/wp-content\/uploads\/2025\/05\/image-1.png\" alt=\"\" class=\"wp-image-2174\" style=\"width:214px;height:auto\"\/><\/a><\/figure>\n\n\n\n<p>\u00a1No te quedes sin <a href=\"https:\/\/jeyjo.es\/index.php?id_product=3068337522&amp;rewrite=tarifleitz-recycle-pp-a4-20-f-negro-15302700-46760095&amp;controller=product\">comprarla<\/a>!<\/p>\n\n\n\n<h3 class=\"wp-block-heading\"><strong>2. <a href=\"https:\/\/jeyjo.es\/index.php?id_product=3068328217&amp;rewrite=papel-a4-navigator-eco-logical-75g-500h-12701299-nec0750035&amp;controller=product\">Papel 500 hojas Eco-logical 75g de la marca NAVIGATOR<\/a>:<\/strong><\/h3>\n\n\n\n<p>El papel es un elemento fundamental en cualquier papeler\u00eda, y la elecci\u00f3n de un papel sostenible es crucial. El papel Eco-logical de NAVIGATOR est\u00e1 fabricado con fibras recicladas, lo que reduce la presi\u00f3n sobre los bosques, disminuye el consumo de energ\u00eda y agua en su producci\u00f3n y minimiza la generaci\u00f3n de residuos. Con un gramaje de 75g, ofrece una excelente calidad para la impresi\u00f3n y la escritura, demostrando que el papel reciclado puede ser perfectamente adecuado para las necesidades diarias sin comprometer el rendimiento ni la calidad. Al optar por este papel, apoyas una gesti\u00f3n forestal m\u00e1s responsable y contribuyes a la econom\u00eda circular. <\/p>\n\n\n\n<figure class=\"wp-block-image size-full is-resized\"><a href=\"https:\/\/jeyjo.es\/index.php?id_product=3068328217&amp;rewrite=papel-a4-navigator-eco-logical-75g-500h-12701299-nec0750035&amp;controller=product\"><img loading=\"lazy\" decoding=\"async\" width=\"640\" height=\"640\" src=\"https:\/\/jeyjo.es\/blog\/wp-content\/uploads\/2025\/05\/image-17.png\" alt=\"\" class=\"wp-image-2190\" style=\"width:217px;height:auto\" srcset=\"https:\/\/jeyjo.es\/blog\/wp-content\/uploads\/2025\/05\/image-17.png 640w, https:\/\/jeyjo.es\/blog\/wp-content\/uploads\/2025\/05\/image-17-300x300.png 300w, https:\/\/jeyjo.es\/blog\/wp-content\/uploads\/2025\/05\/image-17-150x150.png 150w\" sizes=\"auto, (max-width: 640px) 100vw, 640px\" \/><\/a><\/figure>\n\n\n\n<p>Tambi\u00e9n escribimos sobre esta marca en el art\u00edculo Bienvenidos al Club de Productores Forestales. \u00a1Os dejamos <a href=\"https:\/\/jeyjo.es\/blog\/index.php\/2024\/02\/16\/bienvenido-al-club-de-productores-forestales\/\">aqui <\/a>el enlace por si quer\u00e9is volver a leerlo!<\/p>\n\n\n\n<p><a href=\"https:\/\/jeyjo.es\/index.php?id_product=3068328217&amp;rewrite=papel-a4-navigator-eco-logical-75g-500h-12701299-nec0750035&amp;controller=product\">C\u00f3mpralo<\/a> para experimentar la suavidad del papel NAVIGATOR Eco-logical al escribir o dibujar.<\/p>\n\n\n\n<h3 class=\"wp-block-heading\"><strong>3. <a href=\"https:\/\/jeyjo.es\/index.php?id_product=3068331855&amp;rewrite=grapadora-novus-b2-25h-negra-12901413-020-1931&amp;controller=product\">Grapadora B2 RE+NEW (25h) de la marca NOVUS<\/a>:<\/strong><\/h3>\n\n\n\n<p>Incluso los utensilios de oficina m\u00e1s peque\u00f1os pueden marcar una diferencia cuando se fabrican con conciencia ambiental. La grapadora B2 RE+NEW de NOVUS est\u00e1 hecha con un alto porcentaje de pl\u00e1stico reciclado post-consumo. Su dise\u00f1o ergon\u00f3mico y su capacidad para grapar hasta 25 hojas la convierten en una herramienta pr\u00e1ctica y eficiente para cualquier entorno de trabajo. Al elegir esta grapadora, est\u00e1s dando una segunda vida a los residuos pl\u00e1sticos y fomentando la producci\u00f3n de bienes duraderos a partir de materiales recuperados. <\/p>\n\n\n\n<figure class=\"wp-block-image size-large is-resized\"><a href=\"https:\/\/jeyjo.es\/index.php?id_product=3068331855&amp;rewrite=grapadora-novus-b2-25h-negra-12901413-020-1931&amp;controller=product\"><img loading=\"lazy\" decoding=\"async\" width=\"1024\" height=\"722\" src=\"https:\/\/jeyjo.es\/blog\/wp-content\/uploads\/2025\/05\/image-16-1024x722.png\" alt=\"\" class=\"wp-image-2189\" style=\"width:247px;height:auto\" srcset=\"https:\/\/jeyjo.es\/blog\/wp-content\/uploads\/2025\/05\/image-16-1024x722.png 1024w, https:\/\/jeyjo.es\/blog\/wp-content\/uploads\/2025\/05\/image-16-300x211.png 300w, https:\/\/jeyjo.es\/blog\/wp-content\/uploads\/2025\/05\/image-16-768x541.png 768w, https:\/\/jeyjo.es\/blog\/wp-content\/uploads\/2025\/05\/image-16.png 1500w\" sizes=\"auto, (max-width: 1024px) 100vw, 1024px\" \/><\/a><\/figure>\n\n\n\n<p>\u00a1Equipa tu oficina ecol\u00f3gica <a href=\"https:\/\/jeyjo.es\/index.php?id_product=3068331855&amp;rewrite=grapadora-novus-b2-25h-negra-12901413-020-1931&amp;controller=product\">comprando<\/a> nuestra grapadora NOVUS RE+NEW!<\/p>\n\n\n\n<h3 class=\"wp-block-heading\"><strong>4. <a href=\"https:\/\/jeyjo.es\/index.php?id_product=3068332466&amp;rewrite=bandeja-sobremesa-exacompta-combo-ecob-14501108-113014d&amp;controller=product\">Bandeja sobremesa Ecoblack Combo 2 de la marca EXACOMPTA<\/a>:<\/strong><\/h3>\n\n\n\n<p>Mantener el espacio de trabajo organizado no tiene por qu\u00e9 costar caro al planeta. La bandeja sobremesa Ecoblack Combo 2 de EXACOMPTA est\u00e1 fabricada con pl\u00e1stico reciclado, ofreciendo una soluci\u00f3n robusta y funcional para organizar documentos, cartas y otros materiales de oficina. Su dise\u00f1o modular permite apilar varias bandejas, optimizando el espacio y facilitando el acceso a los documentos. Al elegir esta bandeja, est\u00e1s contribuyendo a la reducci\u00f3n de residuos pl\u00e1sticos y apoyando la fabricaci\u00f3n de productos duraderos a partir de materiales recuperados. <\/p>\n\n\n\n<figure class=\"wp-block-image size-full is-resized\"><a href=\"https:\/\/jeyjo.es\/index.php?id_product=3068332466&amp;rewrite=bandeja-sobremesa-exacompta-combo-ecob-14501108-113014d&amp;controller=product\"><img loading=\"lazy\" decoding=\"async\" width=\"450\" height=\"450\" src=\"https:\/\/jeyjo.es\/blog\/wp-content\/uploads\/2025\/05\/image-7.png\" alt=\"\" class=\"wp-image-2180\" style=\"width:234px;height:auto\" srcset=\"https:\/\/jeyjo.es\/blog\/wp-content\/uploads\/2025\/05\/image-7.png 450w, https:\/\/jeyjo.es\/blog\/wp-content\/uploads\/2025\/05\/image-7-300x300.png 300w, https:\/\/jeyjo.es\/blog\/wp-content\/uploads\/2025\/05\/image-7-150x150.png 150w\" sizes=\"auto, (max-width: 450px) 100vw, 450px\" \/><\/a><\/figure>\n\n\n\n<p>No dudes en <a href=\"https:\/\/jeyjo.es\/index.php?id_product=3068332466&amp;rewrite=bandeja-sobremesa-exacompta-combo-ecob-14501108-113014d&amp;controller=product\">comprarla<\/a> si necesitas organizar tu zona de trabajo.<\/p>\n\n\n\n<h3 class=\"wp-block-heading\"><strong>5. <a href=\"https:\/\/jeyjo.es\/index.php?id_product=3068333430&amp;rewrite=cinta-embtesa-papel-ecologo-50x50-marr-11901998-57180-00000-04&amp;controller=product\">Cinta de embalaje papel ecol\u00f3gico rollo 50m x 50mm marr\u00f3n de la marca tesa<\/a>:<\/strong><\/h3>\n\n\n\n<p>Incluso en el proceso de embalaje, podemos optar por soluciones m\u00e1s sostenibles. La cinta de embalaje de papel ecol\u00f3gico de tesa es una alternativa biodegradable y reciclable a las cintas de embalaje convencionales de pl\u00e1stico. Fabricada con papel y un adhesivo a base de caucho natural, ofrece una excelente adherencia y resistencia para asegurar tus env\u00edos de forma responsable. Al elegir esta cinta, est\u00e1s reduciendo el uso de pl\u00e1sticos de un solo uso y optando por un material renovable y biodegradable. Conf\u00eda en la fuerte sujeci\u00f3n de la cinta de embalaje tesa, ahora con una conciencia ecol\u00f3gica.<\/p>\n\n\n\n<figure class=\"wp-block-image size-large is-resized\"><a href=\"https:\/\/jeyjo.es\/index.php?id_product=3068333430&amp;rewrite=cinta-embtesa-papel-ecologo-50x50-marr-11901998-57180-00000-04&amp;controller=product\"><img loading=\"lazy\" decoding=\"async\" width=\"1024\" height=\"576\" src=\"https:\/\/jeyjo.es\/blog\/wp-content\/uploads\/2025\/05\/image-15-1024x576.png\" alt=\"\" class=\"wp-image-2188\" style=\"width:296px;height:auto\" srcset=\"https:\/\/jeyjo.es\/blog\/wp-content\/uploads\/2025\/05\/image-15-1024x576.png 1024w, https:\/\/jeyjo.es\/blog\/wp-content\/uploads\/2025\/05\/image-15-300x169.png 300w, https:\/\/jeyjo.es\/blog\/wp-content\/uploads\/2025\/05\/image-15-768x432.png 768w, https:\/\/jeyjo.es\/blog\/wp-content\/uploads\/2025\/05\/image-15-1536x864.png 1536w, https:\/\/jeyjo.es\/blog\/wp-content\/uploads\/2025\/05\/image-15.png 1888w\" sizes=\"auto, (max-width: 1024px) 100vw, 1024px\" \/><\/a><\/figure>\n\n\n\n<p>\u00a1Para comprobar su resistencia <a href=\"https:\/\/jeyjo.es\/index.php?id_product=3068333430&amp;rewrite=cinta-embtesa-papel-ecologo-50x50-marr-11901998-57180-00000-04&amp;controller=product\">c\u00f3mprala<\/a> ya!<\/p>\n\n\n\n<h3 class=\"wp-block-heading\"><strong>6. <a href=\"https:\/\/jeyjo.es\/index.php?id_product=3068333938&amp;rewrite=lapices-aclbstaedt14410-nc-aquarell-12-12801457-14410nc12&amp;controller=product\">L\u00e1pices acuarelables Noris Aquarell 144 10 de la marca STAEDTLER<\/a>:<\/strong><\/h3>\n\n\n\n<p>Los l\u00e1pices son herramientas esenciales para la creatividad, y STAEDTLER ha demostrado que es posible fabricarlos de forma m\u00e1s sostenible. Los l\u00e1pices acuarelables Noris Aquarell est\u00e1n hechos con madera procedente de bosques gestionados de forma sostenible (certificaci\u00f3n PEFC). El proceso de fabricaci\u00f3n se centra en la eficiencia de los recursos y la reducci\u00f3n de residuos. Al elegir estos l\u00e1pices, est\u00e1s apoyando pr\u00e1cticas forestales responsables y fomentando el uso de materiales renovables en la fabricaci\u00f3n de art\u00edculos de papeler\u00eda. \u00a1Siente como pasan de un simple l\u00e1piz de color en acuarela pasando solo el pincel mojado!<\/p>\n\n\n\n<figure class=\"wp-block-image size-large is-resized\"><a href=\"https:\/\/jeyjo.es\/index.php?id_product=3068333938&amp;rewrite=lapices-aclbstaedt14410-nc-aquarell-12-12801457-14410nc12&amp;controller=product\"><img loading=\"lazy\" decoding=\"async\" width=\"1024\" height=\"1024\" src=\"https:\/\/jeyjo.es\/blog\/wp-content\/uploads\/2025\/05\/image-9-1024x1024.png\" alt=\"\" class=\"wp-image-2182\" style=\"width:244px;height:auto\" srcset=\"https:\/\/jeyjo.es\/blog\/wp-content\/uploads\/2025\/05\/image-9-1024x1024.png 1024w, https:\/\/jeyjo.es\/blog\/wp-content\/uploads\/2025\/05\/image-9-300x300.png 300w, https:\/\/jeyjo.es\/blog\/wp-content\/uploads\/2025\/05\/image-9-150x150.png 150w, https:\/\/jeyjo.es\/blog\/wp-content\/uploads\/2025\/05\/image-9-768x768.png 768w, https:\/\/jeyjo.es\/blog\/wp-content\/uploads\/2025\/05\/image-9-1536x1536.png 1536w, https:\/\/jeyjo.es\/blog\/wp-content\/uploads\/2025\/05\/image-9-2048x2048.png 2048w\" sizes=\"auto, (max-width: 1024px) 100vw, 1024px\" \/><\/a><\/figure>\n\n\n\n<p>\u00a1Consigue tu efecto acuarela <a href=\"https:\/\/jeyjo.es\/index.php?id_product=3068333938&amp;rewrite=lapices-aclbstaedt14410-nc-aquarell-12-12801457-14410nc12&amp;controller=product\">comprando<\/a> estos l\u00e1pices de colores!<\/p>\n\n\n\n<h3 class=\"wp-block-heading\"><strong>7. <a href=\"https:\/\/jeyjo.es\/index.php?id_product=3068335323&amp;rewrite=bloc-dibujo-clairetival-acuarela-a4-200-10002636-96302c&amp;controller=product\">Bloc de dibujo Etival para acuarela 10 hojas de la marca Clairefontaine<\/a>:<\/strong><\/h3>\n\n\n\n<p>Incluso para los artistas, la sostenibilidad es una consideraci\u00f3n importante. El bloc de dibujo Etival para acuarela de Clairefontaine est\u00e1 fabricado con papel de alta calidad producido de forma responsable. Clairefontaine es conocida por su compromiso con la gesti\u00f3n forestal sostenible y la reducci\u00f3n del impacto ambiental en sus procesos de producci\u00f3n. Al elegir este bloc, los artistas pueden disfrutar de un papel excelente para sus creaciones, sabiendo que su elecci\u00f3n apoya pr\u00e1cticas ambientales responsables. Est\u00e1 fabricado de forma responsable y ofrecen la calidad que los artistas exigen. <\/p>\n\n\n\n<figure class=\"wp-block-image size-full is-resized\"><a href=\"https:\/\/jeyjo.es\/index.php?id_product=3068335323&amp;rewrite=bloc-dibujo-clairetival-acuarela-a4-200-10002636-96302c&amp;controller=product\"><img loading=\"lazy\" decoding=\"async\" width=\"450\" height=\"450\" src=\"https:\/\/jeyjo.es\/blog\/wp-content\/uploads\/2025\/05\/image-13.png\" alt=\"\" class=\"wp-image-2186\" style=\"width:217px;height:auto\" srcset=\"https:\/\/jeyjo.es\/blog\/wp-content\/uploads\/2025\/05\/image-13.png 450w, https:\/\/jeyjo.es\/blog\/wp-content\/uploads\/2025\/05\/image-13-300x300.png 300w, https:\/\/jeyjo.es\/blog\/wp-content\/uploads\/2025\/05\/image-13-150x150.png 150w\" sizes=\"auto, (max-width: 450px) 100vw, 450px\" \/><\/a><\/figure>\n\n\n\n<p>\u00a1Comprueba su calidad <a href=\"https:\/\/jeyjo.es\/index.php?id_product=3068335324&amp;rewrite=bloc-dibujo-clairetival-acuarela-a5-200-10002635-96301c&amp;controller=product\">compr\u00e1ndolo<\/a> en nuestra <a href=\"https:\/\/jeyjo.es\/index.php\">tienda<\/a>! <\/p>\n\n\n\n<p><strong>La relaci\u00f3n de las papeler\u00edas con el medio ambiente ha evolucionado de una dependencia de recursos abundantes a una necesidad urgente de sostenibilidad.<\/strong> El D\u00eda Mundial del Medio Ambiente (5 de Junio) subraya la importancia de adoptar pr\u00e1cticas responsables, como ofrecer productos reciclados, para asegurar un futuro viable tanto para el planeta como para el sector. La sostenibilidad ya no es una opci\u00f3n, sino un compromiso fundamental.<\/p>\n","protected":false},"excerpt":{"rendered":"<p class=\"text-justify\">Descubre el cambio de la importancia del medioambiente y con que tipos de productos  le ayudamos.<\/p>\n","protected":false},"author":1,"featured_media":2193,"comment_status":"open","ping_status":"open","sticky":false,"template":"","format":"standard","meta":{"footnotes":""},"categories":[12],"tags":[1214,1206,1202,982,1213,1208,1205,9,7,99,1210,129,1211,1212,1204,1203,76,1209,1207,670,111,483],"class_list":["post-2171","post","type-post","status-publish","format-standard","has-post-thumbnail","hentry","category-guias-de-compra","tag-clairefontaine","tag-conciencia-ambiental","tag-dia-mundial-del-medio-ambiente","tag-economia-circular","tag-exacompta","tag-gesion-forestal-sostenible","tag-importancia-del-medioambiente","tag-jeyjo","tag-jeyjo-material-de-oficina","tag-jeyjo-es","tag-leitz","tag-material-de-oficina","tag-navigator","tag-novus","tag-productos-ecologicos","tag-reciclado","tag-reciclaje","tag-reduccion-de-residuos","tag-responsabilidad-ambiental","tag-sostenibilidad","tag-staedtler","tag-tesa"],"yoast_head":"<!-- This site is optimized with the Yoast SEO plugin v27.5 - https:\/\/yoast.com\/product\/yoast-seo-wordpress\/ -->\n<title>5 de Junio: D\u00eda Mundial del Medio Ambiente. - Jeyjo<\/title>\n<meta name=\"description\" content=\"Este 5 de Junio, \u00fanete a Jeyjo en la celebraci\u00f3n del D\u00eda Mundial del Medio Ambiente. Aprende sobre la sostenibilidad en nuestro sector y explora nuestra selecci\u00f3n de productos reciclados. \u00a1Haz tu elecci\u00f3n m\u00e1s verde!\" \/>\n<meta name=\"robots\" content=\"index, follow, max-snippet:-1, max-image-preview:large, max-video-preview:-1\" \/>\n<link rel=\"canonical\" href=\"https:\/\/jeyjo.es\/blog\/index.php\/2025\/05\/16\/5-de-junio-dia-mundial-del-medio-ambiente\/\" \/>\n<meta property=\"og:locale\" content=\"es_ES\" \/>\n<meta property=\"og:type\" content=\"article\" \/>\n<meta property=\"og:title\" content=\"5 de Junio: D\u00eda Mundial del Medio Ambiente. - Jeyjo\" \/>\n<meta property=\"og:description\" content=\"Este 5 de Junio, \u00fanete a Jeyjo en la celebraci\u00f3n del D\u00eda Mundial del Medio Ambiente. Aprende sobre la sostenibilidad en nuestro sector y explora nuestra selecci\u00f3n de productos reciclados. \u00a1Haz tu elecci\u00f3n m\u00e1s verde!\" \/>\n<meta property=\"og:url\" content=\"https:\/\/jeyjo.es\/blog\/index.php\/2025\/05\/16\/5-de-junio-dia-mundial-del-medio-ambiente\/\" \/>\n<meta property=\"og:site_name\" content=\"Jeyjo\" \/>\n<meta property=\"article:publisher\" content=\"https:\/\/www.facebook.com\/jeyjo.papeleria.9\" \/>\n<meta property=\"article:published_time\" content=\"2025-05-16T16:51:42+00:00\" \/>\n<meta property=\"article:modified_time\" content=\"2025-05-16T16:56:32+00:00\" \/>\n<meta property=\"og:image\" content=\"https:\/\/jeyjo.es\/blog\/wp-content\/uploads\/2025\/05\/image-20.png\" \/>\n\t<meta property=\"og:image:width\" content=\"1125\" \/>\n\t<meta property=\"og:image:height\" content=\"750\" \/>\n\t<meta property=\"og:image:type\" content=\"image\/png\" \/>\n<meta name=\"author\" content=\"Jos\u00e9 Antonio\" \/>\n<meta name=\"twitter:card\" content=\"summary_large_image\" \/>\n<meta name=\"twitter:creator\" content=\"@jeyjooficinas\" \/>\n<meta name=\"twitter:site\" content=\"@jeyjooficinas\" \/>\n<meta name=\"twitter:label1\" content=\"Escrito por\" \/>\n\t<meta name=\"twitter:data1\" content=\"Jos\u00e9 Antonio\" \/>\n\t<meta name=\"twitter:label2\" content=\"Tiempo de lectura\" \/>\n\t<meta name=\"twitter:data2\" content=\"9 minutos\" \/>\n<script type=\"application\/ld+json\" class=\"yoast-schema-graph\">{\"@context\":\"https:\\\/\\\/schema.org\",\"@graph\":[{\"@type\":\"Article\",\"@id\":\"https:\\\/\\\/jeyjo.es\\\/blog\\\/index.php\\\/2025\\\/05\\\/16\\\/5-de-junio-dia-mundial-del-medio-ambiente\\\/#article\",\"isPartOf\":{\"@id\":\"https:\\\/\\\/jeyjo.es\\\/blog\\\/index.php\\\/2025\\\/05\\\/16\\\/5-de-junio-dia-mundial-del-medio-ambiente\\\/\"},\"author\":{\"name\":\"Jos\u00e9 Antonio\",\"@id\":\"https:\\\/\\\/jeyjo.es\\\/blog\\\/#\\\/schema\\\/person\\\/27b39b68644e2843617b9eb0877b528b\"},\"headline\":\"5 de Junio: D\u00eda Mundial del Medio Ambiente.\",\"datePublished\":\"2025-05-16T16:51:42+00:00\",\"dateModified\":\"2025-05-16T16:56:32+00:00\",\"mainEntityOfPage\":{\"@id\":\"https:\\\/\\\/jeyjo.es\\\/blog\\\/index.php\\\/2025\\\/05\\\/16\\\/5-de-junio-dia-mundial-del-medio-ambiente\\\/\"},\"wordCount\":1695,\"commentCount\":0,\"publisher\":{\"@id\":\"https:\\\/\\\/jeyjo.es\\\/blog\\\/#organization\"},\"image\":{\"@id\":\"https:\\\/\\\/jeyjo.es\\\/blog\\\/index.php\\\/2025\\\/05\\\/16\\\/5-de-junio-dia-mundial-del-medio-ambiente\\\/#primaryimage\"},\"thumbnailUrl\":\"https:\\\/\\\/jeyjo.es\\\/blog\\\/wp-content\\\/uploads\\\/2025\\\/05\\\/image-20.png\",\"keywords\":[\"Clairefontaine\",\"Conciencia ambiental\",\"D\u00eda Mundial del Medio Ambiente\",\"Econom\u00eda circular\",\"EXACOMPTA\",\"Gesi\u00f3n forestal sostenible\",\"Importancia del medioambiente\",\"jeyjo\",\"jeyjo material de oficina\",\"jeyjo.es\",\"LEITZ\",\"material de oficina\",\"NAVIGATOR\",\"NOVUS\",\"Productos ecol\u00f3gicos\",\"Reciclado\",\"reciclaje\",\"Reducci\u00f3n de residuos\",\"Responsabilidad ambiental\",\"sostenibilidad\",\"staedtler\",\"tesa\"],\"articleSection\":[\"Gu\u00edas de compra\"],\"inLanguage\":\"es\",\"potentialAction\":[{\"@type\":\"CommentAction\",\"name\":\"Comment\",\"target\":[\"https:\\\/\\\/jeyjo.es\\\/blog\\\/index.php\\\/2025\\\/05\\\/16\\\/5-de-junio-dia-mundial-del-medio-ambiente\\\/#respond\"]}]},{\"@type\":\"WebPage\",\"@id\":\"https:\\\/\\\/jeyjo.es\\\/blog\\\/index.php\\\/2025\\\/05\\\/16\\\/5-de-junio-dia-mundial-del-medio-ambiente\\\/\",\"url\":\"https:\\\/\\\/jeyjo.es\\\/blog\\\/index.php\\\/2025\\\/05\\\/16\\\/5-de-junio-dia-mundial-del-medio-ambiente\\\/\",\"name\":\"5 de Junio: D\u00eda Mundial del Medio Ambiente. - Jeyjo\",\"isPartOf\":{\"@id\":\"https:\\\/\\\/jeyjo.es\\\/blog\\\/#website\"},\"primaryImageOfPage\":{\"@id\":\"https:\\\/\\\/jeyjo.es\\\/blog\\\/index.php\\\/2025\\\/05\\\/16\\\/5-de-junio-dia-mundial-del-medio-ambiente\\\/#primaryimage\"},\"image\":{\"@id\":\"https:\\\/\\\/jeyjo.es\\\/blog\\\/index.php\\\/2025\\\/05\\\/16\\\/5-de-junio-dia-mundial-del-medio-ambiente\\\/#primaryimage\"},\"thumbnailUrl\":\"https:\\\/\\\/jeyjo.es\\\/blog\\\/wp-content\\\/uploads\\\/2025\\\/05\\\/image-20.png\",\"datePublished\":\"2025-05-16T16:51:42+00:00\",\"dateModified\":\"2025-05-16T16:56:32+00:00\",\"description\":\"Este 5 de Junio, \u00fanete a Jeyjo en la celebraci\u00f3n del D\u00eda Mundial del Medio Ambiente. Aprende sobre la sostenibilidad en nuestro sector y explora nuestra selecci\u00f3n de productos reciclados. \u00a1Haz tu elecci\u00f3n m\u00e1s verde!\",\"breadcrumb\":{\"@id\":\"https:\\\/\\\/jeyjo.es\\\/blog\\\/index.php\\\/2025\\\/05\\\/16\\\/5-de-junio-dia-mundial-del-medio-ambiente\\\/#breadcrumb\"},\"inLanguage\":\"es\",\"potentialAction\":[{\"@type\":\"ReadAction\",\"target\":[\"https:\\\/\\\/jeyjo.es\\\/blog\\\/index.php\\\/2025\\\/05\\\/16\\\/5-de-junio-dia-mundial-del-medio-ambiente\\\/\"]}]},{\"@type\":\"ImageObject\",\"inLanguage\":\"es\",\"@id\":\"https:\\\/\\\/jeyjo.es\\\/blog\\\/index.php\\\/2025\\\/05\\\/16\\\/5-de-junio-dia-mundial-del-medio-ambiente\\\/#primaryimage\",\"url\":\"https:\\\/\\\/jeyjo.es\\\/blog\\\/wp-content\\\/uploads\\\/2025\\\/05\\\/image-20.png\",\"contentUrl\":\"https:\\\/\\\/jeyjo.es\\\/blog\\\/wp-content\\\/uploads\\\/2025\\\/05\\\/image-20.png\",\"width\":1125,\"height\":750},{\"@type\":\"BreadcrumbList\",\"@id\":\"https:\\\/\\\/jeyjo.es\\\/blog\\\/index.php\\\/2025\\\/05\\\/16\\\/5-de-junio-dia-mundial-del-medio-ambiente\\\/#breadcrumb\",\"itemListElement\":[{\"@type\":\"ListItem\",\"position\":1,\"name\":\"Portada\",\"item\":\"https:\\\/\\\/jeyjo.es\\\/blog\\\/\"},{\"@type\":\"ListItem\",\"position\":2,\"name\":\"5 de Junio: D\u00eda Mundial del Medio Ambiente.\"}]},{\"@type\":\"WebSite\",\"@id\":\"https:\\\/\\\/jeyjo.es\\\/blog\\\/#website\",\"url\":\"https:\\\/\\\/jeyjo.es\\\/blog\\\/\",\"name\":\"Blog para conocer todo sobre la oficina y el colegio\",\"description\":\"El Blog de tu Oficina - Expertos en Material de Oficina, Papeler\u00eda y Mobiliario\",\"publisher\":{\"@id\":\"https:\\\/\\\/jeyjo.es\\\/blog\\\/#organization\"},\"potentialAction\":[{\"@type\":\"SearchAction\",\"target\":{\"@type\":\"EntryPoint\",\"urlTemplate\":\"https:\\\/\\\/jeyjo.es\\\/blog\\\/?s={search_term_string}\"},\"query-input\":{\"@type\":\"PropertyValueSpecification\",\"valueRequired\":true,\"valueName\":\"search_term_string\"}}],\"inLanguage\":\"es\"},{\"@type\":\"Organization\",\"@id\":\"https:\\\/\\\/jeyjo.es\\\/blog\\\/#organization\",\"name\":\"Jeyjo Material de Oficina\",\"url\":\"https:\\\/\\\/jeyjo.es\\\/blog\\\/\",\"logo\":{\"@type\":\"ImageObject\",\"inLanguage\":\"es\",\"@id\":\"https:\\\/\\\/jeyjo.es\\\/blog\\\/#\\\/schema\\\/logo\\\/image\\\/\",\"url\":\"https:\\\/\\\/jeyjo.es\\\/blog\\\/wp-content\\\/uploads\\\/2023\\\/10\\\/LOGOTIPO-COLOR-cac-150px.jpg\",\"contentUrl\":\"https:\\\/\\\/jeyjo.es\\\/blog\\\/wp-content\\\/uploads\\\/2023\\\/10\\\/LOGOTIPO-COLOR-cac-150px.jpg\",\"width\":1771,\"height\":1006,\"caption\":\"Jeyjo Material de Oficina\"},\"image\":{\"@id\":\"https:\\\/\\\/jeyjo.es\\\/blog\\\/#\\\/schema\\\/logo\\\/image\\\/\"},\"sameAs\":[\"https:\\\/\\\/www.facebook.com\\\/jeyjo.papeleria.9\",\"https:\\\/\\\/x.com\\\/jeyjooficinas\",\"https:\\\/\\\/www.youtube.com\\\/channel\\\/UCUNp2bZMllJUVIAMZYdGZ8Q\",\"https:\\\/\\\/www.instagram.com\\\/jeyjomaterialdeoficina\\\/\",\"https:\\\/\\\/www.linkedin.com\\\/in\\\/jeyjo-material-de-oficina-aba48b49\"]},{\"@type\":\"Person\",\"@id\":\"https:\\\/\\\/jeyjo.es\\\/blog\\\/#\\\/schema\\\/person\\\/27b39b68644e2843617b9eb0877b528b\",\"name\":\"Jos\u00e9 Antonio\",\"image\":{\"@type\":\"ImageObject\",\"inLanguage\":\"es\",\"@id\":\"https:\\\/\\\/secure.gravatar.com\\\/avatar\\\/e8bbcf4f7a3e91ea18ca5e076249495fd4bcbc0c9bd4e3fb6c8294649ec86fcc?s=96&d=mm&r=g\",\"url\":\"https:\\\/\\\/secure.gravatar.com\\\/avatar\\\/e8bbcf4f7a3e91ea18ca5e076249495fd4bcbc0c9bd4e3fb6c8294649ec86fcc?s=96&d=mm&r=g\",\"contentUrl\":\"https:\\\/\\\/secure.gravatar.com\\\/avatar\\\/e8bbcf4f7a3e91ea18ca5e076249495fd4bcbc0c9bd4e3fb6c8294649ec86fcc?s=96&d=mm&r=g\",\"caption\":\"Jos\u00e9 Antonio\"},\"sameAs\":[\"http:\\\/\\\/jeyjo.es\\\/blog\"],\"url\":\"https:\\\/\\\/jeyjo.es\\\/blog\\\/index.php\\\/author\\\/programador\\\/\"}]}<\/script>\n<!-- \/ Yoast SEO plugin. -->","yoast_head_json":{"title":"5 de Junio: D\u00eda Mundial del Medio Ambiente. - Jeyjo","description":"Este 5 de Junio, \u00fanete a Jeyjo en la celebraci\u00f3n del D\u00eda Mundial del Medio Ambiente. Aprende sobre la sostenibilidad en nuestro sector y explora nuestra selecci\u00f3n de productos reciclados. \u00a1Haz tu elecci\u00f3n m\u00e1s verde!","robots":{"index":"index","follow":"follow","max-snippet":"max-snippet:-1","max-image-preview":"max-image-preview:large","max-video-preview":"max-video-preview:-1"},"canonical":"https:\/\/jeyjo.es\/blog\/index.php\/2025\/05\/16\/5-de-junio-dia-mundial-del-medio-ambiente\/","og_locale":"es_ES","og_type":"article","og_title":"5 de Junio: D\u00eda Mundial del Medio Ambiente. - Jeyjo","og_description":"Este 5 de Junio, \u00fanete a Jeyjo en la celebraci\u00f3n del D\u00eda Mundial del Medio Ambiente. Aprende sobre la sostenibilidad en nuestro sector y explora nuestra selecci\u00f3n de productos reciclados. \u00a1Haz tu elecci\u00f3n m\u00e1s verde!","og_url":"https:\/\/jeyjo.es\/blog\/index.php\/2025\/05\/16\/5-de-junio-dia-mundial-del-medio-ambiente\/","og_site_name":"Jeyjo","article_publisher":"https:\/\/www.facebook.com\/jeyjo.papeleria.9","article_published_time":"2025-05-16T16:51:42+00:00","article_modified_time":"2025-05-16T16:56:32+00:00","og_image":[{"width":1125,"height":750,"url":"https:\/\/jeyjo.es\/blog\/wp-content\/uploads\/2025\/05\/image-20.png","type":"image\/png"}],"author":"Jos\u00e9 Antonio","twitter_card":"summary_large_image","twitter_creator":"@jeyjooficinas","twitter_site":"@jeyjooficinas","twitter_misc":{"Escrito por":"Jos\u00e9 Antonio","Tiempo de lectura":"9 minutos"},"schema":{"@context":"https:\/\/schema.org","@graph":[{"@type":"Article","@id":"https:\/\/jeyjo.es\/blog\/index.php\/2025\/05\/16\/5-de-junio-dia-mundial-del-medio-ambiente\/#article","isPartOf":{"@id":"https:\/\/jeyjo.es\/blog\/index.php\/2025\/05\/16\/5-de-junio-dia-mundial-del-medio-ambiente\/"},"author":{"name":"Jos\u00e9 Antonio","@id":"https:\/\/jeyjo.es\/blog\/#\/schema\/person\/27b39b68644e2843617b9eb0877b528b"},"headline":"5 de Junio: D\u00eda Mundial del Medio Ambiente.","datePublished":"2025-05-16T16:51:42+00:00","dateModified":"2025-05-16T16:56:32+00:00","mainEntityOfPage":{"@id":"https:\/\/jeyjo.es\/blog\/index.php\/2025\/05\/16\/5-de-junio-dia-mundial-del-medio-ambiente\/"},"wordCount":1695,"commentCount":0,"publisher":{"@id":"https:\/\/jeyjo.es\/blog\/#organization"},"image":{"@id":"https:\/\/jeyjo.es\/blog\/index.php\/2025\/05\/16\/5-de-junio-dia-mundial-del-medio-ambiente\/#primaryimage"},"thumbnailUrl":"https:\/\/jeyjo.es\/blog\/wp-content\/uploads\/2025\/05\/image-20.png","keywords":["Clairefontaine","Conciencia ambiental","D\u00eda Mundial del Medio Ambiente","Econom\u00eda circular","EXACOMPTA","Gesi\u00f3n forestal sostenible","Importancia del medioambiente","jeyjo","jeyjo material de oficina","jeyjo.es","LEITZ","material de oficina","NAVIGATOR","NOVUS","Productos ecol\u00f3gicos","Reciclado","reciclaje","Reducci\u00f3n de residuos","Responsabilidad ambiental","sostenibilidad","staedtler","tesa"],"articleSection":["Gu\u00edas de compra"],"inLanguage":"es","potentialAction":[{"@type":"CommentAction","name":"Comment","target":["https:\/\/jeyjo.es\/blog\/index.php\/2025\/05\/16\/5-de-junio-dia-mundial-del-medio-ambiente\/#respond"]}]},{"@type":"WebPage","@id":"https:\/\/jeyjo.es\/blog\/index.php\/2025\/05\/16\/5-de-junio-dia-mundial-del-medio-ambiente\/","url":"https:\/\/jeyjo.es\/blog\/index.php\/2025\/05\/16\/5-de-junio-dia-mundial-del-medio-ambiente\/","name":"5 de Junio: D\u00eda Mundial del Medio Ambiente. - Jeyjo","isPartOf":{"@id":"https:\/\/jeyjo.es\/blog\/#website"},"primaryImageOfPage":{"@id":"https:\/\/jeyjo.es\/blog\/index.php\/2025\/05\/16\/5-de-junio-dia-mundial-del-medio-ambiente\/#primaryimage"},"image":{"@id":"https:\/\/jeyjo.es\/blog\/index.php\/2025\/05\/16\/5-de-junio-dia-mundial-del-medio-ambiente\/#primaryimage"},"thumbnailUrl":"https:\/\/jeyjo.es\/blog\/wp-content\/uploads\/2025\/05\/image-20.png","datePublished":"2025-05-16T16:51:42+00:00","dateModified":"2025-05-16T16:56:32+00:00","description":"Este 5 de Junio, \u00fanete a Jeyjo en la celebraci\u00f3n del D\u00eda Mundial del Medio Ambiente. Aprende sobre la sostenibilidad en nuestro sector y explora nuestra selecci\u00f3n de productos reciclados. \u00a1Haz tu elecci\u00f3n m\u00e1s verde!","breadcrumb":{"@id":"https:\/\/jeyjo.es\/blog\/index.php\/2025\/05\/16\/5-de-junio-dia-mundial-del-medio-ambiente\/#breadcrumb"},"inLanguage":"es","potentialAction":[{"@type":"ReadAction","target":["https:\/\/jeyjo.es\/blog\/index.php\/2025\/05\/16\/5-de-junio-dia-mundial-del-medio-ambiente\/"]}]},{"@type":"ImageObject","inLanguage":"es","@id":"https:\/\/jeyjo.es\/blog\/index.php\/2025\/05\/16\/5-de-junio-dia-mundial-del-medio-ambiente\/#primaryimage","url":"https:\/\/jeyjo.es\/blog\/wp-content\/uploads\/2025\/05\/image-20.png","contentUrl":"https:\/\/jeyjo.es\/blog\/wp-content\/uploads\/2025\/05\/image-20.png","width":1125,"height":750},{"@type":"BreadcrumbList","@id":"https:\/\/jeyjo.es\/blog\/index.php\/2025\/05\/16\/5-de-junio-dia-mundial-del-medio-ambiente\/#breadcrumb","itemListElement":[{"@type":"ListItem","position":1,"name":"Portada","item":"https:\/\/jeyjo.es\/blog\/"},{"@type":"ListItem","position":2,"name":"5 de Junio: D\u00eda Mundial del Medio Ambiente."}]},{"@type":"WebSite","@id":"https:\/\/jeyjo.es\/blog\/#website","url":"https:\/\/jeyjo.es\/blog\/","name":"Blog para conocer todo sobre la oficina y el colegio","description":"El Blog de tu Oficina - Expertos en Material de Oficina, Papeler\u00eda y Mobiliario","publisher":{"@id":"https:\/\/jeyjo.es\/blog\/#organization"},"potentialAction":[{"@type":"SearchAction","target":{"@type":"EntryPoint","urlTemplate":"https:\/\/jeyjo.es\/blog\/?s={search_term_string}"},"query-input":{"@type":"PropertyValueSpecification","valueRequired":true,"valueName":"search_term_string"}}],"inLanguage":"es"},{"@type":"Organization","@id":"https:\/\/jeyjo.es\/blog\/#organization","name":"Jeyjo Material de Oficina","url":"https:\/\/jeyjo.es\/blog\/","logo":{"@type":"ImageObject","inLanguage":"es","@id":"https:\/\/jeyjo.es\/blog\/#\/schema\/logo\/image\/","url":"https:\/\/jeyjo.es\/blog\/wp-content\/uploads\/2023\/10\/LOGOTIPO-COLOR-cac-150px.jpg","contentUrl":"https:\/\/jeyjo.es\/blog\/wp-content\/uploads\/2023\/10\/LOGOTIPO-COLOR-cac-150px.jpg","width":1771,"height":1006,"caption":"Jeyjo Material de Oficina"},"image":{"@id":"https:\/\/jeyjo.es\/blog\/#\/schema\/logo\/image\/"},"sameAs":["https:\/\/www.facebook.com\/jeyjo.papeleria.9","https:\/\/x.com\/jeyjooficinas","https:\/\/www.youtube.com\/channel\/UCUNp2bZMllJUVIAMZYdGZ8Q","https:\/\/www.instagram.com\/jeyjomaterialdeoficina\/","https:\/\/www.linkedin.com\/in\/jeyjo-material-de-oficina-aba48b49"]},{"@type":"Person","@id":"https:\/\/jeyjo.es\/blog\/#\/schema\/person\/27b39b68644e2843617b9eb0877b528b","name":"Jos\u00e9 Antonio","image":{"@type":"ImageObject","inLanguage":"es","@id":"https:\/\/secure.gravatar.com\/avatar\/e8bbcf4f7a3e91ea18ca5e076249495fd4bcbc0c9bd4e3fb6c8294649ec86fcc?s=96&d=mm&r=g","url":"https:\/\/secure.gravatar.com\/avatar\/e8bbcf4f7a3e91ea18ca5e076249495fd4bcbc0c9bd4e3fb6c8294649ec86fcc?s=96&d=mm&r=g","contentUrl":"https:\/\/secure.gravatar.com\/avatar\/e8bbcf4f7a3e91ea18ca5e076249495fd4bcbc0c9bd4e3fb6c8294649ec86fcc?s=96&d=mm&r=g","caption":"Jos\u00e9 Antonio"},"sameAs":["http:\/\/jeyjo.es\/blog"],"url":"https:\/\/jeyjo.es\/blog\/index.php\/author\/programador\/"}]}},"_links":{"self":[{"href":"https:\/\/jeyjo.es\/blog\/index.php\/wp-json\/wp\/v2\/posts\/2171","targetHints":{"allow":["GET"]}}],"collection":[{"href":"https:\/\/jeyjo.es\/blog\/index.php\/wp-json\/wp\/v2\/posts"}],"about":[{"href":"https:\/\/jeyjo.es\/blog\/index.php\/wp-json\/wp\/v2\/types\/post"}],"author":[{"embeddable":true,"href":"https:\/\/jeyjo.es\/blog\/index.php\/wp-json\/wp\/v2\/users\/1"}],"replies":[{"embeddable":true,"href":"https:\/\/jeyjo.es\/blog\/index.php\/wp-json\/wp\/v2\/comments?post=2171"}],"version-history":[{"count":1,"href":"https:\/\/jeyjo.es\/blog\/index.php\/wp-json\/wp\/v2\/posts\/2171\/revisions"}],"predecessor-version":[{"id":2196,"href":"https:\/\/jeyjo.es\/blog\/index.php\/wp-json\/wp\/v2\/posts\/2171\/revisions\/2196"}],"wp:featuredmedia":[{"embeddable":true,"href":"https:\/\/jeyjo.es\/blog\/index.php\/wp-json\/wp\/v2\/media\/2193"}],"wp:attachment":[{"href":"https:\/\/jeyjo.es\/blog\/index.php\/wp-json\/wp\/v2\/media?parent=2171"}],"wp:term":[{"taxonomy":"category","embeddable":true,"href":"https:\/\/jeyjo.es\/blog\/index.php\/wp-json\/wp\/v2\/categories?post=2171"},{"taxonomy":"post_tag","embeddable":true,"href":"https:\/\/jeyjo.es\/blog\/index.php\/wp-json\/wp\/v2\/tags?post=2171"}],"curies":[{"name":"wp","href":"https:\/\/api.w.org\/{rel}","templated":true}]}}