{"id":2153,"date":"2025-04-23T17:10:54","date_gmt":"2025-04-23T15:10:54","guid":{"rendered":"https:\/\/jeyjo.es\/blog\/?p=2153"},"modified":"2025-04-23T17:26:52","modified_gmt":"2025-04-23T15:26:52","slug":"23-de-abril-dia-mundial-del-libro-una-celebracion-universal-de-la-lectura","status":"publish","type":"post","link":"https:\/\/jeyjo.es\/blog\/index.php\/2025\/04\/23\/23-de-abril-dia-mundial-del-libro-una-celebracion-universal-de-la-lectura\/","title":{"rendered":"23 de Abril: D\u00eda Mundial del Libro. Una Celebraci\u00f3n Universal de la Lectura"},"content":{"rendered":"\n<p>Hoy, 23 de abril, el mundo entero se une en una vibrante celebraci\u00f3n: el <strong>D\u00eda Mundial del Libro y del Derecho de Autor<\/strong>. Esta fecha se\u00f1alada en el calendario cultural rinde homenaje al poder transformador de la lectura, a la invaluable contribuci\u00f3n de los autores y a la importancia fundamental de proteger la propiedad intelectual. Pero, \u00bfpor qu\u00e9 precisamente el 23 de abril? \u00bfCu\u00e1les son los or\u00edgenes de esta festividad? \u00bfC\u00f3mo se vive este d\u00eda en diferentes rincones del planeta? Y, adentr\u00e1ndonos en el universo literario, \u00bfcu\u00e1ntas categor\u00edas de libros existen y cu\u00e1les son las m\u00e1s populares? Acomp\u00e1\u00f1anos en este viaje a trav\u00e9s de la historia, la celebraci\u00f3n y el fascinante mundo de los libros.<\/p>\n\n\n\n<h3 class=\"wp-block-heading\">\u00bfPor Qu\u00e9 el 23 de Abril es el D\u00eda del Libro? Un Homenaje a Gigantes Literarios<\/h3>\n\n\n\n<p>La elecci\u00f3n del 23 de abril como D\u00eda Mundial del Libro no es casualidad. Esta fecha conmemora el fallecimiento de tres pilares de la literatura universal: <strong>Miguel de Cervantes Saavedra<\/strong>, <strong>William Shakespeare<\/strong> e <strong>Inca Garcilaso de la Vega<\/strong>. Aunque existen algunas precisiones hist\u00f3ricas (Cervantes falleci\u00f3 el 22 de abril y fue enterrado el 23, mientras que Shakespeare muri\u00f3 el 23 de abril seg\u00fan el calendario juliano, que<sup> <\/sup>difiere del gregoriano), la tradici\u00f3n ha consolidado este d\u00eda como un s\u00edmbolo del legado literario mundial. &nbsp;<\/p>\n\n\n\n<p>Esta coincidencia de p\u00e9rdidas de figuras tan trascendentales otorg\u00f3 al 23 de abril una carga simb\u00f3lica poderosa, convirti\u00e9ndolo en el homenaje perfecto a todos aquellos que, a trav\u00e9s de sus palabras, han enriquecido nuestro intelecto, emocionado nuestros corazones y expandido nuestros horizontes.<\/p>\n\n\n\n<h3 class=\"wp-block-heading\">Or\u00edgenes de la Fiesta del Libro: Una Tradici\u00f3n Catalana con Eco Mundial<\/h3>\n\n\n\n<p>Aunque la UNESCO proclam\u00f3 oficialmente el 23 de abril como D\u00eda Mundial del Libro y del Derecho de Autor en 1995, los or\u00edgenes de esta celebraci\u00f3n se remontan a principios del siglo XX en <strong>Catalu\u00f1a, Espa\u00f1a<\/strong>.<\/p>\n\n\n\n<p>La tradici\u00f3n catalana del <strong>D\u00eda de Sant Jordi (San Jorge)<\/strong>, que tambi\u00e9n se celebra el 23 de abril, ya ten\u00eda una fuerte vinculaci\u00f3n con los libros y las rosas. San Jorge es el patr\u00f3n de Catalu\u00f1a, y la leyenda cuenta que mat\u00f3 a un drag\u00f3n cuya sangre se convirti\u00f3 en un rosal. Desde la Edad Media, era costumbre que los hombres regalaran rosas a sus amadas en este d\u00eda.<\/p>\n\n\n\n<p>A principios del siglo XX, la tradici\u00f3n evolucion\u00f3 y se a\u00f1adi\u00f3 la costumbre de que las mujeres regalaran libros a los hombres. Esta iniciativa fue impulsada por el librero valenciano Vicent Clavel Andr\u00e9s en 1923, y en 1930 se estableci\u00f3 oficialmente el 23 de abril como el D\u00eda del Libro en Espa\u00f1a. La idea pronto cal\u00f3 hondo en la sociedad catalana, convirti\u00e9ndose en una festividad arraigada donde las calles se llenan de puestos de libros y rosas, creando una atm\u00f3sfera m\u00e1gica y literaria.<\/p>\n\n\n\n<p>La singularidad y el \u00e9xito de esta tradici\u00f3n catalana inspiraron a la UNESCO a adoptar el 23 de abril como una celebraci\u00f3n mundial, reconociendo el poder de los libros para fomentar la creatividad, la diversidad y la paz.<\/p>\n\n\n\n<figure class=\"wp-block-image size-large\"><img loading=\"lazy\" decoding=\"async\" width=\"819\" height=\"1024\" src=\"https:\/\/jeyjo.es\/blog\/wp-content\/uploads\/2025\/04\/post-1080x1350-Arnoia-Libro-2025-esp-819x1024.jpg\" alt=\"\" class=\"wp-image-2156\" srcset=\"https:\/\/jeyjo.es\/blog\/wp-content\/uploads\/2025\/04\/post-1080x1350-Arnoia-Libro-2025-esp-819x1024.jpg 819w, https:\/\/jeyjo.es\/blog\/wp-content\/uploads\/2025\/04\/post-1080x1350-Arnoia-Libro-2025-esp-240x300.jpg 240w, https:\/\/jeyjo.es\/blog\/wp-content\/uploads\/2025\/04\/post-1080x1350-Arnoia-Libro-2025-esp-768x960.jpg 768w, https:\/\/jeyjo.es\/blog\/wp-content\/uploads\/2025\/04\/post-1080x1350-Arnoia-Libro-2025-esp.jpg 1080w\" sizes=\"auto, (max-width: 819px) 100vw, 819px\" \/><\/figure>\n\n\n\n<h3 class=\"wp-block-heading\">La Fiesta Actual del D\u00eda del Libro: Un Mosaico de Celebraciones Globales<\/h3>\n\n\n\n<p>Hoy en d\u00eda, el 23 de abril se celebra de m\u00faltiples formas alrededor del mundo. Si bien la esencia de honrar a los libros y a los autores permanece, las manifestaciones culturales var\u00edan significativamente seg\u00fan la regi\u00f3n.<\/p>\n\n\n\n<p><strong>En Catalu\u00f1a<\/strong>, la tradici\u00f3n del libro y la rosa sigue siendo el coraz\u00f3n de la fiesta. Las Ramblas de Barcelona y otras calles y plazas se convierten en un inmenso mercado literario y floral, donde autores firman ejemplares, se realizan lecturas p\u00fablicas y se respira un ambiente festivo y cultural \u00fanico.<\/p>\n\n\n\n<p><strong>En el resto de Espa\u00f1a<\/strong>, el D\u00eda del Libro tambi\u00e9n se celebra con entusiasmo. Se organizan ferias del libro, descuentos especiales en librer\u00edas, encuentros con autores, maratones de lectura y actividades para fomentar la lectura entre los m\u00e1s j\u00f3venes. Por ejemplo, hoy en La Rioja se han regalado 3.000 botellines de vino.<\/p>\n\n\n\n<p><strong>A nivel internacional<\/strong>, la UNESCO coordina numerosas iniciativas. Se promueven campa\u00f1as de concienciaci\u00f3n sobre la importancia de la lectura, se organizan eventos en bibliotecas y escuelas, y se destaca el papel crucial del derecho de autor para proteger la creatividad de los autores.<\/p>\n\n\n\n<p><strong>En Jeyjo<\/strong>, se han preparado descuentos y ofertas muy sorprendentes para todos los clientes y amigos.<\/p>\n\n\n\n<h3 class=\"wp-block-heading\">Caracter\u00edsticas de la Fiesta en Distintas Localidades, Provincias y Pa\u00edses<\/h3>\n\n\n\n<p>La belleza del D\u00eda del Libro radica en su capacidad de adaptaci\u00f3n a las particularidades culturales de cada lugar.<\/p>\n\n\n\n<ul class=\"wp-block-list\">\n<li><strong>Reino Unido:<\/strong> Se suelen organizar eventos literarios, lecturas en voz alta y se anima a las personas a compartir sus libros favoritos en redes sociales. Stratford-upon-Avon, la ciudad natal de Shakespeare, acoge celebraciones especiales.<\/li>\n\n\n\n<li><strong>M\u00e9xico:<\/strong> Las ferias del libro son protagonistas, ofreciendo una amplia variedad de t\u00edtulos y actividades culturales. Se fomenta la lectura en espacios p\u00fablicos y se realizan homenajes a autores nacionales.<\/li>\n\n\n\n<li><strong>Argentina:<\/strong> El D\u00eda del Libro se celebra con descuentos en librer\u00edas y editoriales, adem\u00e1s de eventos literarios y culturales en centros urbanos.<\/li>\n\n\n\n<li><strong>Colombia:<\/strong> Se realizan jornadas de lectura en parques y bibliotecas, y se promueve el acceso al libro en comunidades vulnerables.<\/li>\n\n\n\n<li><strong>Francia:<\/strong> Aunque no tiene una tradici\u00f3n tan arraigada como en Espa\u00f1a, las librer\u00edas suelen ofrecer descuentos y se organizan encuentros con autores.<\/li>\n\n\n\n<li><strong>Portugal:<\/strong> Se celebran ferias del libro y se realizan actividades en torno a la literatura y la lengua portuguesa.<\/li>\n<\/ul>\n\n\n\n<p>Cada pa\u00eds, cada regi\u00f3n, incluso cada ciudad, aporta su propio matiz a esta celebraci\u00f3n global, enriqueciendo el significado del D\u00eda del Libro y demostrando la universalidad del amor por la lectura.<\/p>\n\n\n\n<h3 class=\"wp-block-heading\">El Universo Literario: \u00bfCu\u00e1ntas Categor\u00edas de Libros Existen?<\/h3>\n\n\n\n<p>El mundo de los libros es vasto y diverso, abarcando una infinidad de temas y g\u00e9neros. Si bien no existe una clasificaci\u00f3n \u00fanica y universalmente aceptada, podemos agrupar los libros en amplias categor\u00edas:<\/p>\n\n\n\n<ol class=\"wp-block-list\">\n<li><strong>Ficci\u00f3n:<\/strong> Novelas, cuentos, relatos cortos, ciencia ficci\u00f3n, fantas\u00eda, terror, misterio, novela hist\u00f3rica, romance, literatura juvenil, etc.<\/li>\n\n\n\n<li><strong>No Ficci\u00f3n:<\/strong> Biograf\u00edas, autobiograf\u00edas, historia, ciencia, filosof\u00eda, religi\u00f3n, autoayuda, viajes, cocina, arte, fotograf\u00eda, divulgaci\u00f3n cient\u00edfica, etc.<\/li>\n\n\n\n<li><strong>Literatura Infantil y Juvenil:<\/strong> Libros ilustrados, cuentos para ni\u00f1os, novelas juveniles, c\u00f3mics y manga para j\u00f3venes lectores.<\/li>\n\n\n\n<li><strong>Poes\u00eda:<\/strong> Colecciones de poemas, antolog\u00edas, poes\u00eda l\u00edrica, \u00e9pica, dram\u00e1tica, etc.<\/li>\n\n\n\n<li><strong>Teatro:<\/strong> Obras dram\u00e1ticas, guiones teatrales.<\/li>\n\n\n\n<li><strong>Ensayo:<\/strong> Textos que analizan, interpretan o eval\u00faan un tema desde una perspectiva personal.<\/li>\n\n\n\n<li><strong>Referencia:<\/strong> Diccionarios, enciclopedias, manuales, gu\u00edas, anuarios.<\/li>\n\n\n\n<li><strong>C\u00f3mics y Novela Gr\u00e1fica:<\/strong> Narrativas contadas a trav\u00e9s de una secuencia de im\u00e1genes y texto.<\/li>\n\n\n\n<li><strong>Libros de Texto:<\/strong> Material educativo utilizado en escuelas y universidades.<\/li>\n\n\n\n<li><strong>Libros de Arte y Fotograf\u00eda:<\/strong> Ediciones que destacan la obra visual de artistas y fot\u00f3grafos.<\/li>\n<\/ol>\n\n\n\n<p>Dentro de estas categor\u00edas principales, existen numerosas subcategor\u00edas y g\u00e9neros que reflejan la riqueza y la especializaci\u00f3n del panorama editorial.<\/p>\n\n\n\n<h3 class=\"wp-block-heading\">\u00bfCu\u00e1l es la Categor\u00eda de Libros M\u00e1s Vendida? El Pulso del Mercado Literario<\/h3>\n\n\n\n<p>Determinar con exactitud la categor\u00eda de libros m\u00e1s vendida a nivel global es un desaf\u00edo, ya que las tendencias var\u00edan seg\u00fan el pa\u00eds, el a\u00f1o e incluso la \u00e9poca del a\u00f1o. Sin embargo, algunas categor\u00edas suelen destacar consistentemente en las listas de ventas:<\/p>\n\n\n\n<ul class=\"wp-block-list\">\n<li><strong>Ficci\u00f3n:<\/strong> La novela, en sus m\u00faltiples g\u00e9neros (thriller, romance, fantas\u00eda, etc.), suele ocupar los primeros puestos en ventas, atrayendo a un amplio p\u00fablico en busca de entretenimiento e inmersi\u00f3n en historias.<\/li>\n\n\n\n<li><strong>Literatura Infantil y Juvenil:<\/strong> Este segmento ha experimentado un crecimiento significativo en los \u00faltimos a\u00f1os, impulsado por sagas populares y libros que fomentan la lectura desde temprana edad.<\/li>\n\n\n\n<li><strong>Autoayuda y Desarrollo Personal:<\/strong> En una sociedad cada vez m\u00e1s enfocada en el bienestar y el crecimiento personal, los libros de autoayuda, productividad y desarrollo profesional suelen tener una gran demanda.<\/li>\n\n\n\n<li><strong>Thriller y Misterio:<\/strong> Estos g\u00e9neros mantienen una base de lectores fiel y \u00e1vida de nuevas emociones y enigmas por resolver.<\/li>\n<\/ul>\n\n\n\n<p>Es importante tener en cuenta que las listas de \u00abtop ventas\u00bb son din\u00e1micas y est\u00e1n influenciadas por factores como campa\u00f1as de marketing, premios literarios, adaptaciones cinematogr\u00e1ficas y las tendencias del momento.<\/p>\n\n\n\n<h3 class=\"wp-block-heading\">Top Ventas de las Principales Categor\u00edas: Un Vistazo al \u00c9xito Literario<\/h3>\n\n\n\n<p>Para ilustrar las tendencias de ventas, podemos mencionar algunos ejemplos de libros que han alcanzado el \u00e9xito en sus respectivas categor\u00edas:<\/p>\n\n\n\n<ul class=\"wp-block-list\">\n<li><strong>Ficci\u00f3n:<\/strong> Saga \u00abHarry Potter\u00bb de J.K. Rowling (fantas\u00eda), \u00abCien a\u00f1os de soledad\u00bb de Gabriel Garc\u00eda M\u00e1rquez (realismo m\u00e1gico), \u00abEl C\u00f3digo Da Vinci\u00bb de Dan Brown (thriller).<\/li>\n\n\n\n<li><strong>Literatura Infantil y Juvenil:<\/strong> \u00abEl Principito\u00bb de Antoine de Saint-Exup\u00e9ry (cl\u00e1sico infantil), saga \u00abLos Juegos del Hambre\u00bb de Suzanne Collins (juvenil dist\u00f3pico).<\/li>\n\n\n\n<li><strong>Autoayuda y Desarrollo Personal:<\/strong> \u00abLos siete h\u00e1bitos de la gente altamente efectiva\u00bb de Stephen Covey, \u00abEl poder del ahora\u00bb de Eckhart Tolle.<\/li>\n\n\n\n<li><strong>Thriller y Misterio:<\/strong> Novelas de Agatha Christie, \u00abLa chica del tren\u00bb de Paula Hawkins.<\/li>\n<\/ul>\n\n\n\n<p>Estos son solo algunos ejemplos de la enorme cantidad de libros que han cautivado a millones de lectores en todo el mundo.<\/p>\n\n\n\n<h3 class=\"wp-block-heading\">El D\u00eda del Libro: Una Oportunidad para Celebrar y Reflexionar<\/h3>\n\n\n\n<p>El 23 de abril es mucho m\u00e1s que una fecha en el calendario. Es una oportunidad para celebrar la alegr\u00eda de leer, el poder de las historias y la importancia de los libros como herramientas de conocimiento, entretenimiento y conexi\u00f3n humana. Es un d\u00eda para honrar a los autores que dan vida a mundos imaginarios y nos ofrecen nuevas perspectivas sobre la realidad. Tambi\u00e9n es un momento para reflexionar sobre el papel fundamental del derecho de autor en la protecci\u00f3n de la creatividad y el fomento de la cultura.<\/p>\n\n\n\n<p>En este D\u00eda Mundial del Libro, te invitamos a sumergirte en las p\u00e1ginas de un buen libro, a descubrir nuevas historias, a apoyar a tus autores y librer\u00edas locales, y a compartir la pasi\u00f3n por la lectura con quienes te rodean. \u00a1Feliz D\u00eda del Libro!<\/p>\n\n\n\n<p><\/p>\n","protected":false},"excerpt":{"rendered":"<p class=\"text-justify\">Hoy, 23 de abril, el mundo entero se une en una vibrante celebraci\u00f3n: el D\u00eda Mundial del Libro y del Derecho de [&hellip;]<\/p>\n","protected":false},"author":1,"featured_media":2154,"comment_status":"open","ping_status":"open","sticky":false,"template":"","format":"standard","meta":{"footnotes":""},"categories":[1],"tags":[1180,1181,1174,1175,1182,1178,1179,1177,1176],"class_list":["post-2153","post","type-post","status-publish","format-standard","has-post-thumbnail","hentry","category-sin-categoria","tag-23-de-abril","tag-categorias-de-libros","tag-celebracion-dia-del-libro","tag-dia-del-libro","tag-fiesta-del-libro","tag-miguel-de-cervantes","tag-origenes-dia-del-libro","tag-sant-jordi","tag-william-shakespeare"],"yoast_head":"<!-- This site is optimized with the Yoast SEO plugin v27.5 - https:\/\/yoast.com\/product\/yoast-seo-wordpress\/ -->\n<title>23 de Abril: D\u00eda Mundial del Libro. Una Celebraci\u00f3n Universal de la Lectura - Jeyjo<\/title>\n<meta name=\"description\" content=\"Celebra el D\u00eda del Libro el 23 de abril: descubre su historia, desde la tradici\u00f3n catalana de Sant Jordi hasta su reconocimiento mundial. Explora las categor\u00edas de libros m\u00e1s vendidas y c\u00f3mo se festeja este d\u00eda dedicado a la lectura y los autores.\" \/>\n<meta name=\"robots\" content=\"index, follow, max-snippet:-1, max-image-preview:large, max-video-preview:-1\" \/>\n<link rel=\"canonical\" href=\"https:\/\/jeyjo.es\/blog\/index.php\/2025\/04\/23\/23-de-abril-dia-mundial-del-libro-una-celebracion-universal-de-la-lectura\/\" \/>\n<meta property=\"og:locale\" content=\"es_ES\" \/>\n<meta property=\"og:type\" content=\"article\" \/>\n<meta property=\"og:title\" content=\"23 de Abril: D\u00eda Mundial del Libro. Una Celebraci\u00f3n Universal de la Lectura - Jeyjo\" \/>\n<meta property=\"og:description\" content=\"Celebra el D\u00eda del Libro el 23 de abril: descubre su historia, desde la tradici\u00f3n catalana de Sant Jordi hasta su reconocimiento mundial. Explora las categor\u00edas de libros m\u00e1s vendidas y c\u00f3mo se festeja este d\u00eda dedicado a la lectura y los autores.\" \/>\n<meta property=\"og:url\" content=\"https:\/\/jeyjo.es\/blog\/index.php\/2025\/04\/23\/23-de-abril-dia-mundial-del-libro-una-celebracion-universal-de-la-lectura\/\" \/>\n<meta property=\"og:site_name\" content=\"Jeyjo\" \/>\n<meta property=\"article:publisher\" content=\"https:\/\/www.facebook.com\/jeyjo.papeleria.9\" \/>\n<meta property=\"article:published_time\" content=\"2025-04-23T15:10:54+00:00\" \/>\n<meta property=\"article:modified_time\" content=\"2025-04-23T15:26:52+00:00\" \/>\n<meta property=\"og:image\" content=\"https:\/\/jeyjo.es\/blog\/wp-content\/uploads\/2025\/04\/pexels-juansinag-4581325-scaled.jpg\" \/>\n\t<meta property=\"og:image:width\" content=\"2560\" \/>\n\t<meta property=\"og:image:height\" content=\"1858\" \/>\n\t<meta property=\"og:image:type\" content=\"image\/jpeg\" \/>\n<meta name=\"author\" content=\"Jos\u00e9 Antonio\" \/>\n<meta name=\"twitter:card\" content=\"summary_large_image\" \/>\n<meta name=\"twitter:creator\" content=\"@jeyjooficinas\" \/>\n<meta name=\"twitter:site\" content=\"@jeyjooficinas\" \/>\n<meta name=\"twitter:label1\" content=\"Escrito por\" \/>\n\t<meta name=\"twitter:data1\" content=\"Jos\u00e9 Antonio\" \/>\n\t<meta name=\"twitter:label2\" content=\"Tiempo de lectura\" \/>\n\t<meta name=\"twitter:data2\" content=\"8 minutos\" \/>\n<script type=\"application\/ld+json\" class=\"yoast-schema-graph\">{\"@context\":\"https:\\\/\\\/schema.org\",\"@graph\":[{\"@type\":\"Article\",\"@id\":\"https:\\\/\\\/jeyjo.es\\\/blog\\\/index.php\\\/2025\\\/04\\\/23\\\/23-de-abril-dia-mundial-del-libro-una-celebracion-universal-de-la-lectura\\\/#article\",\"isPartOf\":{\"@id\":\"https:\\\/\\\/jeyjo.es\\\/blog\\\/index.php\\\/2025\\\/04\\\/23\\\/23-de-abril-dia-mundial-del-libro-una-celebracion-universal-de-la-lectura\\\/\"},\"author\":{\"name\":\"Jos\u00e9 Antonio\",\"@id\":\"https:\\\/\\\/jeyjo.es\\\/blog\\\/#\\\/schema\\\/person\\\/27b39b68644e2843617b9eb0877b528b\"},\"headline\":\"23 de Abril: D\u00eda Mundial del Libro. Una Celebraci\u00f3n Universal de la Lectura\",\"datePublished\":\"2025-04-23T15:10:54+00:00\",\"dateModified\":\"2025-04-23T15:26:52+00:00\",\"mainEntityOfPage\":{\"@id\":\"https:\\\/\\\/jeyjo.es\\\/blog\\\/index.php\\\/2025\\\/04\\\/23\\\/23-de-abril-dia-mundial-del-libro-una-celebracion-universal-de-la-lectura\\\/\"},\"wordCount\":1750,\"commentCount\":0,\"publisher\":{\"@id\":\"https:\\\/\\\/jeyjo.es\\\/blog\\\/#organization\"},\"image\":{\"@id\":\"https:\\\/\\\/jeyjo.es\\\/blog\\\/index.php\\\/2025\\\/04\\\/23\\\/23-de-abril-dia-mundial-del-libro-una-celebracion-universal-de-la-lectura\\\/#primaryimage\"},\"thumbnailUrl\":\"https:\\\/\\\/jeyjo.es\\\/blog\\\/wp-content\\\/uploads\\\/2025\\\/04\\\/pexels-juansinag-4581325-scaled.jpg\",\"keywords\":[\"23 de abril\",\"Categor\u00edas de libros\",\"Celebraci\u00f3n D\u00eda del Libro\",\"D\u00eda del Libro\",\"Fiesta del Libro\",\"Miguel de Cervantes\",\"Or\u00edgenes D\u00eda del Libro\",\"Sant Jordi\",\"William Shakespeare\"],\"inLanguage\":\"es\",\"potentialAction\":[{\"@type\":\"CommentAction\",\"name\":\"Comment\",\"target\":[\"https:\\\/\\\/jeyjo.es\\\/blog\\\/index.php\\\/2025\\\/04\\\/23\\\/23-de-abril-dia-mundial-del-libro-una-celebracion-universal-de-la-lectura\\\/#respond\"]}]},{\"@type\":\"WebPage\",\"@id\":\"https:\\\/\\\/jeyjo.es\\\/blog\\\/index.php\\\/2025\\\/04\\\/23\\\/23-de-abril-dia-mundial-del-libro-una-celebracion-universal-de-la-lectura\\\/\",\"url\":\"https:\\\/\\\/jeyjo.es\\\/blog\\\/index.php\\\/2025\\\/04\\\/23\\\/23-de-abril-dia-mundial-del-libro-una-celebracion-universal-de-la-lectura\\\/\",\"name\":\"23 de Abril: D\u00eda Mundial del Libro. Una Celebraci\u00f3n Universal de la Lectura - Jeyjo\",\"isPartOf\":{\"@id\":\"https:\\\/\\\/jeyjo.es\\\/blog\\\/#website\"},\"primaryImageOfPage\":{\"@id\":\"https:\\\/\\\/jeyjo.es\\\/blog\\\/index.php\\\/2025\\\/04\\\/23\\\/23-de-abril-dia-mundial-del-libro-una-celebracion-universal-de-la-lectura\\\/#primaryimage\"},\"image\":{\"@id\":\"https:\\\/\\\/jeyjo.es\\\/blog\\\/index.php\\\/2025\\\/04\\\/23\\\/23-de-abril-dia-mundial-del-libro-una-celebracion-universal-de-la-lectura\\\/#primaryimage\"},\"thumbnailUrl\":\"https:\\\/\\\/jeyjo.es\\\/blog\\\/wp-content\\\/uploads\\\/2025\\\/04\\\/pexels-juansinag-4581325-scaled.jpg\",\"datePublished\":\"2025-04-23T15:10:54+00:00\",\"dateModified\":\"2025-04-23T15:26:52+00:00\",\"description\":\"Celebra el D\u00eda del Libro el 23 de abril: descubre su historia, desde la tradici\u00f3n catalana de Sant Jordi hasta su reconocimiento mundial. Explora las categor\u00edas de libros m\u00e1s vendidas y c\u00f3mo se festeja este d\u00eda dedicado a la lectura y los autores.\",\"breadcrumb\":{\"@id\":\"https:\\\/\\\/jeyjo.es\\\/blog\\\/index.php\\\/2025\\\/04\\\/23\\\/23-de-abril-dia-mundial-del-libro-una-celebracion-universal-de-la-lectura\\\/#breadcrumb\"},\"inLanguage\":\"es\",\"potentialAction\":[{\"@type\":\"ReadAction\",\"target\":[\"https:\\\/\\\/jeyjo.es\\\/blog\\\/index.php\\\/2025\\\/04\\\/23\\\/23-de-abril-dia-mundial-del-libro-una-celebracion-universal-de-la-lectura\\\/\"]}]},{\"@type\":\"ImageObject\",\"inLanguage\":\"es\",\"@id\":\"https:\\\/\\\/jeyjo.es\\\/blog\\\/index.php\\\/2025\\\/04\\\/23\\\/23-de-abril-dia-mundial-del-libro-una-celebracion-universal-de-la-lectura\\\/#primaryimage\",\"url\":\"https:\\\/\\\/jeyjo.es\\\/blog\\\/wp-content\\\/uploads\\\/2025\\\/04\\\/pexels-juansinag-4581325-scaled.jpg\",\"contentUrl\":\"https:\\\/\\\/jeyjo.es\\\/blog\\\/wp-content\\\/uploads\\\/2025\\\/04\\\/pexels-juansinag-4581325-scaled.jpg\",\"width\":2560,\"height\":1858,\"caption\":\"D\u00eda del Libro 23 de abril\"},{\"@type\":\"BreadcrumbList\",\"@id\":\"https:\\\/\\\/jeyjo.es\\\/blog\\\/index.php\\\/2025\\\/04\\\/23\\\/23-de-abril-dia-mundial-del-libro-una-celebracion-universal-de-la-lectura\\\/#breadcrumb\",\"itemListElement\":[{\"@type\":\"ListItem\",\"position\":1,\"name\":\"Portada\",\"item\":\"https:\\\/\\\/jeyjo.es\\\/blog\\\/\"},{\"@type\":\"ListItem\",\"position\":2,\"name\":\"23 de Abril: D\u00eda Mundial del Libro. Una Celebraci\u00f3n Universal de la Lectura\"}]},{\"@type\":\"WebSite\",\"@id\":\"https:\\\/\\\/jeyjo.es\\\/blog\\\/#website\",\"url\":\"https:\\\/\\\/jeyjo.es\\\/blog\\\/\",\"name\":\"Blog para conocer todo sobre la oficina y el colegio\",\"description\":\"El Blog de tu Oficina - Expertos en Material de Oficina, Papeler\u00eda y Mobiliario\",\"publisher\":{\"@id\":\"https:\\\/\\\/jeyjo.es\\\/blog\\\/#organization\"},\"potentialAction\":[{\"@type\":\"SearchAction\",\"target\":{\"@type\":\"EntryPoint\",\"urlTemplate\":\"https:\\\/\\\/jeyjo.es\\\/blog\\\/?s={search_term_string}\"},\"query-input\":{\"@type\":\"PropertyValueSpecification\",\"valueRequired\":true,\"valueName\":\"search_term_string\"}}],\"inLanguage\":\"es\"},{\"@type\":\"Organization\",\"@id\":\"https:\\\/\\\/jeyjo.es\\\/blog\\\/#organization\",\"name\":\"Jeyjo Material de Oficina\",\"url\":\"https:\\\/\\\/jeyjo.es\\\/blog\\\/\",\"logo\":{\"@type\":\"ImageObject\",\"inLanguage\":\"es\",\"@id\":\"https:\\\/\\\/jeyjo.es\\\/blog\\\/#\\\/schema\\\/logo\\\/image\\\/\",\"url\":\"https:\\\/\\\/jeyjo.es\\\/blog\\\/wp-content\\\/uploads\\\/2023\\\/10\\\/LOGOTIPO-COLOR-cac-150px.jpg\",\"contentUrl\":\"https:\\\/\\\/jeyjo.es\\\/blog\\\/wp-content\\\/uploads\\\/2023\\\/10\\\/LOGOTIPO-COLOR-cac-150px.jpg\",\"width\":1771,\"height\":1006,\"caption\":\"Jeyjo Material de Oficina\"},\"image\":{\"@id\":\"https:\\\/\\\/jeyjo.es\\\/blog\\\/#\\\/schema\\\/logo\\\/image\\\/\"},\"sameAs\":[\"https:\\\/\\\/www.facebook.com\\\/jeyjo.papeleria.9\",\"https:\\\/\\\/x.com\\\/jeyjooficinas\",\"https:\\\/\\\/www.youtube.com\\\/channel\\\/UCUNp2bZMllJUVIAMZYdGZ8Q\",\"https:\\\/\\\/www.instagram.com\\\/jeyjomaterialdeoficina\\\/\",\"https:\\\/\\\/www.linkedin.com\\\/in\\\/jeyjo-material-de-oficina-aba48b49\"]},{\"@type\":\"Person\",\"@id\":\"https:\\\/\\\/jeyjo.es\\\/blog\\\/#\\\/schema\\\/person\\\/27b39b68644e2843617b9eb0877b528b\",\"name\":\"Jos\u00e9 Antonio\",\"image\":{\"@type\":\"ImageObject\",\"inLanguage\":\"es\",\"@id\":\"https:\\\/\\\/secure.gravatar.com\\\/avatar\\\/e8bbcf4f7a3e91ea18ca5e076249495fd4bcbc0c9bd4e3fb6c8294649ec86fcc?s=96&d=mm&r=g\",\"url\":\"https:\\\/\\\/secure.gravatar.com\\\/avatar\\\/e8bbcf4f7a3e91ea18ca5e076249495fd4bcbc0c9bd4e3fb6c8294649ec86fcc?s=96&d=mm&r=g\",\"contentUrl\":\"https:\\\/\\\/secure.gravatar.com\\\/avatar\\\/e8bbcf4f7a3e91ea18ca5e076249495fd4bcbc0c9bd4e3fb6c8294649ec86fcc?s=96&d=mm&r=g\",\"caption\":\"Jos\u00e9 Antonio\"},\"sameAs\":[\"http:\\\/\\\/jeyjo.es\\\/blog\"],\"url\":\"https:\\\/\\\/jeyjo.es\\\/blog\\\/index.php\\\/author\\\/programador\\\/\"}]}<\/script>\n<!-- \/ Yoast SEO plugin. -->","yoast_head_json":{"title":"23 de Abril: D\u00eda Mundial del Libro. Una Celebraci\u00f3n Universal de la Lectura - Jeyjo","description":"Celebra el D\u00eda del Libro el 23 de abril: descubre su historia, desde la tradici\u00f3n catalana de Sant Jordi hasta su reconocimiento mundial. Explora las categor\u00edas de libros m\u00e1s vendidas y c\u00f3mo se festeja este d\u00eda dedicado a la lectura y los autores.","robots":{"index":"index","follow":"follow","max-snippet":"max-snippet:-1","max-image-preview":"max-image-preview:large","max-video-preview":"max-video-preview:-1"},"canonical":"https:\/\/jeyjo.es\/blog\/index.php\/2025\/04\/23\/23-de-abril-dia-mundial-del-libro-una-celebracion-universal-de-la-lectura\/","og_locale":"es_ES","og_type":"article","og_title":"23 de Abril: D\u00eda Mundial del Libro. Una Celebraci\u00f3n Universal de la Lectura - Jeyjo","og_description":"Celebra el D\u00eda del Libro el 23 de abril: descubre su historia, desde la tradici\u00f3n catalana de Sant Jordi hasta su reconocimiento mundial. Explora las categor\u00edas de libros m\u00e1s vendidas y c\u00f3mo se festeja este d\u00eda dedicado a la lectura y los autores.","og_url":"https:\/\/jeyjo.es\/blog\/index.php\/2025\/04\/23\/23-de-abril-dia-mundial-del-libro-una-celebracion-universal-de-la-lectura\/","og_site_name":"Jeyjo","article_publisher":"https:\/\/www.facebook.com\/jeyjo.papeleria.9","article_published_time":"2025-04-23T15:10:54+00:00","article_modified_time":"2025-04-23T15:26:52+00:00","og_image":[{"width":2560,"height":1858,"url":"https:\/\/jeyjo.es\/blog\/wp-content\/uploads\/2025\/04\/pexels-juansinag-4581325-scaled.jpg","type":"image\/jpeg"}],"author":"Jos\u00e9 Antonio","twitter_card":"summary_large_image","twitter_creator":"@jeyjooficinas","twitter_site":"@jeyjooficinas","twitter_misc":{"Escrito por":"Jos\u00e9 Antonio","Tiempo de lectura":"8 minutos"},"schema":{"@context":"https:\/\/schema.org","@graph":[{"@type":"Article","@id":"https:\/\/jeyjo.es\/blog\/index.php\/2025\/04\/23\/23-de-abril-dia-mundial-del-libro-una-celebracion-universal-de-la-lectura\/#article","isPartOf":{"@id":"https:\/\/jeyjo.es\/blog\/index.php\/2025\/04\/23\/23-de-abril-dia-mundial-del-libro-una-celebracion-universal-de-la-lectura\/"},"author":{"name":"Jos\u00e9 Antonio","@id":"https:\/\/jeyjo.es\/blog\/#\/schema\/person\/27b39b68644e2843617b9eb0877b528b"},"headline":"23 de Abril: D\u00eda Mundial del Libro. Una Celebraci\u00f3n Universal de la Lectura","datePublished":"2025-04-23T15:10:54+00:00","dateModified":"2025-04-23T15:26:52+00:00","mainEntityOfPage":{"@id":"https:\/\/jeyjo.es\/blog\/index.php\/2025\/04\/23\/23-de-abril-dia-mundial-del-libro-una-celebracion-universal-de-la-lectura\/"},"wordCount":1750,"commentCount":0,"publisher":{"@id":"https:\/\/jeyjo.es\/blog\/#organization"},"image":{"@id":"https:\/\/jeyjo.es\/blog\/index.php\/2025\/04\/23\/23-de-abril-dia-mundial-del-libro-una-celebracion-universal-de-la-lectura\/#primaryimage"},"thumbnailUrl":"https:\/\/jeyjo.es\/blog\/wp-content\/uploads\/2025\/04\/pexels-juansinag-4581325-scaled.jpg","keywords":["23 de abril","Categor\u00edas de libros","Celebraci\u00f3n D\u00eda del Libro","D\u00eda del Libro","Fiesta del Libro","Miguel de Cervantes","Or\u00edgenes D\u00eda del Libro","Sant Jordi","William Shakespeare"],"inLanguage":"es","potentialAction":[{"@type":"CommentAction","name":"Comment","target":["https:\/\/jeyjo.es\/blog\/index.php\/2025\/04\/23\/23-de-abril-dia-mundial-del-libro-una-celebracion-universal-de-la-lectura\/#respond"]}]},{"@type":"WebPage","@id":"https:\/\/jeyjo.es\/blog\/index.php\/2025\/04\/23\/23-de-abril-dia-mundial-del-libro-una-celebracion-universal-de-la-lectura\/","url":"https:\/\/jeyjo.es\/blog\/index.php\/2025\/04\/23\/23-de-abril-dia-mundial-del-libro-una-celebracion-universal-de-la-lectura\/","name":"23 de Abril: D\u00eda Mundial del Libro. Una Celebraci\u00f3n Universal de la Lectura - Jeyjo","isPartOf":{"@id":"https:\/\/jeyjo.es\/blog\/#website"},"primaryImageOfPage":{"@id":"https:\/\/jeyjo.es\/blog\/index.php\/2025\/04\/23\/23-de-abril-dia-mundial-del-libro-una-celebracion-universal-de-la-lectura\/#primaryimage"},"image":{"@id":"https:\/\/jeyjo.es\/blog\/index.php\/2025\/04\/23\/23-de-abril-dia-mundial-del-libro-una-celebracion-universal-de-la-lectura\/#primaryimage"},"thumbnailUrl":"https:\/\/jeyjo.es\/blog\/wp-content\/uploads\/2025\/04\/pexels-juansinag-4581325-scaled.jpg","datePublished":"2025-04-23T15:10:54+00:00","dateModified":"2025-04-23T15:26:52+00:00","description":"Celebra el D\u00eda del Libro el 23 de abril: descubre su historia, desde la tradici\u00f3n catalana de Sant Jordi hasta su reconocimiento mundial. Explora las categor\u00edas de libros m\u00e1s vendidas y c\u00f3mo se festeja este d\u00eda dedicado a la lectura y los autores.","breadcrumb":{"@id":"https:\/\/jeyjo.es\/blog\/index.php\/2025\/04\/23\/23-de-abril-dia-mundial-del-libro-una-celebracion-universal-de-la-lectura\/#breadcrumb"},"inLanguage":"es","potentialAction":[{"@type":"ReadAction","target":["https:\/\/jeyjo.es\/blog\/index.php\/2025\/04\/23\/23-de-abril-dia-mundial-del-libro-una-celebracion-universal-de-la-lectura\/"]}]},{"@type":"ImageObject","inLanguage":"es","@id":"https:\/\/jeyjo.es\/blog\/index.php\/2025\/04\/23\/23-de-abril-dia-mundial-del-libro-una-celebracion-universal-de-la-lectura\/#primaryimage","url":"https:\/\/jeyjo.es\/blog\/wp-content\/uploads\/2025\/04\/pexels-juansinag-4581325-scaled.jpg","contentUrl":"https:\/\/jeyjo.es\/blog\/wp-content\/uploads\/2025\/04\/pexels-juansinag-4581325-scaled.jpg","width":2560,"height":1858,"caption":"D\u00eda del Libro 23 de abril"},{"@type":"BreadcrumbList","@id":"https:\/\/jeyjo.es\/blog\/index.php\/2025\/04\/23\/23-de-abril-dia-mundial-del-libro-una-celebracion-universal-de-la-lectura\/#breadcrumb","itemListElement":[{"@type":"ListItem","position":1,"name":"Portada","item":"https:\/\/jeyjo.es\/blog\/"},{"@type":"ListItem","position":2,"name":"23 de Abril: D\u00eda Mundial del Libro. Una Celebraci\u00f3n Universal de la Lectura"}]},{"@type":"WebSite","@id":"https:\/\/jeyjo.es\/blog\/#website","url":"https:\/\/jeyjo.es\/blog\/","name":"Blog para conocer todo sobre la oficina y el colegio","description":"El Blog de tu Oficina - Expertos en Material de Oficina, Papeler\u00eda y Mobiliario","publisher":{"@id":"https:\/\/jeyjo.es\/blog\/#organization"},"potentialAction":[{"@type":"SearchAction","target":{"@type":"EntryPoint","urlTemplate":"https:\/\/jeyjo.es\/blog\/?s={search_term_string}"},"query-input":{"@type":"PropertyValueSpecification","valueRequired":true,"valueName":"search_term_string"}}],"inLanguage":"es"},{"@type":"Organization","@id":"https:\/\/jeyjo.es\/blog\/#organization","name":"Jeyjo Material de Oficina","url":"https:\/\/jeyjo.es\/blog\/","logo":{"@type":"ImageObject","inLanguage":"es","@id":"https:\/\/jeyjo.es\/blog\/#\/schema\/logo\/image\/","url":"https:\/\/jeyjo.es\/blog\/wp-content\/uploads\/2023\/10\/LOGOTIPO-COLOR-cac-150px.jpg","contentUrl":"https:\/\/jeyjo.es\/blog\/wp-content\/uploads\/2023\/10\/LOGOTIPO-COLOR-cac-150px.jpg","width":1771,"height":1006,"caption":"Jeyjo Material de Oficina"},"image":{"@id":"https:\/\/jeyjo.es\/blog\/#\/schema\/logo\/image\/"},"sameAs":["https:\/\/www.facebook.com\/jeyjo.papeleria.9","https:\/\/x.com\/jeyjooficinas","https:\/\/www.youtube.com\/channel\/UCUNp2bZMllJUVIAMZYdGZ8Q","https:\/\/www.instagram.com\/jeyjomaterialdeoficina\/","https:\/\/www.linkedin.com\/in\/jeyjo-material-de-oficina-aba48b49"]},{"@type":"Person","@id":"https:\/\/jeyjo.es\/blog\/#\/schema\/person\/27b39b68644e2843617b9eb0877b528b","name":"Jos\u00e9 Antonio","image":{"@type":"ImageObject","inLanguage":"es","@id":"https:\/\/secure.gravatar.com\/avatar\/e8bbcf4f7a3e91ea18ca5e076249495fd4bcbc0c9bd4e3fb6c8294649ec86fcc?s=96&d=mm&r=g","url":"https:\/\/secure.gravatar.com\/avatar\/e8bbcf4f7a3e91ea18ca5e076249495fd4bcbc0c9bd4e3fb6c8294649ec86fcc?s=96&d=mm&r=g","contentUrl":"https:\/\/secure.gravatar.com\/avatar\/e8bbcf4f7a3e91ea18ca5e076249495fd4bcbc0c9bd4e3fb6c8294649ec86fcc?s=96&d=mm&r=g","caption":"Jos\u00e9 Antonio"},"sameAs":["http:\/\/jeyjo.es\/blog"],"url":"https:\/\/jeyjo.es\/blog\/index.php\/author\/programador\/"}]}},"_links":{"self":[{"href":"https:\/\/jeyjo.es\/blog\/index.php\/wp-json\/wp\/v2\/posts\/2153","targetHints":{"allow":["GET"]}}],"collection":[{"href":"https:\/\/jeyjo.es\/blog\/index.php\/wp-json\/wp\/v2\/posts"}],"about":[{"href":"https:\/\/jeyjo.es\/blog\/index.php\/wp-json\/wp\/v2\/types\/post"}],"author":[{"embeddable":true,"href":"https:\/\/jeyjo.es\/blog\/index.php\/wp-json\/wp\/v2\/users\/1"}],"replies":[{"embeddable":true,"href":"https:\/\/jeyjo.es\/blog\/index.php\/wp-json\/wp\/v2\/comments?post=2153"}],"version-history":[{"count":2,"href":"https:\/\/jeyjo.es\/blog\/index.php\/wp-json\/wp\/v2\/posts\/2153\/revisions"}],"predecessor-version":[{"id":2157,"href":"https:\/\/jeyjo.es\/blog\/index.php\/wp-json\/wp\/v2\/posts\/2153\/revisions\/2157"}],"wp:featuredmedia":[{"embeddable":true,"href":"https:\/\/jeyjo.es\/blog\/index.php\/wp-json\/wp\/v2\/media\/2154"}],"wp:attachment":[{"href":"https:\/\/jeyjo.es\/blog\/index.php\/wp-json\/wp\/v2\/media?parent=2153"}],"wp:term":[{"taxonomy":"category","embeddable":true,"href":"https:\/\/jeyjo.es\/blog\/index.php\/wp-json\/wp\/v2\/categories?post=2153"},{"taxonomy":"post_tag","embeddable":true,"href":"https:\/\/jeyjo.es\/blog\/index.php\/wp-json\/wp\/v2\/tags?post=2153"}],"curies":[{"name":"wp","href":"https:\/\/api.w.org\/{rel}","templated":true}]}}