{"id":2113,"date":"2025-03-26T18:46:38","date_gmt":"2025-03-26T17:46:38","guid":{"rendered":"https:\/\/jeyjo.es\/blog\/?p=2113"},"modified":"2025-03-26T18:54:00","modified_gmt":"2025-03-26T17:54:00","slug":"nueva-normativa-de-etiquetado-y-gestion-de-envases-guia-completa-para-empresas-y-consumidores-real-decreto-1055-2022","status":"publish","type":"post","link":"https:\/\/jeyjo.es\/blog\/index.php\/2025\/03\/26\/nueva-normativa-de-etiquetado-y-gestion-de-envases-guia-completa-para-empresas-y-consumidores-real-decreto-1055-2022\/","title":{"rendered":"Nueva Normativa de Etiquetado y Gesti\u00f3n de Envases: Gu\u00eda Completa para Empresas y Consumidores. Real Decreto 1055\/2022"},"content":{"rendered":"\n<p id=\"block-cad1bbe4-6e2e-420f-be71-d118d4f9a4ac\">La sostenibilidad se ha convertido en una prioridad global, y la gesti\u00f3n de envases y residuos juega un papel crucial en este contexto. El Real Decreto 1055\/2022, aprobado el 27 de diciembre, introduce nuevas regulaciones para optimizar el ciclo de vida de los envases, tanto para el consumidor final como para uso industrial o comercial. Este decreto tiene como objetivo principal asegurar un tratamiento adecuado al final de su vida \u00fatil, fomentar el reciclaje y reducir la generaci\u00f3n de desechos, promoviendo la econom\u00eda circular en Espa\u00f1a, en l\u00ednea con las pol\u00edticas medioambientales europeas. Adem\u00e1s, esta normativa busca impulsar un consumo m\u00e1s responsable entre empresas y consumidores.<\/p>\n\n\n\n<p id=\"block-3a974d4d-eabb-4c17-a05c-47a9f9b43e86\">En este post, exploraremos en detalle nueva normativa de etiquetado y reciclaje de envases en Espa\u00f1a, abordando las obligaciones de etiquetado, los tipos de contenedores de reciclaje, qu\u00e9 productos van en cada contenedor, c\u00f3mo reciclar correctamente, el papel de Ecoembes, el impacto del real decreto en empresas y consumidores, los plazos para su implementaci\u00f3n y una conclusi\u00f3n sobre la importancia de esta normativa para el futuro sostenible.<\/p>\n\n\n\n<figure class=\"wp-block-image size-large\"><img loading=\"lazy\" decoding=\"async\" width=\"1024\" height=\"683\" src=\"https:\/\/jeyjo.es\/blog\/wp-content\/uploads\/2025\/03\/pexels-readymade-3850512-1024x683.jpg\" alt=\"\" class=\"wp-image-2109\" srcset=\"https:\/\/jeyjo.es\/blog\/wp-content\/uploads\/2025\/03\/pexels-readymade-3850512-1024x683.jpg 1024w, https:\/\/jeyjo.es\/blog\/wp-content\/uploads\/2025\/03\/pexels-readymade-3850512-300x200.jpg 300w, https:\/\/jeyjo.es\/blog\/wp-content\/uploads\/2025\/03\/pexels-readymade-3850512-768x512.jpg 768w, https:\/\/jeyjo.es\/blog\/wp-content\/uploads\/2025\/03\/pexels-readymade-3850512-1536x1024.jpg 1536w, https:\/\/jeyjo.es\/blog\/wp-content\/uploads\/2025\/03\/pexels-readymade-3850512-2048x1365.jpg 2048w\" sizes=\"auto, (max-width: 1024px) 100vw, 1024px\" \/><\/figure>\n\n\n\n<h2 class=\"wp-block-heading\" id=\"block-2c57604e-97ae-4428-944d-1b8a7ed19675\"><strong>Nuevas Obligaciones de Etiquetado<\/strong><\/h2>\n\n\n\n<p id=\"block-e011af6c-81bf-437c-a210-6aea8992719b\">A partir del 1 de enero de 2025, todos los productos fabricados o introducidos en el mercado espa\u00f1ol deben cumplir con las nuevas normativas de etiquetado. Estas modificaciones est\u00e1n dise\u00f1adas para facilitar la separaci\u00f3n y recuperaci\u00f3n de materiales, asegurando que los consumidores tengan acceso a informaci\u00f3n clara sobre c\u00f3mo desechar adecuadamente los envases.<\/p>\n\n\n\n<p id=\"block-656d0d84-916a-4ee5-8996-510582703710\"><strong>\u00bfQu\u00e9 implica la nueva obligaci\u00f3n?<\/strong><\/p>\n\n\n\n<p id=\"block-ee43bd2f-fc8a-4fd0-8da0-b009e491f94c\">La principal novedad es la obligatoriedad de indicar en el envase la fracci\u00f3n o contenedor en el que debe depositarse el residuo.<\/p>\n\n\n\n<p id=\"block-967d195e-a1e9-4814-b274-7e57618ac0d2\"><strong>\u00bfCu\u00e1ndo entra en vigor?<\/strong><\/p>\n\n\n\n<p id=\"block-35400422-16e9-4475-8e22-24c1b32d768f\">La nueva normativa de etiquetado y reciclaje de envases en Espa\u00f1a se aplica a todos los envases que se pongan en el mercado a partir del 1 de enero de 2025. No aplica a los productos que ya se encuentran en el mercado o en stock.<\/p>\n\n\n\n<p id=\"block-24bf8a47-730b-47fa-b74c-abb5c5dcb30c\"><strong>\u00bfC\u00f3mo debe presentarse la informaci\u00f3n?<\/strong><\/p>\n\n\n\n<ul id=\"block-f2d1ed23-ca7c-47a1-9c3b-235dcb1e2440\" class=\"wp-block-list\">\n<li>Debe presentarse sobre el propio envase o sobre la etiqueta (no en c\u00f3digo QR).<\/li>\n\n\n\n<li>Debe ser claramente visible y f\u00e1cilmente legible.<\/li>\n\n\n\n<li>Debe tener la persistencia y la durabilidad adecuadas, incluso despu\u00e9s de abrir el envase.<\/li>\n<\/ul>\n\n\n\n<p id=\"block-50ef5784-f6fe-4d03-82a9-cea152b909cc\"><strong>\u00bfD\u00f3nde aplica?<\/strong><\/p>\n\n\n\n<p id=\"block-888eb328-42f8-41a1-b248-062a9acc6a6f\">Aplica a todos los envases puestos en el mercado espa\u00f1ol. Puede coexistir con informaci\u00f3n o s\u00edmbolos para otros pa\u00edses que tambi\u00e9n tengan esta obligaci\u00f3n.<\/p>\n\n\n\n<p id=\"block-b9e0584d-8d8a-4592-860e-4e82837f6cc7\"><strong>Recomendaciones para envases con varios elementos:<\/strong><\/p>\n\n\n\n<ul id=\"block-84d2dfa4-ad8c-488e-a3c7-cc83d12a58e2\" class=\"wp-block-list\">\n<li><strong>Si se pueden separar:<\/strong> Indicar el contenedor en cada elemento. Si no es posible, indicar todos los contenedores sobre el elemento principal o etiqueta.<\/li>\n\n\n\n<li><strong>Si no se pueden separar:<\/strong> Indicar el contenedor que corresponde al material predominante.<\/li>\n<\/ul>\n\n\n\n<h2 class=\"wp-block-heading\" id=\"block-b511b312-1fad-49c4-bfd1-6a3ff1364175\"><strong>El Papel de <a href=\"https:\/\/www.ecoembes.com\/es\">Ecoembes<\/a><\/strong><\/h2>\n\n\n\n<p id=\"block-ecdcbaae-66e3-429a-9a29-00ec811adeaf\">Ecoembes pone a disposici\u00f3n de las empresas el s\u00edmbolo \u00abRecicla\u00bb, junto con recomendaciones de uso para facilitar el cumplimiento de la normativa. Los pictogramas desarrollados por Ecoembes facilitar\u00e1n la identificaci\u00f3n de productos reciclables, optimizando la eficiencia en la recolecci\u00f3n y clasificaci\u00f3n de residuos. Adem\u00e1s, este etiquetado tiene como meta sensibilizar al p\u00fablico sobre la importancia de una correcta disposici\u00f3n de materiales.<\/p>\n\n\n\n<figure class=\"wp-block-image size-large\"><img loading=\"lazy\" decoding=\"async\" width=\"1024\" height=\"683\" src=\"https:\/\/jeyjo.es\/blog\/wp-content\/uploads\/2025\/03\/pexels-alexfu-2967770-1024x683.jpg\" alt=\"\" class=\"wp-image-2110\" srcset=\"https:\/\/jeyjo.es\/blog\/wp-content\/uploads\/2025\/03\/pexels-alexfu-2967770-1024x683.jpg 1024w, https:\/\/jeyjo.es\/blog\/wp-content\/uploads\/2025\/03\/pexels-alexfu-2967770-300x200.jpg 300w, https:\/\/jeyjo.es\/blog\/wp-content\/uploads\/2025\/03\/pexels-alexfu-2967770-768x512.jpg 768w, https:\/\/jeyjo.es\/blog\/wp-content\/uploads\/2025\/03\/pexels-alexfu-2967770-1536x1024.jpg 1536w, https:\/\/jeyjo.es\/blog\/wp-content\/uploads\/2025\/03\/pexels-alexfu-2967770-2048x1365.jpg 2048w\" sizes=\"auto, (max-width: 1024px) 100vw, 1024px\" \/><\/figure>\n\n\n\n<p id=\"block-d708e54c-b85e-4cc4-a610-8248e6e8abfa\"><strong>Excepciones y Plazos de Adaptaci\u00f3n<\/strong><\/p>\n\n\n\n<p id=\"block-dded50e8-8609-4792-a2e0-9aa1d40e55fe\">Se contemplan excepciones para productos introducidos en el mercado antes del 1 de enero de 2025. Estos podr\u00e1n seguir distribuy\u00e9ndose sin necesidad de cumplir con las nuevas normas de etiquetado, incluyendo aquellos que permanezcan almacenados por fabricantes y distribuidores. Este enfoque progresivo busca dar tiempo a las empresas para ajustar sus procesos y productos a los nuevos est\u00e1ndares.<\/p>\n\n\n\n<p id=\"block-ec7a5f71-7f90-4cf3-889f-584e83a1e6e5\"><strong>Desaf\u00edos en el Contexto Europeo<\/strong><\/p>\n\n\n\n<p id=\"block-73422f91-b59c-4e26-9f17-9b86c117f08c\">Un reto significativo para las empresas radica en la diversidad normativa dentro de la Uni\u00f3n Europea. Aunque el Real Decreto es obligatorio en Espa\u00f1a, las compa\u00f1\u00edas que operan en varios pa\u00edses deber\u00e1n ajustarse a las regulaciones locales de cada mercado. Esta disparidad de reglas a\u00f1ade complejidad a la implementaci\u00f3n de estrategias de etiquetado y reciclaje. Sin embargo, se espera que se emitan directrices armonizadas a nivel europeo para proporcionar un marco m\u00e1s claro para las empresas.<\/p>\n\n\n\n<h2 class=\"wp-block-heading\" id=\"block-d57566a2-d2ad-462c-b867-41115bd98865\"><strong>Impacto para Empresas y Consumidores<\/strong><\/h2>\n\n\n\n<p id=\"block-dcba9ceb-f876-467f-b7b4-04c714846550\"><strong>Para las empresas:<\/strong><\/p>\n\n\n\n<p id=\"block-9e92459a-d554-4d18-8847-9984499d3c0c\">Esta normativa representa tanto un reto como una oportunidad. Requerir\u00e1 ajustes en productos y procesos, lo que puede implicar costes iniciales. Sin embargo, aquellas empresas que ya apuestan por envases reciclables, reutilizables o biodegradables tendr\u00e1n una ventaja competitiva.<\/p>\n\n\n\n<p id=\"block-6c3468e3-1c67-4c6c-92a3-dab6135f7c1d\"><strong>Para los consumidores:<\/strong><\/p>\n\n\n\n<p id=\"block-bff19755-b4ef-4184-a517-d71f527c53f6\">La correcta interpretaci\u00f3n de las etiquetas y el descarte adecuado de los residuos son fundamentales para cumplir con los objetivos de sostenibilidad. Por ello, ser\u00e1 esencial promover la educaci\u00f3n ambiental y la concienciaci\u00f3n sobre econom\u00eda circular, garantizando que todos los actores involucrados contribuyan al \u00e9xito de la normativa.<\/p>\n\n\n\n<p id=\"block-93d9a734-7863-401c-875f-61d0c0be652d\"><strong>Otras Obligaciones de Marcado<\/strong><\/p>\n\n\n\n<ul id=\"block-af8ecae9-40eb-4582-986f-5d1890dd48c4\" class=\"wp-block-list\">\n<li><strong>Obligatorio:<\/strong>\n<ul class=\"wp-block-list\">\n<li><strong>Envases reutilizables:<\/strong> Indicar la condici\u00f3n de reutilizable.<\/li>\n\n\n\n<li><strong>Envases compostables:<\/strong> Incluir el mensaje \u00abno abandonar en el entorno\u00bb e indicar que cumple con la certificaci\u00f3n de la UNE EN 13432:2001 u otro est\u00e1ndar europeo.<\/li>\n<\/ul>\n<\/li>\n\n\n\n<li><strong>Opcional:<\/strong>\n<ul class=\"wp-block-list\">\n<li>S\u00edmbolo del SCRAP al que pertenece (s\u00edmbolo del punto verde).<\/li>\n\n\n\n<li>Material del que est\u00e1 compuesto el envase.<\/li>\n\n\n\n<li>Porcentaje de reciclabilidad del envase, certificado por una entidad ajena al fabricante.<\/li>\n\n\n\n<li>Cantidad de material reciclado que incorpora, que pueda acreditarse.<\/li>\n<\/ul>\n<\/li>\n\n\n\n<li><strong>Prohibido:<\/strong>\n<ul class=\"wp-block-list\">\n<li>Expresiones como \u00abrespetuoso con el medio ambiente\u00bb o cualquier otro mensaje equivalente que pueda inducir a su abandono en el entorno.<\/li>\n<\/ul>\n<\/li>\n<\/ul>\n\n\n\n<p id=\"block-fc23547d-c75b-4534-8478-ccbac2fdf72e\"><\/p>\n\n\n\n<h2 class=\"wp-block-heading\" id=\"block-10a9dfdf-275a-450c-af68-ebae3a7b5a38\"><strong>Contenedores de Reciclaje: Gu\u00eda Completa<\/strong><\/h2>\n\n\n\n<p id=\"block-95a63d50-ea07-4b63-94fe-5a5b331abf63\">Es fundamental conocer qu\u00e9 envases deben depositarse en cada contenedor para asegurar un reciclaje efectivo. A continuaci\u00f3n, se detalla la funci\u00f3n de cada contenedor y los tipos de residuos que deben depositarse en ellos.<\/p>\n\n\n\n<h3 class=\"wp-block-heading has-medium-font-size\" id=\"block-cb3606b5-f6a5-428b-9256-7f1cfe71e39f\"><strong>Contenedor Amarillo: Envases de Pl\u00e1stico, Briks y Latas<\/strong><\/h3>\n\n\n\n<p id=\"block-a8092ed8-eff8-448c-a53c-4b500ea5c770\">El contenedor amarillo est\u00e1 destinado a separar los envases de pl\u00e1stico, briks y latas. A pesar de llevar m\u00e1s de 25 a\u00f1os en funcionamiento, sigue generando dudas.<\/p>\n\n\n\n<figure class=\"wp-block-image size-large\"><img loading=\"lazy\" decoding=\"async\" width=\"1024\" height=\"681\" src=\"https:\/\/jeyjo.es\/blog\/wp-content\/uploads\/2025\/03\/pexels-mali-802221-1024x681.jpg\" alt=\"Nueva normativa de etiquetado y reciclaje de envases en Espa\u00f1a\" class=\"wp-image-2111\" srcset=\"https:\/\/jeyjo.es\/blog\/wp-content\/uploads\/2025\/03\/pexels-mali-802221-1024x681.jpg 1024w, https:\/\/jeyjo.es\/blog\/wp-content\/uploads\/2025\/03\/pexels-mali-802221-300x200.jpg 300w, https:\/\/jeyjo.es\/blog\/wp-content\/uploads\/2025\/03\/pexels-mali-802221-768x511.jpg 768w, https:\/\/jeyjo.es\/blog\/wp-content\/uploads\/2025\/03\/pexels-mali-802221-1536x1022.jpg 1536w, https:\/\/jeyjo.es\/blog\/wp-content\/uploads\/2025\/03\/pexels-mali-802221-2048x1362.jpg 2048w\" sizes=\"auto, (max-width: 1024px) 100vw, 1024px\" \/><\/figure>\n\n\n\n<h4 class=\"wp-block-heading\" id=\"block-2d20219c-8601-4fa0-9b25-b3ff90a15497\"><strong>\u00bfQu\u00e9 tirar en el contenedor amarillo?<\/strong><\/h4>\n\n\n\n<ul id=\"block-e3438dd6-5ed1-4dd3-8320-ca776539d7bf\" class=\"wp-block-list\">\n<li><strong>Envases de pl\u00e1stico:<\/strong>\n<ul class=\"wp-block-list\">\n<li>Botellas de pl\u00e1stico (incluyendo su tap\u00f3n).<\/li>\n\n\n\n<li>Productos de higiene y limpieza (detergentes, suavizantes, tubos de pasta de dientes).<\/li>\n\n\n\n<li>Envases de yogur o natillas (incluyendo su tapa).<\/li>\n\n\n\n<li>Bandejas de pl\u00e1stico.<\/li>\n\n\n\n<li>Envoltorios de papel film.<\/li>\n\n\n\n<li>Bolsas de pl\u00e1stico.<\/li>\n<\/ul>\n<\/li>\n\n\n\n<li><strong>Envases met\u00e1licos:<\/strong>\n<ul class=\"wp-block-list\">\n<li>Latas de conserva y bebidas.<\/li>\n\n\n\n<li>Bandejas de aluminio.<\/li>\n\n\n\n<li>Aerosoles y desodorantes.<\/li>\n\n\n\n<li>Tapas, chapas y tapones met\u00e1licos.<\/li>\n<\/ul>\n<\/li>\n\n\n\n<li><strong>Briks:<\/strong>\n<ul class=\"wp-block-list\">\n<li>De leche, zumos, sopas, etc.<\/li>\n<\/ul>\n<\/li>\n\n\n\n<li><strong>Otros:<\/strong>\n<ul class=\"wp-block-list\">\n<li>Bandejas de corcho blanco.<\/li>\n<\/ul>\n<\/li>\n<\/ul>\n\n\n\n<h4 class=\"wp-block-heading\" id=\"block-c2e9cf4f-a9bc-40e5-9c72-a0e185aa90b9\"><strong>Errores m\u00e1s comunes en el contenedor amarillo:<\/strong><\/h4>\n\n\n\n<p id=\"block-8f2fd816-8350-46a9-b54a-9f77d734107c\">Es com\u00fan pensar que todos los objetos de pl\u00e1stico van al contenedor amarillo, pero no es as\u00ed. No deben depositarse:<\/p>\n\n\n\n<ul id=\"block-4b3fb1ad-c84f-4efc-8d62-284efbdd6381\" class=\"wp-block-list\">\n<li>Juguetes de pl\u00e1stico.<\/li>\n\n\n\n<li>Biberones y chupetes.<\/li>\n\n\n\n<li>Utensilios de cocina.<\/li>\n\n\n\n<li>Cubos de pl\u00e1stico.<\/li>\n\n\n\n<li>Vasos de papel de cafeter\u00edas.<\/li>\n\n\n\n<li>Papel plastificado (carnicer\u00edas, pescader\u00edas).<\/li>\n\n\n\n<li>Tupperwares.<\/li>\n\n\n\n<li>Botes tipo Pringles.<\/li>\n\n\n\n<li>C\u00e1psulas de aluminio de caf\u00e9.<\/li>\n\n\n\n<li>Moldes de silicona para cocinar.<\/li>\n\n\n\n<li>Termos.<\/li>\n\n\n\n<li>Cajas de CD\u2019s y DVD\u2019s.<\/li>\n\n\n\n<li>Carcasas de v\u00eddeos de VHS y cintas de casete.<\/li>\n\n\n\n<li>Monederos y carteras.<\/li>\n\n\n\n<li>Bol\u00edgrafos.<\/li>\n\n\n\n<li>Sacapuntas.<\/li>\n\n\n\n<li>Mecheros.<\/li>\n\n\n\n<li>Materiales de pl\u00e1stico de cuadros o fotograf\u00edas.<\/li>\n\n\n\n<li>Envases de medicamentos o neceseres.<\/li>\n<\/ul>\n\n\n\n<h4 class=\"wp-block-heading\" id=\"block-1da85c0c-8a99-4121-9984-3bf599c49702\"><strong>Curiosidades del reciclaje en el contenedor amarillo:<\/strong><\/h4>\n\n\n\n<ul id=\"block-06b8178c-4ece-4a0e-b70e-4d3003dbb1b4\" class=\"wp-block-list\">\n<li>6 briks pueden convertirse en una caja de zapatos.<\/li>\n\n\n\n<li>40 botellas de pl\u00e1stico pueden convertirse en un forro polar.<\/li>\n\n\n\n<li>80 latas de bebidas pueden transformarse en una llanta de bicicleta.<\/li>\n\n\n\n<li>8 botes de conserva pueden tener una segunda vida como las piezas de una olla de cocina.<\/li>\n\n\n\n<li>22 botellas de pl\u00e1stico pueden convertirse en una camiseta.<\/li>\n\n\n\n<li>550 latas pueden transformarse en las partes de una silla.<\/li>\n\n\n\n<li>Reciclar 6 latas o briks contrarresta la emisi\u00f3n de 10 minutos de un tubo de escape.<\/li>\n<\/ul>\n\n\n\n<h4 class=\"wp-block-heading\" id=\"block-c8e6b354-bf52-4caa-a87f-f47e190c85ed\"><strong>Proceso de reciclaje del contenedor amarillo:<\/strong><\/h4>\n\n\n\n<ol id=\"block-bedc29c4-1eae-46ce-b48f-7c23752cec7b\" class=\"wp-block-list\">\n<li><strong>Separaci\u00f3n de materiales:<\/strong> Se separan los materiales aptos de los no aptos (etiquetas, restos, etc.). Se clasifican en metales (acero y aluminio) y pl\u00e1sticos (PET, PEAD, film y pl\u00e1stico mezcla).<\/li>\n\n\n\n<li><strong>Segregaci\u00f3n por colores:<\/strong> Se separan los materiales seg\u00fan los colores para optimizar el uso de colorantes.<\/li>\n\n\n\n<li><strong>Trituraci\u00f3n:<\/strong> Las piezas se rompen y trituran en trozos peque\u00f1os para facilitar el tratamiento.<\/li>\n\n\n\n<li><strong>Lavado:<\/strong> Se lavan los trozos con agua para eliminar impurezas.<\/li>\n\n\n\n<li><strong>Secado y centrifugado:<\/strong> Se seca y centrifuga para eliminar cualquier otra impureza.<\/li>\n\n\n\n<li><strong>Homogeneizaci\u00f3n:<\/strong> Se homogeneiza con un proceso mec\u00e1nico para lograr un color y textura uniforme.<\/li>\n\n\n\n<li><strong>Depuraci\u00f3n y transformaci\u00f3n:<\/strong> Se depura el material de impurezas y se le da la forma y el color deseado, pasando por controles de calidad.<\/li>\n<\/ol>\n\n\n\n<p id=\"block-cba86949-294c-473c-baa3-517fbfc05362\"><strong>\u00bfEn qu\u00e9 se convierten los envases de pl\u00e1stico reciclados?<\/strong><\/p>\n\n\n\n<p id=\"block-6100aebf-d28a-4915-bf36-d0a586b9a909\">La mayor\u00eda del pl\u00e1stico PET se destina a l\u00e1mina (embalajes), un porcentaje menor a fibra (moquetas o ropa) y la menor parte a fleje (precintos).<\/p>\n\n\n\n<h3 class=\"wp-block-heading has-medium-font-size\" id=\"block-9bb3e875-668b-49aa-847c-59bc75d8b0fb\"><strong>Contenedor Azul: Papel y Cart\u00f3n<\/strong><\/h3>\n\n\n\n<p id=\"block-cbe5ad9f-468c-4da3-aa57-ed41cc1d08ac\">El contenedor azul est\u00e1 destinado exclusivamente para papel y cart\u00f3n.<\/p>\n\n\n\n<figure class=\"wp-block-image size-large\"><img loading=\"lazy\" decoding=\"async\" width=\"683\" height=\"1024\" src=\"https:\/\/jeyjo.es\/blog\/wp-content\/uploads\/2025\/03\/pexels-lara-jameson-9324347-683x1024.jpg\" alt=\"Nueva normativa de etiquetado y reciclaje de envases en Espa\u00f1a\" class=\"wp-image-2104\" srcset=\"https:\/\/jeyjo.es\/blog\/wp-content\/uploads\/2025\/03\/pexels-lara-jameson-9324347-683x1024.jpg 683w, https:\/\/jeyjo.es\/blog\/wp-content\/uploads\/2025\/03\/pexels-lara-jameson-9324347-200x300.jpg 200w, https:\/\/jeyjo.es\/blog\/wp-content\/uploads\/2025\/03\/pexels-lara-jameson-9324347-768x1152.jpg 768w, https:\/\/jeyjo.es\/blog\/wp-content\/uploads\/2025\/03\/pexels-lara-jameson-9324347-1024x1536.jpg 1024w, https:\/\/jeyjo.es\/blog\/wp-content\/uploads\/2025\/03\/pexels-lara-jameson-9324347-1365x2048.jpg 1365w, https:\/\/jeyjo.es\/blog\/wp-content\/uploads\/2025\/03\/pexels-lara-jameson-9324347-scaled.jpg 1707w\" sizes=\"auto, (max-width: 683px) 100vw, 683px\" \/><\/figure>\n\n\n\n<h4 class=\"wp-block-heading\" id=\"block-b102c21e-8f06-44f6-a683-604ff95fca8b\"><strong>\u00bfQu\u00e9 tirar en el contenedor azul?<\/strong><\/h4>\n\n\n\n<ul id=\"block-4efc294b-4f55-4663-b989-a07822ddd590\" class=\"wp-block-list\">\n<li>Papel y cajas de cart\u00f3n.<\/li>\n\n\n\n<li>Envases de alimentaci\u00f3n, calzado, productos congelados, papel de envolver, papel de uso diario, etc.<\/li>\n<\/ul>\n\n\n\n<h4 class=\"wp-block-heading\" id=\"block-4c7bea93-7619-4d91-8a3c-56b1a36ac3cd\"><strong>Errores m\u00e1s comunes en el contenedor azul:<\/strong><\/h4>\n\n\n\n<ul id=\"block-6df23632-db76-4398-8cf5-fec7312df220\" class=\"wp-block-list\">\n<li>Briks (van al contenedor amarillo).<\/li>\n\n\n\n<li>Servilletas y papel de cocina usados (van con los desechos org\u00e1nicos).<\/li>\n\n\n\n<li>Pa\u00f1ales (van con los residuos de resto).<\/li>\n<\/ul>\n\n\n\n<h4 class=\"wp-block-heading\" id=\"block-07a0a5b6-35ad-4340-9299-b6ec0f20b7e8\"><strong>Curiosidades del reciclaje en el contenedor azul:<\/strong><\/h4>\n\n\n\n<ul id=\"block-4ab1d3ae-9cfe-4d50-bc07-00176212e362\" class=\"wp-block-list\">\n<li>8 cajas de cereales pueden hacer un libro.<\/li>\n\n\n\n<li>El papel brillante (revistas) es m\u00e1s dif\u00edcil de reciclar.<\/li>\n\n\n\n<li>El papel reciclado puede reciclarse hasta siete veces.<\/li>\n<\/ul>\n\n\n\n<h4 class=\"wp-block-heading\" id=\"block-585856af-1c98-4fe5-8f05-cb4a9500f13f\"><strong>Proceso de reciclaje del contenedor azul:<\/strong><\/h4>\n\n\n\n<ol id=\"block-2c52b0cf-c03a-4900-9113-0817ddd2b235\" class=\"wp-block-list\">\n<li><strong>Limpieza y clasificaci\u00f3n:<\/strong> Los envases se trasladan a plantas de recuperaci\u00f3n donde se limpian, se clasifican seg\u00fan los tipos de papel y se prensan en balas.<\/li>\n\n\n\n<li><strong>Transformaci\u00f3n en papel nuevo:<\/strong> Las balas se transportan a una f\u00e1brica de papel, donde se transforman en bobinas de papel nuevo.<\/li>\n<\/ol>\n\n\n\n<p id=\"block-78189f45-dccf-48f2-917c-5900d53a4b19\"><\/p>\n\n\n\n<h3 class=\"wp-block-heading has-medium-font-size\" id=\"block-0f12ff9d-657c-4203-830d-74a61960e175\"><strong>Contenedor Verde: Vidrio<\/strong><\/h3>\n\n\n\n<p id=\"block-7a823e66-3b1a-4fcd-be6d-5c79a469df8b\">El contenedor verde est\u00e1 destinado al vidrio.<\/p>\n\n\n\n<h4 class=\"wp-block-heading\" id=\"block-93ab3cee-7f64-4833-afbc-2fb3ab8ae435\"><strong>\u00bfQu\u00e9 tirar en el contenedor verde?<\/strong><\/h4>\n\n\n\n<ul id=\"block-1f0e8cbe-2fa7-43c5-9414-4e845aa119fb\" class=\"wp-block-list\">\n<li>Botellas de vidrio (vino, cava, etc.).<\/li>\n\n\n\n<li>Frascos de vidrio (perfumes, colonias).<\/li>\n\n\n\n<li>Tarros de alimentos (mermeladas, conservas, etc.).<\/li>\n<\/ul>\n\n\n\n<h4 class=\"wp-block-heading\" id=\"block-d6d2ec0d-ca59-452f-ac6d-3142fa991163\"><strong>Errores m\u00e1s comunes en el contenedor verde:<\/strong><\/h4>\n\n\n\n<p id=\"block-7bf20544-72ce-41e2-ad1b-071cbf565f38\">Es importante diferenciar el vidrio del cristal. No deben depositarse:<\/p>\n\n\n\n<ul id=\"block-b44a8d46-60d5-4d58-af5c-c2a207610e8a\" class=\"wp-block-list\">\n<li>Bombillas (van al punto limpio).<\/li>\n\n\n\n<li>Espejos, ceniceros, vasos y vajillas (van al punto limpio).<\/li>\n<\/ul>\n\n\n\n<h4 class=\"wp-block-heading\" id=\"block-7217e1f6-bf11-4c5c-83fc-4bf12be5521b\"><strong>Curiosidades del reciclaje en el contenedor verde:<\/strong><\/h4>\n\n\n\n<ul id=\"block-7cdeaa31-f892-4181-b545-ae5fb2d79478\" class=\"wp-block-list\">\n<li>El vidrio puede reciclarse infinitamente sin perder sus propiedades.<\/li>\n<\/ul>\n\n\n\n<h4 class=\"wp-block-heading\" id=\"block-2ddf2e6e-1322-4890-afcc-52a624c1b68e\"><strong>Proceso de reciclaje del contenedor verde:<\/strong><\/h4>\n\n\n\n<ol id=\"block-631f0bd8-e254-4bfc-880d-217d5fb7bc96\" class=\"wp-block-list\">\n<li><strong>Recogida y transporte:<\/strong> Los camiones recogen el vidrio y lo llevan a las plantas de tratamiento.<\/li>\n\n\n\n<li><strong>Separaci\u00f3n de impurezas:<\/strong> Se separa el material de impurezas (restos de l\u00edquidos, tapones, corchos).<\/li>\n\n\n\n<li><strong>Clasificaci\u00f3n y limpieza:<\/strong> Se clasifica el vidrio seg\u00fan el tipo y se eliminan impurezas con chorros de agua.<\/li>\n\n\n\n<li><strong>Trituraci\u00f3n:<\/strong> El vidrio se tritura, convirti\u00e9ndose en calc\u00edn.<\/li>\n<\/ol>\n\n\n\n<p id=\"block-7e4bed8d-921a-4ead-85e1-de17d7555907\"><\/p>\n\n\n\n<h3 class=\"wp-block-heading has-medium-font-size\" id=\"block-5311f8c1-47e9-46ec-8370-da16a84194fe\"><strong>Contenedor Marr\u00f3n (Org\u00e1nico): Restos de Alimentos<\/strong><\/h3>\n\n\n\n<p id=\"block-992704ad-7ab2-413e-913b-10749ea727a2\">El contenedor marr\u00f3n est\u00e1 destinado a los restos de alimentos.<\/p>\n\n\n\n<h4 class=\"wp-block-heading\" id=\"block-b443fa48-0856-4a15-a757-d30d12e896e0\"><strong>\u00bfQu\u00e9 tirar en el contenedor marr\u00f3n?<\/strong><\/h4>\n\n\n\n<ul id=\"block-0dc62699-2f33-4ef5-9a58-04735e45a6c7\" class=\"wp-block-list\">\n<li>Restos de alimentos (pieles de frutas, espinas de pescado, plantas, c\u00e1scaras de huevo, posos).<\/li>\n\n\n\n<li>Servilletas y papel de cocina usados.<\/li>\n<\/ul>\n\n\n\n<h4 class=\"wp-block-heading\" id=\"block-1f7704ec-770d-473f-a0f5-bd37f3c07b45\"><strong>Errores m\u00e1s comunes en el contenedor marr\u00f3n:<\/strong><\/h4>\n\n\n\n<ul id=\"block-46c2158d-8402-4adb-ac99-be13cfee10ad\" class=\"wp-block-list\">\n<li>Restos no org\u00e1nicos (objetos de cer\u00e1mica, pa\u00f1ales, colillas, chicles, toallitas h\u00famedas, arena para mascotas, pelo, polvo, etc.).<\/li>\n<\/ul>\n\n\n\n<h4 class=\"wp-block-heading\" id=\"block-15288b9d-0f00-43bf-896c-74d9a75f564a\"><strong>Curiosidades del reciclaje org\u00e1nico:<\/strong><\/h4>\n\n\n\n<ul id=\"block-7123b016-c701-48b3-9734-a53ac838256f\" class=\"wp-block-list\">\n<li>Con los restos del contenedor marr\u00f3n se puede hacer compost, un biorresiduo que puede usarse como fertilizante o generador de energ\u00eda.<\/li>\n\n\n\n<li>M\u00e1s del 40% de nuestras bolsas de basura incluyen bioresiduos que son cien por cien aprovechables.<\/li>\n<\/ul>\n\n\n\n<h4 class=\"wp-block-heading\" id=\"block-3ebd15ca-d4b9-4146-803e-ecb5b35d69d1\"><strong>Proceso del reciclaje org\u00e1nico:<\/strong><\/h4>\n\n\n\n<ol id=\"block-261518c3-0b39-4571-bd13-74aaa2c278e0\" class=\"wp-block-list\">\n<li><strong>Recogida y compostaje:<\/strong> Los residuos se llevan a una compostadora.<\/li>\n\n\n\n<li><strong>Proceso de compostaje:<\/strong> Se controla la temperatura, humedad y ox\u00edgeno para imitar el proceso natural.<\/li>\n\n\n\n<li><strong>Obtenci\u00f3n de compost:<\/strong> Despu\u00e9s de 6 a 12 meses, se obtiene compost, que puede usarse como abono.<\/li>\n<\/ol>\n\n\n\n<p id=\"block-d223e369-56d7-453b-bc0a-cb82ea27524f\"><\/p>\n\n\n\n<h3 class=\"wp-block-heading has-medium-font-size\" id=\"block-313e1c7b-db5b-4681-85b6-a3f55910d481\"><strong>Contenedor Gris (Restos): Residuos No Reciclables<\/strong><\/h3>\n\n\n\n<p id=\"block-fe947336-2d91-4e58-afa4-82711943d8f7\">El contenedor gris est\u00e1 destinado a los residuos que no se reciclan ni pueden usarse para hacer compost.<\/p>\n\n\n\n<h4 class=\"wp-block-heading\" id=\"block-70998c45-da55-4869-a135-d44fa8e270f5\"><strong>\u00bfQu\u00e9 tirar en el contenedor gris?<\/strong><\/h4>\n\n\n\n<ul id=\"block-63e858fc-b8b8-4fde-b37f-8d0416d24c8b\" class=\"wp-block-list\">\n<li>Juguetes, biberones, chupetes, utensilios de cocina, pa\u00f1ales, objetos cer\u00e1micos, compresas, arena para mascotas, pelo, polvo, colillas, etc.<\/li>\n<\/ul>\n\n\n\n<h4 class=\"wp-block-heading\" id=\"block-398bfc91-cab0-4830-9ece-63afda6c40ae\"><strong>Curiosidades del contenedor gris:<\/strong><\/h4>\n\n\n\n<ul id=\"block-46d5ba06-ffa3-4fe8-9a09-db623002bbc5\" class=\"wp-block-list\">\n<li>Los camiones de recogida tienen un sistema compartimental para recoger diferentes residuos sin que se mezclen.<\/li>\n<\/ul>\n\n\n\n<h4 class=\"wp-block-heading\" id=\"block-c575f06c-637d-4090-bdb2-a4e02d04e657\"><strong>Proceso de reciclaje del contenedor gris:<\/strong><\/h4>\n\n\n\n<ul id=\"block-944d5a71-34fa-401a-b189-16279816417f\" class=\"wp-block-list\">\n<li>Los residuos se depositan en vertederos o rellenos sanitarios, donde se compactan y se cubren con tierra.<\/li>\n<\/ul>\n\n\n\n<p id=\"block-77caf75c-e884-497a-bca9-d449b071092d\"><\/p>\n\n\n\n<h3 class=\"wp-block-heading has-medium-font-size\" id=\"block-1a1c343f-cf4a-492a-ac3e-713f47d7d8e8\"><strong>Punto Limpio: Residuos Especiales<\/strong><\/h3>\n\n\n\n<p id=\"block-41fb0576-4633-4df0-8a41-1f93b582ffb5\">Los puntos limpios son instalaciones donde se recogen y almacenan temporalmente residuos que no pueden tirarse en los contenedores convencionales.<\/p>\n\n\n\n<h4 class=\"wp-block-heading\" id=\"block-31c68e9d-18bf-48f5-b39d-f63efd1e0623\"><strong>\u00bfQu\u00e9 hay que llevar al punto limpio?<\/strong><\/h4>\n\n\n\n<ul id=\"block-514cf421-fcac-47ca-bfad-6c19b016b11f\" class=\"wp-block-list\">\n<li>Pilas, bater\u00edas.<\/li>\n\n\n\n<li>Electrodom\u00e9sticos.<\/li>\n\n\n\n<li>Restos de pintura.<\/li>\n\n\n\n<li>Aceites (de cocina y de motor).<\/li>\n\n\n\n<li>Hal\u00f3genos y l\u00e1mparas fluorescentes.<\/li>\n\n\n\n<li>Muebles y objetos voluminosos.<\/li>\n\n\n\n<li>Aerosoles y productos qu\u00edmicos.<\/li>\n\n\n\n<li>Medicamentos.<\/li>\n\n\n\n<li>Escombros.<\/li>\n\n\n\n<li>Chatarra.<\/li>\n\n\n\n<li>Colchones.<\/li>\n\n\n\n<li>Term\u00f3metros.<\/li>\n\n\n\n<li>Radiograf\u00edas.<\/li>\n<\/ul>\n\n\n\n<h4 class=\"wp-block-heading\" id=\"block-f7235e91-7548-4472-a60d-956d17db3473\"><strong>\u00bfQu\u00e9 objetos se reciclan en el punto limpio?<\/strong><\/h4>\n\n\n\n<ul id=\"block-106d08cf-b997-44cc-95aa-adc160b6690a\" class=\"wp-block-list\">\n<li>Muebles.<\/li>\n\n\n\n<li>M\u00f3viles.<\/li>\n\n\n\n<li>Electrodom\u00e9sticos.<\/li>\n\n\n\n<li>Ordenadores.<\/li>\n\n\n\n<li>CDs.<\/li>\n\n\n\n<li>Pilas y bater\u00edas.<\/li>\n\n\n\n<li>Espejos.<\/li>\n\n\n\n<li>Cartuchos de tinta.<\/li>\n\n\n\n<li>Impresoras.<\/li>\n\n\n\n<li>C\u00e1maras de fotos.<\/li>\n<\/ul>\n\n\n\n<h4 class=\"wp-block-heading\" id=\"block-e4e25f18-f69f-42d5-994e-3cfa3c6a08d7\"><strong>Errores m\u00e1s comunes en el punto limpio:<\/strong><\/h4>\n\n\n\n<ul id=\"block-1a8d9509-272a-4d49-b77a-7e9b61001022\" class=\"wp-block-list\">\n<li>No todos los puntos limpios aceptan los mismos objetos, por lo que es importante informarse.<\/li>\n<\/ul>\n\n\n\n<h4 class=\"wp-block-heading\" id=\"block-5a06075d-679b-49c4-924d-d9be60a37cc5\"><strong>Materiales no admitidos en los puntos limpios:<\/strong><\/h4>\n\n\n\n<ul id=\"block-40b212a5-4e22-49d0-a534-fdf8bab6015f\" class=\"wp-block-list\">\n<li>Residuos org\u00e1nicos.<\/li>\n\n\n\n<li>Materiales radioactivos.<\/li>\n\n\n\n<li>Residuos infecciosos.<\/li>\n\n\n\n<li>Neum\u00e1ticos.<\/li>\n\n\n\n<li>Materiales explosivos.<\/li>\n\n\n\n<li>Residuos sin identificar o sin segregar.<\/li>\n<\/ul>\n\n\n\n<h4 class=\"wp-block-heading\" id=\"block-a67ae090-1d23-4b2e-a5dc-d05bf22d4121\"><strong>Proceso de reciclaje en el punto limpio:<\/strong><\/h4>\n\n\n\n<ul id=\"block-31357178-f100-436a-a151-4f572438be17\" class=\"wp-block-list\">\n<li>Los residuos se trasladan a instalaciones de reciclaje o se tratan y eliminan adecuadamente.<\/li>\n<\/ul>\n\n\n\n<h2 class=\"wp-block-heading\" id=\"block-3b39fe63-65a9-4679-bf67-54589adc4efd\"><strong>Ecoembes: Impulsando la Econom\u00eda Circular<\/strong><\/h2>\n\n\n\n<p id=\"block-ae816c2a-bc31-4e90-a82a-e21cab25c262\">Ecoembes es una organizaci\u00f3n que promueve las 3R (Reducir, Reutilizar, Reciclar) para fomentar la sostenibilidad y la circularidad de los envases.<\/p>\n\n\n\n<ul id=\"block-38ed6d68-718e-4021-b00a-419080167cb0\" class=\"wp-block-list\">\n<li><strong>Reduce:<\/strong> Fomentar un consumo consciente y responsable.<\/li>\n\n\n\n<li><strong>Reutiliza:<\/strong> Dar una segunda vida a los envases para reducir residuos y conservar recursos.<\/li>\n\n\n\n<li><strong>Recicla:<\/strong> Convertir los residuos en nueva materia prima para reducir la huella ecol\u00f3gica y ahorrar energ\u00eda.<\/li>\n<\/ul>\n\n\n\n<h2 class=\"wp-block-heading\"><strong>Conclusi\u00f3n<\/strong><\/h2>\n\n\n\n<p id=\"block-297a2896-3533-4eb9-8281-a76403fe271b\">El Real Decreto 1055\/2022 representa un avance importante hacia un modelo m\u00e1s sostenible en la gesti\u00f3n de envases en Espa\u00f1a. Esta normativa no solo busca minimizar el impacto medioambiental, sino tambi\u00e9n acelerar la transici\u00f3n hacia un modelo de econom\u00eda circular en beneficio de toda la sociedad. La colaboraci\u00f3n entre empresas, consumidores y administraciones p\u00fablicas es fundamental para el \u00e9xito de esta normativa y para construir un futuro m\u00e1s sostenible.<\/p>\n\n\n\n<figure class=\"wp-block-image size-large\"><img loading=\"lazy\" decoding=\"async\" width=\"1024\" height=\"576\" src=\"https:\/\/jeyjo.es\/blog\/wp-content\/uploads\/2025\/03\/pexels-artempodrez-6990603-1024x576.jpg\" alt=\"\" class=\"wp-image-2105\" srcset=\"https:\/\/jeyjo.es\/blog\/wp-content\/uploads\/2025\/03\/pexels-artempodrez-6990603-1024x576.jpg 1024w, https:\/\/jeyjo.es\/blog\/wp-content\/uploads\/2025\/03\/pexels-artempodrez-6990603-300x169.jpg 300w, https:\/\/jeyjo.es\/blog\/wp-content\/uploads\/2025\/03\/pexels-artempodrez-6990603-768x432.jpg 768w, https:\/\/jeyjo.es\/blog\/wp-content\/uploads\/2025\/03\/pexels-artempodrez-6990603-1536x864.jpg 1536w, https:\/\/jeyjo.es\/blog\/wp-content\/uploads\/2025\/03\/pexels-artempodrez-6990603-2048x1152.jpg 2048w\" sizes=\"auto, (max-width: 1024px) 100vw, 1024px\" \/><\/figure>\n","protected":false},"excerpt":{"rendered":"<p class=\"text-justify\">La sostenibilidad se ha convertido en una prioridad global, y la gesti\u00f3n de envases y residuos juega un papel crucial en este [&hellip;]<\/p>\n","protected":false},"author":1,"featured_media":2106,"comment_status":"open","ping_status":"open","sticky":false,"template":"","format":"standard","meta":{"footnotes":""},"categories":[11],"tags":[1121,1119,982,1120,1114,1116,1126,1117,1118,76,1122,1115,1124,1125,1123],"class_list":["post-2113","post","type-post","status-publish","format-standard","has-post-thumbnail","hentry","category-noticias","tag-contenedores-de-reciclaje","tag-ecoembes","tag-economia-circular","tag-envases","tag-etiquetado-de-envases","tag-gestion-de-envases","tag-impacto-ambiental","tag-nueva-normativa-etiquetado","tag-real-decreto-1055-2022","tag-reciclaje","tag-reciclaje-de-papel","tag-reciclaje-de-plastico","tag-reciclaje-de-vidrio","tag-residuos-organicos","tag-sostenibilidad-empresarial"],"yoast_head":"<!-- This site is optimized with the Yoast SEO plugin v27.5 - https:\/\/yoast.com\/product\/yoast-seo-wordpress\/ -->\n<title>Nueva Normativa de Etiquetado y Gesti\u00f3n de Envases: Gu\u00eda Completa para Empresas y Consumidores. Real Decreto 1055\/2022 - Jeyjo<\/title>\n<meta name=\"description\" content=\"Descubre la nueva normativa de etiquetado de envases en Espa\u00f1a (Real Decreto 1055\/2022): obligaciones, contenedores de reciclaje, impacto en empresas y consumidores, y c\u00f3mo reciclar correctamente. \u00a1Inf\u00f3rmate y contribuye a la sostenibilidad!\" \/>\n<meta name=\"robots\" content=\"index, follow, max-snippet:-1, max-image-preview:large, max-video-preview:-1\" \/>\n<link rel=\"canonical\" href=\"https:\/\/jeyjo.es\/blog\/index.php\/2025\/03\/26\/nueva-normativa-de-etiquetado-y-gestion-de-envases-guia-completa-para-empresas-y-consumidores-real-decreto-1055-2022\/\" \/>\n<meta property=\"og:locale\" content=\"es_ES\" \/>\n<meta property=\"og:type\" content=\"article\" \/>\n<meta property=\"og:title\" content=\"Nueva Normativa de Etiquetado y Gesti\u00f3n de Envases: Gu\u00eda Completa para Empresas y Consumidores. Real Decreto 1055\/2022 - Jeyjo\" \/>\n<meta property=\"og:description\" content=\"Descubre la nueva normativa de etiquetado de envases en Espa\u00f1a (Real Decreto 1055\/2022): obligaciones, contenedores de reciclaje, impacto en empresas y consumidores, y c\u00f3mo reciclar correctamente. \u00a1Inf\u00f3rmate y contribuye a la sostenibilidad!\" \/>\n<meta property=\"og:url\" content=\"https:\/\/jeyjo.es\/blog\/index.php\/2025\/03\/26\/nueva-normativa-de-etiquetado-y-gestion-de-envases-guia-completa-para-empresas-y-consumidores-real-decreto-1055-2022\/\" \/>\n<meta property=\"og:site_name\" content=\"Jeyjo\" \/>\n<meta property=\"article:publisher\" content=\"https:\/\/www.facebook.com\/jeyjo.papeleria.9\" \/>\n<meta property=\"article:published_time\" content=\"2025-03-26T17:46:38+00:00\" \/>\n<meta property=\"article:modified_time\" content=\"2025-03-26T17:54:00+00:00\" \/>\n<meta property=\"og:image\" content=\"https:\/\/jeyjo.es\/blog\/wp-content\/uploads\/2025\/03\/pexels-julia-m-cameron-6995367-scaled.jpg\" \/>\n\t<meta property=\"og:image:width\" content=\"2560\" \/>\n\t<meta property=\"og:image:height\" content=\"1707\" \/>\n\t<meta property=\"og:image:type\" content=\"image\/jpeg\" \/>\n<meta name=\"author\" content=\"Jos\u00e9 Antonio\" \/>\n<meta name=\"twitter:card\" content=\"summary_large_image\" \/>\n<meta name=\"twitter:creator\" content=\"@jeyjooficinas\" \/>\n<meta name=\"twitter:site\" content=\"@jeyjooficinas\" \/>\n<meta name=\"twitter:label1\" content=\"Escrito por\" \/>\n\t<meta name=\"twitter:data1\" content=\"Jos\u00e9 Antonio\" \/>\n\t<meta name=\"twitter:label2\" content=\"Tiempo de lectura\" \/>\n\t<meta name=\"twitter:data2\" content=\"11 minutos\" \/>\n<script type=\"application\/ld+json\" class=\"yoast-schema-graph\">{\"@context\":\"https:\\\/\\\/schema.org\",\"@graph\":[{\"@type\":\"Article\",\"@id\":\"https:\\\/\\\/jeyjo.es\\\/blog\\\/index.php\\\/2025\\\/03\\\/26\\\/nueva-normativa-de-etiquetado-y-gestion-de-envases-guia-completa-para-empresas-y-consumidores-real-decreto-1055-2022\\\/#article\",\"isPartOf\":{\"@id\":\"https:\\\/\\\/jeyjo.es\\\/blog\\\/index.php\\\/2025\\\/03\\\/26\\\/nueva-normativa-de-etiquetado-y-gestion-de-envases-guia-completa-para-empresas-y-consumidores-real-decreto-1055-2022\\\/\"},\"author\":{\"name\":\"Jos\u00e9 Antonio\",\"@id\":\"https:\\\/\\\/jeyjo.es\\\/blog\\\/#\\\/schema\\\/person\\\/27b39b68644e2843617b9eb0877b528b\"},\"headline\":\"Nueva Normativa de Etiquetado y Gesti\u00f3n de Envases: Gu\u00eda Completa para Empresas y Consumidores. Real Decreto 1055\\\/2022\",\"datePublished\":\"2025-03-26T17:46:38+00:00\",\"dateModified\":\"2025-03-26T17:54:00+00:00\",\"mainEntityOfPage\":{\"@id\":\"https:\\\/\\\/jeyjo.es\\\/blog\\\/index.php\\\/2025\\\/03\\\/26\\\/nueva-normativa-de-etiquetado-y-gestion-de-envases-guia-completa-para-empresas-y-consumidores-real-decreto-1055-2022\\\/\"},\"wordCount\":2316,\"commentCount\":0,\"publisher\":{\"@id\":\"https:\\\/\\\/jeyjo.es\\\/blog\\\/#organization\"},\"image\":{\"@id\":\"https:\\\/\\\/jeyjo.es\\\/blog\\\/index.php\\\/2025\\\/03\\\/26\\\/nueva-normativa-de-etiquetado-y-gestion-de-envases-guia-completa-para-empresas-y-consumidores-real-decreto-1055-2022\\\/#primaryimage\"},\"thumbnailUrl\":\"https:\\\/\\\/jeyjo.es\\\/blog\\\/wp-content\\\/uploads\\\/2025\\\/03\\\/pexels-julia-m-cameron-6995367-scaled.jpg\",\"keywords\":[\"Contenedores de reciclaje\",\"Ecoembes\",\"Econom\u00eda circular\",\"envases\",\"Etiquetado de envases\",\"Gesti\u00f3n de envases\",\"Impacto ambiental\",\"Nueva normativa etiquetado\",\"Real Decreto 1055\\\/2022\",\"reciclaje\",\"Reciclaje de papel\",\"Reciclaje de pl\u00e1stico\",\"Reciclaje de vidrio\",\"Residuos org\u00e1nicos\",\"Sostenibilidad empresarial\"],\"articleSection\":[\"Noticias\"],\"inLanguage\":\"es\",\"potentialAction\":[{\"@type\":\"CommentAction\",\"name\":\"Comment\",\"target\":[\"https:\\\/\\\/jeyjo.es\\\/blog\\\/index.php\\\/2025\\\/03\\\/26\\\/nueva-normativa-de-etiquetado-y-gestion-de-envases-guia-completa-para-empresas-y-consumidores-real-decreto-1055-2022\\\/#respond\"]}]},{\"@type\":\"WebPage\",\"@id\":\"https:\\\/\\\/jeyjo.es\\\/blog\\\/index.php\\\/2025\\\/03\\\/26\\\/nueva-normativa-de-etiquetado-y-gestion-de-envases-guia-completa-para-empresas-y-consumidores-real-decreto-1055-2022\\\/\",\"url\":\"https:\\\/\\\/jeyjo.es\\\/blog\\\/index.php\\\/2025\\\/03\\\/26\\\/nueva-normativa-de-etiquetado-y-gestion-de-envases-guia-completa-para-empresas-y-consumidores-real-decreto-1055-2022\\\/\",\"name\":\"Nueva Normativa de Etiquetado y Gesti\u00f3n de Envases: Gu\u00eda Completa para Empresas y Consumidores. Real Decreto 1055\\\/2022 - Jeyjo\",\"isPartOf\":{\"@id\":\"https:\\\/\\\/jeyjo.es\\\/blog\\\/#website\"},\"primaryImageOfPage\":{\"@id\":\"https:\\\/\\\/jeyjo.es\\\/blog\\\/index.php\\\/2025\\\/03\\\/26\\\/nueva-normativa-de-etiquetado-y-gestion-de-envases-guia-completa-para-empresas-y-consumidores-real-decreto-1055-2022\\\/#primaryimage\"},\"image\":{\"@id\":\"https:\\\/\\\/jeyjo.es\\\/blog\\\/index.php\\\/2025\\\/03\\\/26\\\/nueva-normativa-de-etiquetado-y-gestion-de-envases-guia-completa-para-empresas-y-consumidores-real-decreto-1055-2022\\\/#primaryimage\"},\"thumbnailUrl\":\"https:\\\/\\\/jeyjo.es\\\/blog\\\/wp-content\\\/uploads\\\/2025\\\/03\\\/pexels-julia-m-cameron-6995367-scaled.jpg\",\"datePublished\":\"2025-03-26T17:46:38+00:00\",\"dateModified\":\"2025-03-26T17:54:00+00:00\",\"description\":\"Descubre la nueva normativa de etiquetado de envases en Espa\u00f1a (Real Decreto 1055\\\/2022): obligaciones, contenedores de reciclaje, impacto en empresas y consumidores, y c\u00f3mo reciclar correctamente. \u00a1Inf\u00f3rmate y contribuye a la sostenibilidad!\",\"breadcrumb\":{\"@id\":\"https:\\\/\\\/jeyjo.es\\\/blog\\\/index.php\\\/2025\\\/03\\\/26\\\/nueva-normativa-de-etiquetado-y-gestion-de-envases-guia-completa-para-empresas-y-consumidores-real-decreto-1055-2022\\\/#breadcrumb\"},\"inLanguage\":\"es\",\"potentialAction\":[{\"@type\":\"ReadAction\",\"target\":[\"https:\\\/\\\/jeyjo.es\\\/blog\\\/index.php\\\/2025\\\/03\\\/26\\\/nueva-normativa-de-etiquetado-y-gestion-de-envases-guia-completa-para-empresas-y-consumidores-real-decreto-1055-2022\\\/\"]}]},{\"@type\":\"ImageObject\",\"inLanguage\":\"es\",\"@id\":\"https:\\\/\\\/jeyjo.es\\\/blog\\\/index.php\\\/2025\\\/03\\\/26\\\/nueva-normativa-de-etiquetado-y-gestion-de-envases-guia-completa-para-empresas-y-consumidores-real-decreto-1055-2022\\\/#primaryimage\",\"url\":\"https:\\\/\\\/jeyjo.es\\\/blog\\\/wp-content\\\/uploads\\\/2025\\\/03\\\/pexels-julia-m-cameron-6995367-scaled.jpg\",\"contentUrl\":\"https:\\\/\\\/jeyjo.es\\\/blog\\\/wp-content\\\/uploads\\\/2025\\\/03\\\/pexels-julia-m-cameron-6995367-scaled.jpg\",\"width\":2560,\"height\":1707,\"caption\":\"Nueva normativa de etiquetado y reciclaje de envases en Espa\u00f1a\"},{\"@type\":\"BreadcrumbList\",\"@id\":\"https:\\\/\\\/jeyjo.es\\\/blog\\\/index.php\\\/2025\\\/03\\\/26\\\/nueva-normativa-de-etiquetado-y-gestion-de-envases-guia-completa-para-empresas-y-consumidores-real-decreto-1055-2022\\\/#breadcrumb\",\"itemListElement\":[{\"@type\":\"ListItem\",\"position\":1,\"name\":\"Portada\",\"item\":\"https:\\\/\\\/jeyjo.es\\\/blog\\\/\"},{\"@type\":\"ListItem\",\"position\":2,\"name\":\"Nueva Normativa de Etiquetado y Gesti\u00f3n de Envases: Gu\u00eda Completa para Empresas y Consumidores. Real Decreto 1055\\\/2022\"}]},{\"@type\":\"WebSite\",\"@id\":\"https:\\\/\\\/jeyjo.es\\\/blog\\\/#website\",\"url\":\"https:\\\/\\\/jeyjo.es\\\/blog\\\/\",\"name\":\"Blog para conocer todo sobre la oficina y el colegio\",\"description\":\"El Blog de tu Oficina - Expertos en Material de Oficina, Papeler\u00eda y Mobiliario\",\"publisher\":{\"@id\":\"https:\\\/\\\/jeyjo.es\\\/blog\\\/#organization\"},\"potentialAction\":[{\"@type\":\"SearchAction\",\"target\":{\"@type\":\"EntryPoint\",\"urlTemplate\":\"https:\\\/\\\/jeyjo.es\\\/blog\\\/?s={search_term_string}\"},\"query-input\":{\"@type\":\"PropertyValueSpecification\",\"valueRequired\":true,\"valueName\":\"search_term_string\"}}],\"inLanguage\":\"es\"},{\"@type\":\"Organization\",\"@id\":\"https:\\\/\\\/jeyjo.es\\\/blog\\\/#organization\",\"name\":\"Jeyjo Material de Oficina\",\"url\":\"https:\\\/\\\/jeyjo.es\\\/blog\\\/\",\"logo\":{\"@type\":\"ImageObject\",\"inLanguage\":\"es\",\"@id\":\"https:\\\/\\\/jeyjo.es\\\/blog\\\/#\\\/schema\\\/logo\\\/image\\\/\",\"url\":\"https:\\\/\\\/jeyjo.es\\\/blog\\\/wp-content\\\/uploads\\\/2023\\\/10\\\/LOGOTIPO-COLOR-cac-150px.jpg\",\"contentUrl\":\"https:\\\/\\\/jeyjo.es\\\/blog\\\/wp-content\\\/uploads\\\/2023\\\/10\\\/LOGOTIPO-COLOR-cac-150px.jpg\",\"width\":1771,\"height\":1006,\"caption\":\"Jeyjo Material de Oficina\"},\"image\":{\"@id\":\"https:\\\/\\\/jeyjo.es\\\/blog\\\/#\\\/schema\\\/logo\\\/image\\\/\"},\"sameAs\":[\"https:\\\/\\\/www.facebook.com\\\/jeyjo.papeleria.9\",\"https:\\\/\\\/x.com\\\/jeyjooficinas\",\"https:\\\/\\\/www.youtube.com\\\/channel\\\/UCUNp2bZMllJUVIAMZYdGZ8Q\",\"https:\\\/\\\/www.instagram.com\\\/jeyjomaterialdeoficina\\\/\",\"https:\\\/\\\/www.linkedin.com\\\/in\\\/jeyjo-material-de-oficina-aba48b49\"]},{\"@type\":\"Person\",\"@id\":\"https:\\\/\\\/jeyjo.es\\\/blog\\\/#\\\/schema\\\/person\\\/27b39b68644e2843617b9eb0877b528b\",\"name\":\"Jos\u00e9 Antonio\",\"image\":{\"@type\":\"ImageObject\",\"inLanguage\":\"es\",\"@id\":\"https:\\\/\\\/secure.gravatar.com\\\/avatar\\\/e8bbcf4f7a3e91ea18ca5e076249495fd4bcbc0c9bd4e3fb6c8294649ec86fcc?s=96&d=mm&r=g\",\"url\":\"https:\\\/\\\/secure.gravatar.com\\\/avatar\\\/e8bbcf4f7a3e91ea18ca5e076249495fd4bcbc0c9bd4e3fb6c8294649ec86fcc?s=96&d=mm&r=g\",\"contentUrl\":\"https:\\\/\\\/secure.gravatar.com\\\/avatar\\\/e8bbcf4f7a3e91ea18ca5e076249495fd4bcbc0c9bd4e3fb6c8294649ec86fcc?s=96&d=mm&r=g\",\"caption\":\"Jos\u00e9 Antonio\"},\"sameAs\":[\"http:\\\/\\\/jeyjo.es\\\/blog\"],\"url\":\"https:\\\/\\\/jeyjo.es\\\/blog\\\/index.php\\\/author\\\/programador\\\/\"}]}<\/script>\n<!-- \/ Yoast SEO plugin. -->","yoast_head_json":{"title":"Nueva Normativa de Etiquetado y Gesti\u00f3n de Envases: Gu\u00eda Completa para Empresas y Consumidores. Real Decreto 1055\/2022 - Jeyjo","description":"Descubre la nueva normativa de etiquetado de envases en Espa\u00f1a (Real Decreto 1055\/2022): obligaciones, contenedores de reciclaje, impacto en empresas y consumidores, y c\u00f3mo reciclar correctamente. \u00a1Inf\u00f3rmate y contribuye a la sostenibilidad!","robots":{"index":"index","follow":"follow","max-snippet":"max-snippet:-1","max-image-preview":"max-image-preview:large","max-video-preview":"max-video-preview:-1"},"canonical":"https:\/\/jeyjo.es\/blog\/index.php\/2025\/03\/26\/nueva-normativa-de-etiquetado-y-gestion-de-envases-guia-completa-para-empresas-y-consumidores-real-decreto-1055-2022\/","og_locale":"es_ES","og_type":"article","og_title":"Nueva Normativa de Etiquetado y Gesti\u00f3n de Envases: Gu\u00eda Completa para Empresas y Consumidores. Real Decreto 1055\/2022 - Jeyjo","og_description":"Descubre la nueva normativa de etiquetado de envases en Espa\u00f1a (Real Decreto 1055\/2022): obligaciones, contenedores de reciclaje, impacto en empresas y consumidores, y c\u00f3mo reciclar correctamente. \u00a1Inf\u00f3rmate y contribuye a la sostenibilidad!","og_url":"https:\/\/jeyjo.es\/blog\/index.php\/2025\/03\/26\/nueva-normativa-de-etiquetado-y-gestion-de-envases-guia-completa-para-empresas-y-consumidores-real-decreto-1055-2022\/","og_site_name":"Jeyjo","article_publisher":"https:\/\/www.facebook.com\/jeyjo.papeleria.9","article_published_time":"2025-03-26T17:46:38+00:00","article_modified_time":"2025-03-26T17:54:00+00:00","og_image":[{"width":2560,"height":1707,"url":"https:\/\/jeyjo.es\/blog\/wp-content\/uploads\/2025\/03\/pexels-julia-m-cameron-6995367-scaled.jpg","type":"image\/jpeg"}],"author":"Jos\u00e9 Antonio","twitter_card":"summary_large_image","twitter_creator":"@jeyjooficinas","twitter_site":"@jeyjooficinas","twitter_misc":{"Escrito por":"Jos\u00e9 Antonio","Tiempo de lectura":"11 minutos"},"schema":{"@context":"https:\/\/schema.org","@graph":[{"@type":"Article","@id":"https:\/\/jeyjo.es\/blog\/index.php\/2025\/03\/26\/nueva-normativa-de-etiquetado-y-gestion-de-envases-guia-completa-para-empresas-y-consumidores-real-decreto-1055-2022\/#article","isPartOf":{"@id":"https:\/\/jeyjo.es\/blog\/index.php\/2025\/03\/26\/nueva-normativa-de-etiquetado-y-gestion-de-envases-guia-completa-para-empresas-y-consumidores-real-decreto-1055-2022\/"},"author":{"name":"Jos\u00e9 Antonio","@id":"https:\/\/jeyjo.es\/blog\/#\/schema\/person\/27b39b68644e2843617b9eb0877b528b"},"headline":"Nueva Normativa de Etiquetado y Gesti\u00f3n de Envases: Gu\u00eda Completa para Empresas y Consumidores. Real Decreto 1055\/2022","datePublished":"2025-03-26T17:46:38+00:00","dateModified":"2025-03-26T17:54:00+00:00","mainEntityOfPage":{"@id":"https:\/\/jeyjo.es\/blog\/index.php\/2025\/03\/26\/nueva-normativa-de-etiquetado-y-gestion-de-envases-guia-completa-para-empresas-y-consumidores-real-decreto-1055-2022\/"},"wordCount":2316,"commentCount":0,"publisher":{"@id":"https:\/\/jeyjo.es\/blog\/#organization"},"image":{"@id":"https:\/\/jeyjo.es\/blog\/index.php\/2025\/03\/26\/nueva-normativa-de-etiquetado-y-gestion-de-envases-guia-completa-para-empresas-y-consumidores-real-decreto-1055-2022\/#primaryimage"},"thumbnailUrl":"https:\/\/jeyjo.es\/blog\/wp-content\/uploads\/2025\/03\/pexels-julia-m-cameron-6995367-scaled.jpg","keywords":["Contenedores de reciclaje","Ecoembes","Econom\u00eda circular","envases","Etiquetado de envases","Gesti\u00f3n de envases","Impacto ambiental","Nueva normativa etiquetado","Real Decreto 1055\/2022","reciclaje","Reciclaje de papel","Reciclaje de pl\u00e1stico","Reciclaje de vidrio","Residuos org\u00e1nicos","Sostenibilidad empresarial"],"articleSection":["Noticias"],"inLanguage":"es","potentialAction":[{"@type":"CommentAction","name":"Comment","target":["https:\/\/jeyjo.es\/blog\/index.php\/2025\/03\/26\/nueva-normativa-de-etiquetado-y-gestion-de-envases-guia-completa-para-empresas-y-consumidores-real-decreto-1055-2022\/#respond"]}]},{"@type":"WebPage","@id":"https:\/\/jeyjo.es\/blog\/index.php\/2025\/03\/26\/nueva-normativa-de-etiquetado-y-gestion-de-envases-guia-completa-para-empresas-y-consumidores-real-decreto-1055-2022\/","url":"https:\/\/jeyjo.es\/blog\/index.php\/2025\/03\/26\/nueva-normativa-de-etiquetado-y-gestion-de-envases-guia-completa-para-empresas-y-consumidores-real-decreto-1055-2022\/","name":"Nueva Normativa de Etiquetado y Gesti\u00f3n de Envases: Gu\u00eda Completa para Empresas y Consumidores. Real Decreto 1055\/2022 - Jeyjo","isPartOf":{"@id":"https:\/\/jeyjo.es\/blog\/#website"},"primaryImageOfPage":{"@id":"https:\/\/jeyjo.es\/blog\/index.php\/2025\/03\/26\/nueva-normativa-de-etiquetado-y-gestion-de-envases-guia-completa-para-empresas-y-consumidores-real-decreto-1055-2022\/#primaryimage"},"image":{"@id":"https:\/\/jeyjo.es\/blog\/index.php\/2025\/03\/26\/nueva-normativa-de-etiquetado-y-gestion-de-envases-guia-completa-para-empresas-y-consumidores-real-decreto-1055-2022\/#primaryimage"},"thumbnailUrl":"https:\/\/jeyjo.es\/blog\/wp-content\/uploads\/2025\/03\/pexels-julia-m-cameron-6995367-scaled.jpg","datePublished":"2025-03-26T17:46:38+00:00","dateModified":"2025-03-26T17:54:00+00:00","description":"Descubre la nueva normativa de etiquetado de envases en Espa\u00f1a (Real Decreto 1055\/2022): obligaciones, contenedores de reciclaje, impacto en empresas y consumidores, y c\u00f3mo reciclar correctamente. \u00a1Inf\u00f3rmate y contribuye a la sostenibilidad!","breadcrumb":{"@id":"https:\/\/jeyjo.es\/blog\/index.php\/2025\/03\/26\/nueva-normativa-de-etiquetado-y-gestion-de-envases-guia-completa-para-empresas-y-consumidores-real-decreto-1055-2022\/#breadcrumb"},"inLanguage":"es","potentialAction":[{"@type":"ReadAction","target":["https:\/\/jeyjo.es\/blog\/index.php\/2025\/03\/26\/nueva-normativa-de-etiquetado-y-gestion-de-envases-guia-completa-para-empresas-y-consumidores-real-decreto-1055-2022\/"]}]},{"@type":"ImageObject","inLanguage":"es","@id":"https:\/\/jeyjo.es\/blog\/index.php\/2025\/03\/26\/nueva-normativa-de-etiquetado-y-gestion-de-envases-guia-completa-para-empresas-y-consumidores-real-decreto-1055-2022\/#primaryimage","url":"https:\/\/jeyjo.es\/blog\/wp-content\/uploads\/2025\/03\/pexels-julia-m-cameron-6995367-scaled.jpg","contentUrl":"https:\/\/jeyjo.es\/blog\/wp-content\/uploads\/2025\/03\/pexels-julia-m-cameron-6995367-scaled.jpg","width":2560,"height":1707,"caption":"Nueva normativa de etiquetado y reciclaje de envases en Espa\u00f1a"},{"@type":"BreadcrumbList","@id":"https:\/\/jeyjo.es\/blog\/index.php\/2025\/03\/26\/nueva-normativa-de-etiquetado-y-gestion-de-envases-guia-completa-para-empresas-y-consumidores-real-decreto-1055-2022\/#breadcrumb","itemListElement":[{"@type":"ListItem","position":1,"name":"Portada","item":"https:\/\/jeyjo.es\/blog\/"},{"@type":"ListItem","position":2,"name":"Nueva Normativa de Etiquetado y Gesti\u00f3n de Envases: Gu\u00eda Completa para Empresas y Consumidores. Real Decreto 1055\/2022"}]},{"@type":"WebSite","@id":"https:\/\/jeyjo.es\/blog\/#website","url":"https:\/\/jeyjo.es\/blog\/","name":"Blog para conocer todo sobre la oficina y el colegio","description":"El Blog de tu Oficina - Expertos en Material de Oficina, Papeler\u00eda y Mobiliario","publisher":{"@id":"https:\/\/jeyjo.es\/blog\/#organization"},"potentialAction":[{"@type":"SearchAction","target":{"@type":"EntryPoint","urlTemplate":"https:\/\/jeyjo.es\/blog\/?s={search_term_string}"},"query-input":{"@type":"PropertyValueSpecification","valueRequired":true,"valueName":"search_term_string"}}],"inLanguage":"es"},{"@type":"Organization","@id":"https:\/\/jeyjo.es\/blog\/#organization","name":"Jeyjo Material de Oficina","url":"https:\/\/jeyjo.es\/blog\/","logo":{"@type":"ImageObject","inLanguage":"es","@id":"https:\/\/jeyjo.es\/blog\/#\/schema\/logo\/image\/","url":"https:\/\/jeyjo.es\/blog\/wp-content\/uploads\/2023\/10\/LOGOTIPO-COLOR-cac-150px.jpg","contentUrl":"https:\/\/jeyjo.es\/blog\/wp-content\/uploads\/2023\/10\/LOGOTIPO-COLOR-cac-150px.jpg","width":1771,"height":1006,"caption":"Jeyjo Material de Oficina"},"image":{"@id":"https:\/\/jeyjo.es\/blog\/#\/schema\/logo\/image\/"},"sameAs":["https:\/\/www.facebook.com\/jeyjo.papeleria.9","https:\/\/x.com\/jeyjooficinas","https:\/\/www.youtube.com\/channel\/UCUNp2bZMllJUVIAMZYdGZ8Q","https:\/\/www.instagram.com\/jeyjomaterialdeoficina\/","https:\/\/www.linkedin.com\/in\/jeyjo-material-de-oficina-aba48b49"]},{"@type":"Person","@id":"https:\/\/jeyjo.es\/blog\/#\/schema\/person\/27b39b68644e2843617b9eb0877b528b","name":"Jos\u00e9 Antonio","image":{"@type":"ImageObject","inLanguage":"es","@id":"https:\/\/secure.gravatar.com\/avatar\/e8bbcf4f7a3e91ea18ca5e076249495fd4bcbc0c9bd4e3fb6c8294649ec86fcc?s=96&d=mm&r=g","url":"https:\/\/secure.gravatar.com\/avatar\/e8bbcf4f7a3e91ea18ca5e076249495fd4bcbc0c9bd4e3fb6c8294649ec86fcc?s=96&d=mm&r=g","contentUrl":"https:\/\/secure.gravatar.com\/avatar\/e8bbcf4f7a3e91ea18ca5e076249495fd4bcbc0c9bd4e3fb6c8294649ec86fcc?s=96&d=mm&r=g","caption":"Jos\u00e9 Antonio"},"sameAs":["http:\/\/jeyjo.es\/blog"],"url":"https:\/\/jeyjo.es\/blog\/index.php\/author\/programador\/"}]}},"_links":{"self":[{"href":"https:\/\/jeyjo.es\/blog\/index.php\/wp-json\/wp\/v2\/posts\/2113","targetHints":{"allow":["GET"]}}],"collection":[{"href":"https:\/\/jeyjo.es\/blog\/index.php\/wp-json\/wp\/v2\/posts"}],"about":[{"href":"https:\/\/jeyjo.es\/blog\/index.php\/wp-json\/wp\/v2\/types\/post"}],"author":[{"embeddable":true,"href":"https:\/\/jeyjo.es\/blog\/index.php\/wp-json\/wp\/v2\/users\/1"}],"replies":[{"embeddable":true,"href":"https:\/\/jeyjo.es\/blog\/index.php\/wp-json\/wp\/v2\/comments?post=2113"}],"version-history":[{"count":2,"href":"https:\/\/jeyjo.es\/blog\/index.php\/wp-json\/wp\/v2\/posts\/2113\/revisions"}],"predecessor-version":[{"id":2116,"href":"https:\/\/jeyjo.es\/blog\/index.php\/wp-json\/wp\/v2\/posts\/2113\/revisions\/2116"}],"wp:featuredmedia":[{"embeddable":true,"href":"https:\/\/jeyjo.es\/blog\/index.php\/wp-json\/wp\/v2\/media\/2106"}],"wp:attachment":[{"href":"https:\/\/jeyjo.es\/blog\/index.php\/wp-json\/wp\/v2\/media?parent=2113"}],"wp:term":[{"taxonomy":"category","embeddable":true,"href":"https:\/\/jeyjo.es\/blog\/index.php\/wp-json\/wp\/v2\/categories?post=2113"},{"taxonomy":"post_tag","embeddable":true,"href":"https:\/\/jeyjo.es\/blog\/index.php\/wp-json\/wp\/v2\/tags?post=2113"}],"curies":[{"name":"wp","href":"https:\/\/api.w.org\/{rel}","templated":true}]}}