{"id":2068,"date":"2025-02-26T13:31:27","date_gmt":"2025-02-26T12:31:27","guid":{"rendered":"https:\/\/jeyjo.es\/blog\/?p=2068"},"modified":"2025-02-26T13:31:29","modified_gmt":"2025-02-26T12:31:29","slug":"reciclaje-en-espana-informe-2024-y-claves-para-la-sostenibilidad","status":"publish","type":"post","link":"https:\/\/jeyjo.es\/blog\/index.php\/2025\/02\/26\/reciclaje-en-espana-informe-2024-y-claves-para-la-sostenibilidad\/","title":{"rendered":"Reciclaje en Espa\u00f1a: Informe 2024 y claves para la sostenibilidad"},"content":{"rendered":"\n<p>El informe anual de reciclaje de 2024 que se ha presentado recientemente por la empresa Recyclia presenta un an\u00e1lisis exhaustivo de las tendencias y cifras clave en la industria del reciclaje de Residuos de Aparatos El\u00e9ctricos y Electr\u00f3nicos (RAEE) y pilas en Espa\u00f1a. Este resumen se centra especialmente en aquellos aspectos relevantes para el material de oficina, como impresoras, fotocopiadoras, t\u00f3ners, cartuchos de tinta y papel; pero en el informe se presentan m\u00e1s tipos de RAEE.<\/p>\n\n\n\n<h2 class=\"wp-block-heading\"><strong>Cifras Clave del Reciclaje de RAEE y Pilas en Espa\u00f1a<\/strong><\/h2>\n\n\n\n<p>En 2023, la cantidad de Aparatos El\u00e9ctricos y Electr\u00f3nicos (AEE) introducidos en el mercado espa\u00f1ol experiment\u00f3 un aumento del 66,6% en comparaci\u00f3n con el a\u00f1o anterior. Este incremento se atribuye, en parte, a la implementaci\u00f3n del Real Decreto 993\/2022, que ha fortalecido los controles en el registro de operadores y flujos procedentes de terceros pa\u00edses.<\/p>\n\n\n\n<p>El segmento de AEE de uso dom\u00e9stico, que representa el 59,2% del total comercializado, creci\u00f3 un 27% interanual en 2023. Dentro de esta categor\u00eda, destacan los \u00abpeque\u00f1os aparatos\u00bb, que incluyen una variedad de dispositivos electr\u00f3nicos de oficina como impresoras dom\u00e9sticas, esc\u00e1neres y otros perif\u00e9ricos.<\/p>\n\n\n\n<p>Los AEE de uso profesional tambi\u00e9n mostraron un incremento significativo del 205% en el \u00faltimo a\u00f1o. Al igual que en el segmento dom\u00e9stico, los \u00abpeque\u00f1os aparatos\u00bb fueron los principales impulsores de este crecimiento, con un aumento del 301%. Este dato subraya la creciente presencia de dispositivos electr\u00f3nicos en entornos de oficina y la importancia de su correcta gesti\u00f3n al final de su vida \u00fatil.<\/p>\n\n\n\n<p>En cuanto a las toneladas de AEE puestas en el mercado, se registr\u00f3 un aumento del 18% en 2023, alcanzando las 1.538 kilotoneladas. Este incremento se debe principalmente al segmento profesional, donde los aparatos de inform\u00e1tica y telecomunicaciones, as\u00ed como los paneles fotovoltaicos grandes, experimentaron un crecimiento notable.<\/p>\n\n\n\n<h2 class=\"wp-block-heading\"><strong>Recogida y Reciclaje de RAEE<\/strong><\/h2>\n\n\n\n<p>En 2021, se recogieron en Espa\u00f1a 413,3 kilotoneladas de RAEE, lo que representa un aumento del 5% con respecto al a\u00f1o anterior. Sin embargo, la tasa de recogida se situ\u00f3 en el 47,8%, por debajo del objetivo fijado por la Comisi\u00f3n Europea del 65%.<\/p>\n\n\n\n<p>A pesar de ello, la recogida de RAEE en Espa\u00f1a creci\u00f3 m\u00e1s del 11% entre 2019 y 2021, superando la media europea. Este dato refleja el esfuerzo realizado en la gesti\u00f3n de residuos electr\u00f3nicos, aunque todav\u00eda existe margen de mejora para alcanzar los objetivos establecidos.<\/p>\n\n\n\n<h2 class=\"wp-block-heading\"><strong>Pilas, Bater\u00edas y Acumuladores<\/strong><\/h2>\n\n\n\n<p>El mercado de pilas, bater\u00edas y acumuladores port\u00e1tiles se mantuvo estable en 2023, con un ligero descenso del 1,23% en peso. Mientras que los acumuladores port\u00e1tiles registraron un crecimiento positivo, las pilas est\u00e1ndar disminuyeron su presencia en el mercado.<\/p>\n\n\n\n<p>Las pilas, acumuladores y bater\u00edas de automoci\u00f3n crecieron un 11% en 2023, en l\u00ednea con el aumento de las matriculaciones de veh\u00edculos. Por otro lado, las pilas, acumuladores y bater\u00edas industriales consolidaron su recuperaci\u00f3n postpandemia, con un aumento del 19% en volumen y del 18% en toneladas.<\/p>\n\n\n\n<p>En 2021, la recogida y reciclaje de residuos de pilas y acumuladores alcanz\u00f3 un m\u00e1ximo hist\u00f3rico, con un crecimiento del 8% en toneladas recogidas con respecto al a\u00f1o anterior.<\/p>\n\n\n\n<h2 class=\"wp-block-heading\"><strong>Peso Econ\u00f3mico del Sector del Reciclaje<\/strong><\/h2>\n\n\n\n<p>En 2023, la actividad de las empresas dedicadas al reciclaje de RAEE y pilas contribuy\u00f3 con 1.360 millones de euros al Valor A\u00f1adido Bruto (VAB) de la econom\u00eda espa\u00f1ola. Adem\u00e1s, este sector gener\u00f3 alrededor de 23.500 puestos de trabajo equivalentes a tiempo completo.<\/p>\n\n\n\n<p>La contribuci\u00f3n directa a las arcas p\u00fablicas de las empresas de reciclaje super\u00f3 los 230 millones de euros, incluyendo cotizaciones sociales e impuestos como el IVA, el IRPF y el Impuesto de Sociedades.<\/p>\n\n\n\n<h2 class=\"wp-block-heading\"><strong>Dependencia de Materias Primas Fundamentales<\/strong><\/h2>\n\n\n\n<p>El reciclaje desempe\u00f1a un papel crucial en la cadena de suministro de materias primas fundamentales, reduciendo la dependencia de fuentes externas. La Ley Europea de Materias Primas Fundamentales establece que, para 2030, al menos el 25% del consumo anual de materias primas estrat\u00e9gicas en la UE deber\u00e1 cubrirse con reciclado.<\/p>\n\n\n\n<p>Espa\u00f1a es totalmente dependiente del exterior en el suministro de materias primas como el aluminio y el n\u00edquel, presentes en muchos dispositivos de oficina. La concentraci\u00f3n de importaciones en pocos pa\u00edses proveedores aumenta el riesgo de interrupciones en la cadena de suministro.<\/p>\n\n\n\n<h2 class=\"wp-block-heading\"><strong>Previsiones de Recogida y Reciclaje de Materias Primas Cr\u00edticas<\/strong><\/h2>\n\n\n\n<p>Los aparatos el\u00e9ctricos y electr\u00f3nicos contienen una amplia variedad de materias primas cr\u00edticas, como cobre, aluminio, n\u00edquel, oro, plata, platino, manganeso, litio y cobalto. La recuperaci\u00f3n de estos materiales es esencial para la sostenibilidad y la econom\u00eda circular.<\/p>\n\n\n\n<p>Se espera que la cadena de valor del reciclaje de RAEE en Espa\u00f1a ponga en el mercado cantidades crecientes de materias primas secundarias. Para 2030, se estima que las toneladas de aluminio y n\u00edquel recicladas equivaldr\u00e1n al 7,4% y 9,5% de la demanda para la fabricaci\u00f3n de nuevos aparatos, respectivamente.<\/p>\n\n\n\n<h2 class=\"wp-block-heading\"><strong>Retos y Oportunidades para el Sector del Reciclaje<\/strong><\/h2>\n\n\n\n<p>El sector del reciclaje enfrenta desaf\u00edos importantes, como la necesidad de aumentar la masa cr\u00edtica de residuos y mejorar la eficiencia de los procesos de recuperaci\u00f3n. La heterogeneidad en la composici\u00f3n de los RAEE y la variabilidad en el tiempo dificultan el tratamiento y reciclaje.<\/p>\n\n\n\n<p>La Inteligencia Artificial y la rob\u00f3tica ofrecen soluciones prometedoras para la identificaci\u00f3n y selecci\u00f3n de materiales. El ecodise\u00f1o y la trazabilidad tambi\u00e9n son fundamentales para facilitar el reciclaje eficiente.<\/p>\n\n\n\n<p>La introducci\u00f3n del pasaporte digital de bater\u00edas, que ser\u00e1 obligatorio a partir de 2027, mejorar\u00e1 la trazabilidad y recuperaci\u00f3n de materiales en las bater\u00edas de veh\u00edculos el\u00e9ctricos.<\/p>\n\n\n\n<p><strong>Recomendaciones<\/strong><\/p>\n\n\n\n<ul class=\"wp-block-list\">\n<li><strong>Fomentar la recogida selectiva de RAEE:<\/strong> Es fundamental aumentar la concienciaci\u00f3n y facilitar la recogida selectiva de residuos electr\u00f3nicos en hogares y oficinas.<\/li>\n\n\n\n<li><strong>Impulsar el ecodise\u00f1o:<\/strong> Los fabricantes deben dise\u00f1ar productos que faciliten su desmontaje y reciclaje al final de su vida \u00fatil.<\/li>\n\n\n\n<li><strong>Invertir en tecnolog\u00edas de reciclaje:<\/strong> Es necesario apoyar la investigaci\u00f3n y el desarrollo de tecnolog\u00edas innovadoras para la recuperaci\u00f3n de materias primas cr\u00edticas.<\/li>\n\n\n\n<li><strong>Promover la econom\u00eda circular:<\/strong> Se deben establecer modelos de negocio que fomenten la reutilizaci\u00f3n y reparaci\u00f3n de aparatos electr\u00f3nicos, reduciendo la generaci\u00f3n de residuos.<\/li>\n\n\n\n<li><strong>Establecer alianzas:<\/strong> La colaboraci\u00f3n entre empresas, administraciones p\u00fablicas y centros de investigaci\u00f3n es clave para impulsar el reciclaje y la econom\u00eda circular.<\/li>\n<\/ul>\n\n\n<div class=\"wp-block-image\">\n<figure class=\"aligncenter size-full\"><img loading=\"lazy\" decoding=\"async\" width=\"626\" height=\"351\" src=\"https:\/\/jeyjo.es\/blog\/wp-content\/uploads\/2025\/02\/imagen-8.png\" alt=\"\" class=\"wp-image-2070\" srcset=\"https:\/\/jeyjo.es\/blog\/wp-content\/uploads\/2025\/02\/imagen-8.png 626w, https:\/\/jeyjo.es\/blog\/wp-content\/uploads\/2025\/02\/imagen-8-300x168.png 300w\" sizes=\"auto, (max-width: 626px) 100vw, 626px\" \/><\/figure>\n<\/div>\n\n\n<p><\/p>\n\n\n\n<h2 class=\"wp-block-heading\"><strong>\u00bfQue ocurre con los cartuchos de tinta y de toner?<\/strong><\/h2>\n\n\n\n<p>Los cartuchos de tinta y t\u00f3ner son productos complejos que contienen una variedad de materiales, incluyendo pl\u00e1sticos, metales y tintas o t\u00f3neres. Debido a su composici\u00f3n, se consideran Residuos de Aparatos El\u00e9ctricos y Electr\u00f3nicos (RAEE) cuando llegan al final de su vida \u00fatil.<\/p>\n\n\n\n<p><strong>\u00bfPor qu\u00e9 es importante reciclar los cartuchos de tinta y t\u00f3ner?<\/strong><\/p>\n\n\n\n<ul class=\"wp-block-list\">\n<li><strong>Reducci\u00f3n de residuos:<\/strong> El reciclaje de cartuchos de tinta y t\u00f3ner ayuda a reducir la cantidad de residuos que se env\u00edan a los vertederos.<\/li>\n\n\n\n<li><strong>Conservaci\u00f3n de recursos:<\/strong> El reciclaje permite recuperar materiales valiosos como pl\u00e1sticos y metales, que pueden reutilizarse en la fabricaci\u00f3n de nuevos productos.<\/li>\n\n\n\n<li><strong>Protecci\u00f3n del medio ambiente:<\/strong> El reciclaje evita la contaminaci\u00f3n del suelo y el agua, y reduce las emisiones de gases de efecto invernadero asociadas con la fabricaci\u00f3n de nuevos cartuchos.<\/li>\n<\/ul>\n\n\n\n<p><strong>\u00bfC\u00f3mo se reciclan los cartuchos de tinta y t\u00f3ner?<\/strong><\/p>\n\n\n\n<p>Existen varias formas de reciclar cartuchos de tinta y t\u00f3ner:<\/p>\n\n\n\n<ul class=\"wp-block-list\">\n<li><strong>Programas de devoluci\u00f3n del fabricante:<\/strong> Muchos fabricantes de impresoras ofrecen programas de devoluci\u00f3n de cartuchos usados.<\/li>\n\n\n\n<li><strong>Puntos de recogida:<\/strong> Los cartuchos usados se pueden depositar en puntos de recogida espec\u00edficos, como tiendas de suministros de oficina o centros de reciclaje. En Jeyjo Material de Oficina junto con la colaboraci\u00f3n con la empresa Ecofim\u00e1tica puedes reciclar tus cartuchos de tinta y de t\u00f3ner. Solo tienes que acercarte por uno de sus establecimientos situados en La Rioja<\/li>\n\n\n\n<li><strong>Empresas de reciclaje:<\/strong> Existen empresas especializadas en el reciclaje de cartuchos de tinta y t\u00f3ner.<\/li>\n<\/ul>\n\n\n\n<p><strong>\u00bfQu\u00e9 ocurre con los cartuchos reciclados?<\/strong><\/p>\n\n\n\n<p>Los cartuchos reciclados se desmontan y clasifican por tipo de material. Los pl\u00e1sticos y metales se env\u00edan a plantas de reciclaje, donde se transforman en nuevos productos. Las tintas y t\u00f3neres residuales se tratan de forma segura para minimizar su impacto ambiental.<\/p>\n\n\n\n<p><strong>Recomendaciones:<\/strong><\/p>\n\n\n\n<ul class=\"wp-block-list\">\n<li><strong>Priorizar la compra de cartuchos reciclados o remanufacturados:<\/strong> Estos productos tienen un menor impacto ambiental que los cartuchos nuevos.<\/li>\n\n\n\n<li><strong>Participar en programas de devoluci\u00f3n de cartuchos usados:<\/strong> Devolver los cartuchos usados al fabricante o depositarlos en puntos de recogida espec\u00edficos.<\/li>\n\n\n\n<li><strong>Informarse sobre las opciones de reciclaje disponibles en su localidad:<\/strong> Contactar con el ayuntamiento o consultar la p\u00e1gina web de la empresa de gesti\u00f3n de residuos local.<\/li>\n<\/ul>\n\n\n\n<p>El reciclaje de cartuchos de tinta y t\u00f3ner es una acci\u00f3n sencilla que contribuye a la protecci\u00f3n del medio ambiente y la conservaci\u00f3n de recursos. Adoptar pr\u00e1cticas de consumo responsable y participar en programas de reciclaje son pasos importantes hacia un futuro m\u00e1s sostenible.<\/p>\n\n\n<div class=\"wp-block-image\">\n<figure class=\"aligncenter size-full is-resized\"><img loading=\"lazy\" decoding=\"async\" width=\"285\" height=\"177\" src=\"https:\/\/jeyjo.es\/blog\/wp-content\/uploads\/2025\/02\/imagen-7.png\" alt=\"\" class=\"wp-image-2069\" style=\"width:462px;height:auto\"\/><\/figure>\n<\/div>\n\n\n<p>Este resumen destaca la importancia del reciclaje de material de oficina y otros aparatos electr\u00f3nicos para la sostenibilidad y la econom\u00eda circular. A pesar de los avances logrados, es necesario seguir trabajando para mejorar la gesti\u00f3n de residuos y reducir la dependencia de materias primas cr\u00edticas. <\/p>\n\n\n\n<p><\/p>\n\n\n\n<p>\u00a1\u00a1Juntos podremos conseguirlo!!<\/p>\n\n\n\n<p><\/p>\n\n\n\n<p><\/p>\n\n\n\n<p>Fuente: Recyclia<\/p>\n\n\n\n<p><\/p>\n\n\n\n<p>Nota: Os dejo a continuaci\u00f3n enlace para quien quiera leer el informe completo: <a href=\"https:\/\/www.recyclia.es\/comunicacion\/informe-anual\/\">ver aqu\u00ed<\/a><\/p>\n","protected":false},"excerpt":{"rendered":"<p class=\"text-justify\">El informe anual de reciclaje de 2024 que se ha presentado recientemente por la empresa Recyclia presenta un an\u00e1lisis exhaustivo de las [&hellip;]<\/p>\n","protected":false},"author":1,"featured_media":2008,"comment_status":"open","ping_status":"open","sticky":false,"template":"","format":"standard","meta":{"footnotes":""},"categories":[11],"tags":[1058,1057,1059,1065,1064,1062,982,682,995,1055,1054,129,1060,1053,177,1052,76,903,1056,1061,670,1063,1051],"class_list":["post-2068","post","type-post","status-publish","format-standard","has-post-thumbnail","hentry","category-noticias","tag-administracion-publica","tag-alianzas","tag-aparatos-electronicos","tag-baterias-2","tag-concienciacion","tag-ecodiseno","tag-economia-circular","tag-espana","tag-gestion-de-residuos","tag-impresoras","tag-informe-2024","tag-material-de-oficina","tag-medio-ambiente","tag-papel","tag-pilas","tag-raee","tag-reciclaje","tag-reparacion","tag-residuos-electronicos","tag-reutilizacion","tag-sostenibilidad","tag-tecnologias-de-reciclaje","tag-toners"],"yoast_head":"<!-- This site is optimized with the Yoast SEO plugin v27.5 - https:\/\/yoast.com\/product\/yoast-seo-wordpress\/ -->\n<title>Reciclaje en Espa\u00f1a: Informe 2024 y claves para la sostenibilidad - Jeyjo<\/title>\n<meta name=\"description\" content=\"Informe 2024 sobre reciclaje de material de oficina en Espa\u00f1a: impresoras, t\u00f3ners, papel y m\u00e1s. Datos, retos y oportunidades para un futuro sostenible.\" \/>\n<meta name=\"robots\" content=\"index, follow, max-snippet:-1, max-image-preview:large, max-video-preview:-1\" \/>\n<link rel=\"canonical\" href=\"https:\/\/jeyjo.es\/blog\/index.php\/2025\/02\/26\/reciclaje-en-espana-informe-2024-y-claves-para-la-sostenibilidad\/\" \/>\n<meta property=\"og:locale\" content=\"es_ES\" \/>\n<meta property=\"og:type\" content=\"article\" \/>\n<meta property=\"og:title\" content=\"Reciclaje en Espa\u00f1a: Informe 2024 y claves para la sostenibilidad - Jeyjo\" \/>\n<meta property=\"og:description\" content=\"Informe 2024 sobre reciclaje de material de oficina en Espa\u00f1a: impresoras, t\u00f3ners, papel y m\u00e1s. Datos, retos y oportunidades para un futuro sostenible.\" \/>\n<meta property=\"og:url\" content=\"https:\/\/jeyjo.es\/blog\/index.php\/2025\/02\/26\/reciclaje-en-espana-informe-2024-y-claves-para-la-sostenibilidad\/\" \/>\n<meta property=\"og:site_name\" content=\"Jeyjo\" \/>\n<meta property=\"article:publisher\" content=\"https:\/\/www.facebook.com\/jeyjo.papeleria.9\" \/>\n<meta property=\"article:published_time\" content=\"2025-02-26T12:31:27+00:00\" \/>\n<meta property=\"article:modified_time\" content=\"2025-02-26T12:31:29+00:00\" \/>\n<meta property=\"og:image\" content=\"https:\/\/jeyjo.es\/blog\/wp-content\/uploads\/2025\/02\/cartuchos_remanufacturados.jpg\" \/>\n\t<meta property=\"og:image:width\" content=\"512\" \/>\n\t<meta property=\"og:image:height\" content=\"401\" \/>\n\t<meta property=\"og:image:type\" content=\"image\/jpeg\" \/>\n<meta name=\"author\" content=\"Jos\u00e9 Antonio\" \/>\n<meta name=\"twitter:card\" content=\"summary_large_image\" \/>\n<meta name=\"twitter:creator\" content=\"@jeyjooficinas\" \/>\n<meta name=\"twitter:site\" content=\"@jeyjooficinas\" \/>\n<meta name=\"twitter:label1\" content=\"Escrito por\" \/>\n\t<meta name=\"twitter:data1\" content=\"Jos\u00e9 Antonio\" \/>\n\t<meta name=\"twitter:label2\" content=\"Tiempo de lectura\" \/>\n\t<meta name=\"twitter:data2\" content=\"8 minutos\" \/>\n<script type=\"application\/ld+json\" class=\"yoast-schema-graph\">{\"@context\":\"https:\\\/\\\/schema.org\",\"@graph\":[{\"@type\":\"Article\",\"@id\":\"https:\\\/\\\/jeyjo.es\\\/blog\\\/index.php\\\/2025\\\/02\\\/26\\\/reciclaje-en-espana-informe-2024-y-claves-para-la-sostenibilidad\\\/#article\",\"isPartOf\":{\"@id\":\"https:\\\/\\\/jeyjo.es\\\/blog\\\/index.php\\\/2025\\\/02\\\/26\\\/reciclaje-en-espana-informe-2024-y-claves-para-la-sostenibilidad\\\/\"},\"author\":{\"name\":\"Jos\u00e9 Antonio\",\"@id\":\"https:\\\/\\\/jeyjo.es\\\/blog\\\/#\\\/schema\\\/person\\\/27b39b68644e2843617b9eb0877b528b\"},\"headline\":\"Reciclaje en Espa\u00f1a: Informe 2024 y claves para la sostenibilidad\",\"datePublished\":\"2025-02-26T12:31:27+00:00\",\"dateModified\":\"2025-02-26T12:31:29+00:00\",\"mainEntityOfPage\":{\"@id\":\"https:\\\/\\\/jeyjo.es\\\/blog\\\/index.php\\\/2025\\\/02\\\/26\\\/reciclaje-en-espana-informe-2024-y-claves-para-la-sostenibilidad\\\/\"},\"wordCount\":1606,\"commentCount\":0,\"publisher\":{\"@id\":\"https:\\\/\\\/jeyjo.es\\\/blog\\\/#organization\"},\"image\":{\"@id\":\"https:\\\/\\\/jeyjo.es\\\/blog\\\/index.php\\\/2025\\\/02\\\/26\\\/reciclaje-en-espana-informe-2024-y-claves-para-la-sostenibilidad\\\/#primaryimage\"},\"thumbnailUrl\":\"https:\\\/\\\/jeyjo.es\\\/blog\\\/wp-content\\\/uploads\\\/2025\\\/02\\\/cartuchos_remanufacturados.jpg\",\"keywords\":[\"administraci\u00f3n p\u00fablica\",\"alianzas\",\"aparatos electr\u00f3nicos\",\"bater\u00edas\",\"concienciaci\u00f3n\",\"ecodise\u00f1o\",\"Econom\u00eda circular\",\"Espa\u00f1a\",\"Gesti\u00f3n de residuos\",\"impresoras\",\"informe 2024\",\"material de oficina\",\"medio ambiente\",\"papel\",\"pilas\",\"RAEE\",\"reciclaje\",\"Reparaci\u00f3n\",\"residuos electr\u00f3nicos\",\"reutilizaci\u00f3n\",\"sostenibilidad\",\"tecnolog\u00edas de reciclaje\",\"t\u00f3ners\"],\"articleSection\":[\"Noticias\"],\"inLanguage\":\"es\",\"potentialAction\":[{\"@type\":\"CommentAction\",\"name\":\"Comment\",\"target\":[\"https:\\\/\\\/jeyjo.es\\\/blog\\\/index.php\\\/2025\\\/02\\\/26\\\/reciclaje-en-espana-informe-2024-y-claves-para-la-sostenibilidad\\\/#respond\"]}]},{\"@type\":\"WebPage\",\"@id\":\"https:\\\/\\\/jeyjo.es\\\/blog\\\/index.php\\\/2025\\\/02\\\/26\\\/reciclaje-en-espana-informe-2024-y-claves-para-la-sostenibilidad\\\/\",\"url\":\"https:\\\/\\\/jeyjo.es\\\/blog\\\/index.php\\\/2025\\\/02\\\/26\\\/reciclaje-en-espana-informe-2024-y-claves-para-la-sostenibilidad\\\/\",\"name\":\"Reciclaje en Espa\u00f1a: Informe 2024 y claves para la sostenibilidad - Jeyjo\",\"isPartOf\":{\"@id\":\"https:\\\/\\\/jeyjo.es\\\/blog\\\/#website\"},\"primaryImageOfPage\":{\"@id\":\"https:\\\/\\\/jeyjo.es\\\/blog\\\/index.php\\\/2025\\\/02\\\/26\\\/reciclaje-en-espana-informe-2024-y-claves-para-la-sostenibilidad\\\/#primaryimage\"},\"image\":{\"@id\":\"https:\\\/\\\/jeyjo.es\\\/blog\\\/index.php\\\/2025\\\/02\\\/26\\\/reciclaje-en-espana-informe-2024-y-claves-para-la-sostenibilidad\\\/#primaryimage\"},\"thumbnailUrl\":\"https:\\\/\\\/jeyjo.es\\\/blog\\\/wp-content\\\/uploads\\\/2025\\\/02\\\/cartuchos_remanufacturados.jpg\",\"datePublished\":\"2025-02-26T12:31:27+00:00\",\"dateModified\":\"2025-02-26T12:31:29+00:00\",\"description\":\"Informe 2024 sobre reciclaje de material de oficina en Espa\u00f1a: impresoras, t\u00f3ners, papel y m\u00e1s. Datos, retos y oportunidades para un futuro sostenible.\",\"breadcrumb\":{\"@id\":\"https:\\\/\\\/jeyjo.es\\\/blog\\\/index.php\\\/2025\\\/02\\\/26\\\/reciclaje-en-espana-informe-2024-y-claves-para-la-sostenibilidad\\\/#breadcrumb\"},\"inLanguage\":\"es\",\"potentialAction\":[{\"@type\":\"ReadAction\",\"target\":[\"https:\\\/\\\/jeyjo.es\\\/blog\\\/index.php\\\/2025\\\/02\\\/26\\\/reciclaje-en-espana-informe-2024-y-claves-para-la-sostenibilidad\\\/\"]}]},{\"@type\":\"ImageObject\",\"inLanguage\":\"es\",\"@id\":\"https:\\\/\\\/jeyjo.es\\\/blog\\\/index.php\\\/2025\\\/02\\\/26\\\/reciclaje-en-espana-informe-2024-y-claves-para-la-sostenibilidad\\\/#primaryimage\",\"url\":\"https:\\\/\\\/jeyjo.es\\\/blog\\\/wp-content\\\/uploads\\\/2025\\\/02\\\/cartuchos_remanufacturados.jpg\",\"contentUrl\":\"https:\\\/\\\/jeyjo.es\\\/blog\\\/wp-content\\\/uploads\\\/2025\\\/02\\\/cartuchos_remanufacturados.jpg\",\"width\":512,\"height\":401},{\"@type\":\"BreadcrumbList\",\"@id\":\"https:\\\/\\\/jeyjo.es\\\/blog\\\/index.php\\\/2025\\\/02\\\/26\\\/reciclaje-en-espana-informe-2024-y-claves-para-la-sostenibilidad\\\/#breadcrumb\",\"itemListElement\":[{\"@type\":\"ListItem\",\"position\":1,\"name\":\"Portada\",\"item\":\"https:\\\/\\\/jeyjo.es\\\/blog\\\/\"},{\"@type\":\"ListItem\",\"position\":2,\"name\":\"Reciclaje en Espa\u00f1a: Informe 2024 y claves para la sostenibilidad\"}]},{\"@type\":\"WebSite\",\"@id\":\"https:\\\/\\\/jeyjo.es\\\/blog\\\/#website\",\"url\":\"https:\\\/\\\/jeyjo.es\\\/blog\\\/\",\"name\":\"Blog para conocer todo sobre la oficina y el colegio\",\"description\":\"El Blog de tu Oficina - Expertos en Material de Oficina, Papeler\u00eda y Mobiliario\",\"publisher\":{\"@id\":\"https:\\\/\\\/jeyjo.es\\\/blog\\\/#organization\"},\"potentialAction\":[{\"@type\":\"SearchAction\",\"target\":{\"@type\":\"EntryPoint\",\"urlTemplate\":\"https:\\\/\\\/jeyjo.es\\\/blog\\\/?s={search_term_string}\"},\"query-input\":{\"@type\":\"PropertyValueSpecification\",\"valueRequired\":true,\"valueName\":\"search_term_string\"}}],\"inLanguage\":\"es\"},{\"@type\":\"Organization\",\"@id\":\"https:\\\/\\\/jeyjo.es\\\/blog\\\/#organization\",\"name\":\"Jeyjo Material de Oficina\",\"url\":\"https:\\\/\\\/jeyjo.es\\\/blog\\\/\",\"logo\":{\"@type\":\"ImageObject\",\"inLanguage\":\"es\",\"@id\":\"https:\\\/\\\/jeyjo.es\\\/blog\\\/#\\\/schema\\\/logo\\\/image\\\/\",\"url\":\"https:\\\/\\\/jeyjo.es\\\/blog\\\/wp-content\\\/uploads\\\/2023\\\/10\\\/LOGOTIPO-COLOR-cac-150px.jpg\",\"contentUrl\":\"https:\\\/\\\/jeyjo.es\\\/blog\\\/wp-content\\\/uploads\\\/2023\\\/10\\\/LOGOTIPO-COLOR-cac-150px.jpg\",\"width\":1771,\"height\":1006,\"caption\":\"Jeyjo Material de Oficina\"},\"image\":{\"@id\":\"https:\\\/\\\/jeyjo.es\\\/blog\\\/#\\\/schema\\\/logo\\\/image\\\/\"},\"sameAs\":[\"https:\\\/\\\/www.facebook.com\\\/jeyjo.papeleria.9\",\"https:\\\/\\\/x.com\\\/jeyjooficinas\",\"https:\\\/\\\/www.youtube.com\\\/channel\\\/UCUNp2bZMllJUVIAMZYdGZ8Q\",\"https:\\\/\\\/www.instagram.com\\\/jeyjomaterialdeoficina\\\/\",\"https:\\\/\\\/www.linkedin.com\\\/in\\\/jeyjo-material-de-oficina-aba48b49\"]},{\"@type\":\"Person\",\"@id\":\"https:\\\/\\\/jeyjo.es\\\/blog\\\/#\\\/schema\\\/person\\\/27b39b68644e2843617b9eb0877b528b\",\"name\":\"Jos\u00e9 Antonio\",\"image\":{\"@type\":\"ImageObject\",\"inLanguage\":\"es\",\"@id\":\"https:\\\/\\\/secure.gravatar.com\\\/avatar\\\/e8bbcf4f7a3e91ea18ca5e076249495fd4bcbc0c9bd4e3fb6c8294649ec86fcc?s=96&d=mm&r=g\",\"url\":\"https:\\\/\\\/secure.gravatar.com\\\/avatar\\\/e8bbcf4f7a3e91ea18ca5e076249495fd4bcbc0c9bd4e3fb6c8294649ec86fcc?s=96&d=mm&r=g\",\"contentUrl\":\"https:\\\/\\\/secure.gravatar.com\\\/avatar\\\/e8bbcf4f7a3e91ea18ca5e076249495fd4bcbc0c9bd4e3fb6c8294649ec86fcc?s=96&d=mm&r=g\",\"caption\":\"Jos\u00e9 Antonio\"},\"sameAs\":[\"http:\\\/\\\/jeyjo.es\\\/blog\"],\"url\":\"https:\\\/\\\/jeyjo.es\\\/blog\\\/index.php\\\/author\\\/programador\\\/\"}]}<\/script>\n<!-- \/ Yoast SEO plugin. -->","yoast_head_json":{"title":"Reciclaje en Espa\u00f1a: Informe 2024 y claves para la sostenibilidad - Jeyjo","description":"Informe 2024 sobre reciclaje de material de oficina en Espa\u00f1a: impresoras, t\u00f3ners, papel y m\u00e1s. Datos, retos y oportunidades para un futuro sostenible.","robots":{"index":"index","follow":"follow","max-snippet":"max-snippet:-1","max-image-preview":"max-image-preview:large","max-video-preview":"max-video-preview:-1"},"canonical":"https:\/\/jeyjo.es\/blog\/index.php\/2025\/02\/26\/reciclaje-en-espana-informe-2024-y-claves-para-la-sostenibilidad\/","og_locale":"es_ES","og_type":"article","og_title":"Reciclaje en Espa\u00f1a: Informe 2024 y claves para la sostenibilidad - Jeyjo","og_description":"Informe 2024 sobre reciclaje de material de oficina en Espa\u00f1a: impresoras, t\u00f3ners, papel y m\u00e1s. Datos, retos y oportunidades para un futuro sostenible.","og_url":"https:\/\/jeyjo.es\/blog\/index.php\/2025\/02\/26\/reciclaje-en-espana-informe-2024-y-claves-para-la-sostenibilidad\/","og_site_name":"Jeyjo","article_publisher":"https:\/\/www.facebook.com\/jeyjo.papeleria.9","article_published_time":"2025-02-26T12:31:27+00:00","article_modified_time":"2025-02-26T12:31:29+00:00","og_image":[{"width":512,"height":401,"url":"https:\/\/jeyjo.es\/blog\/wp-content\/uploads\/2025\/02\/cartuchos_remanufacturados.jpg","type":"image\/jpeg"}],"author":"Jos\u00e9 Antonio","twitter_card":"summary_large_image","twitter_creator":"@jeyjooficinas","twitter_site":"@jeyjooficinas","twitter_misc":{"Escrito por":"Jos\u00e9 Antonio","Tiempo de lectura":"8 minutos"},"schema":{"@context":"https:\/\/schema.org","@graph":[{"@type":"Article","@id":"https:\/\/jeyjo.es\/blog\/index.php\/2025\/02\/26\/reciclaje-en-espana-informe-2024-y-claves-para-la-sostenibilidad\/#article","isPartOf":{"@id":"https:\/\/jeyjo.es\/blog\/index.php\/2025\/02\/26\/reciclaje-en-espana-informe-2024-y-claves-para-la-sostenibilidad\/"},"author":{"name":"Jos\u00e9 Antonio","@id":"https:\/\/jeyjo.es\/blog\/#\/schema\/person\/27b39b68644e2843617b9eb0877b528b"},"headline":"Reciclaje en Espa\u00f1a: Informe 2024 y claves para la sostenibilidad","datePublished":"2025-02-26T12:31:27+00:00","dateModified":"2025-02-26T12:31:29+00:00","mainEntityOfPage":{"@id":"https:\/\/jeyjo.es\/blog\/index.php\/2025\/02\/26\/reciclaje-en-espana-informe-2024-y-claves-para-la-sostenibilidad\/"},"wordCount":1606,"commentCount":0,"publisher":{"@id":"https:\/\/jeyjo.es\/blog\/#organization"},"image":{"@id":"https:\/\/jeyjo.es\/blog\/index.php\/2025\/02\/26\/reciclaje-en-espana-informe-2024-y-claves-para-la-sostenibilidad\/#primaryimage"},"thumbnailUrl":"https:\/\/jeyjo.es\/blog\/wp-content\/uploads\/2025\/02\/cartuchos_remanufacturados.jpg","keywords":["administraci\u00f3n p\u00fablica","alianzas","aparatos electr\u00f3nicos","bater\u00edas","concienciaci\u00f3n","ecodise\u00f1o","Econom\u00eda circular","Espa\u00f1a","Gesti\u00f3n de residuos","impresoras","informe 2024","material de oficina","medio ambiente","papel","pilas","RAEE","reciclaje","Reparaci\u00f3n","residuos electr\u00f3nicos","reutilizaci\u00f3n","sostenibilidad","tecnolog\u00edas de reciclaje","t\u00f3ners"],"articleSection":["Noticias"],"inLanguage":"es","potentialAction":[{"@type":"CommentAction","name":"Comment","target":["https:\/\/jeyjo.es\/blog\/index.php\/2025\/02\/26\/reciclaje-en-espana-informe-2024-y-claves-para-la-sostenibilidad\/#respond"]}]},{"@type":"WebPage","@id":"https:\/\/jeyjo.es\/blog\/index.php\/2025\/02\/26\/reciclaje-en-espana-informe-2024-y-claves-para-la-sostenibilidad\/","url":"https:\/\/jeyjo.es\/blog\/index.php\/2025\/02\/26\/reciclaje-en-espana-informe-2024-y-claves-para-la-sostenibilidad\/","name":"Reciclaje en Espa\u00f1a: Informe 2024 y claves para la sostenibilidad - Jeyjo","isPartOf":{"@id":"https:\/\/jeyjo.es\/blog\/#website"},"primaryImageOfPage":{"@id":"https:\/\/jeyjo.es\/blog\/index.php\/2025\/02\/26\/reciclaje-en-espana-informe-2024-y-claves-para-la-sostenibilidad\/#primaryimage"},"image":{"@id":"https:\/\/jeyjo.es\/blog\/index.php\/2025\/02\/26\/reciclaje-en-espana-informe-2024-y-claves-para-la-sostenibilidad\/#primaryimage"},"thumbnailUrl":"https:\/\/jeyjo.es\/blog\/wp-content\/uploads\/2025\/02\/cartuchos_remanufacturados.jpg","datePublished":"2025-02-26T12:31:27+00:00","dateModified":"2025-02-26T12:31:29+00:00","description":"Informe 2024 sobre reciclaje de material de oficina en Espa\u00f1a: impresoras, t\u00f3ners, papel y m\u00e1s. Datos, retos y oportunidades para un futuro sostenible.","breadcrumb":{"@id":"https:\/\/jeyjo.es\/blog\/index.php\/2025\/02\/26\/reciclaje-en-espana-informe-2024-y-claves-para-la-sostenibilidad\/#breadcrumb"},"inLanguage":"es","potentialAction":[{"@type":"ReadAction","target":["https:\/\/jeyjo.es\/blog\/index.php\/2025\/02\/26\/reciclaje-en-espana-informe-2024-y-claves-para-la-sostenibilidad\/"]}]},{"@type":"ImageObject","inLanguage":"es","@id":"https:\/\/jeyjo.es\/blog\/index.php\/2025\/02\/26\/reciclaje-en-espana-informe-2024-y-claves-para-la-sostenibilidad\/#primaryimage","url":"https:\/\/jeyjo.es\/blog\/wp-content\/uploads\/2025\/02\/cartuchos_remanufacturados.jpg","contentUrl":"https:\/\/jeyjo.es\/blog\/wp-content\/uploads\/2025\/02\/cartuchos_remanufacturados.jpg","width":512,"height":401},{"@type":"BreadcrumbList","@id":"https:\/\/jeyjo.es\/blog\/index.php\/2025\/02\/26\/reciclaje-en-espana-informe-2024-y-claves-para-la-sostenibilidad\/#breadcrumb","itemListElement":[{"@type":"ListItem","position":1,"name":"Portada","item":"https:\/\/jeyjo.es\/blog\/"},{"@type":"ListItem","position":2,"name":"Reciclaje en Espa\u00f1a: Informe 2024 y claves para la sostenibilidad"}]},{"@type":"WebSite","@id":"https:\/\/jeyjo.es\/blog\/#website","url":"https:\/\/jeyjo.es\/blog\/","name":"Blog para conocer todo sobre la oficina y el colegio","description":"El Blog de tu Oficina - Expertos en Material de Oficina, Papeler\u00eda y Mobiliario","publisher":{"@id":"https:\/\/jeyjo.es\/blog\/#organization"},"potentialAction":[{"@type":"SearchAction","target":{"@type":"EntryPoint","urlTemplate":"https:\/\/jeyjo.es\/blog\/?s={search_term_string}"},"query-input":{"@type":"PropertyValueSpecification","valueRequired":true,"valueName":"search_term_string"}}],"inLanguage":"es"},{"@type":"Organization","@id":"https:\/\/jeyjo.es\/blog\/#organization","name":"Jeyjo Material de Oficina","url":"https:\/\/jeyjo.es\/blog\/","logo":{"@type":"ImageObject","inLanguage":"es","@id":"https:\/\/jeyjo.es\/blog\/#\/schema\/logo\/image\/","url":"https:\/\/jeyjo.es\/blog\/wp-content\/uploads\/2023\/10\/LOGOTIPO-COLOR-cac-150px.jpg","contentUrl":"https:\/\/jeyjo.es\/blog\/wp-content\/uploads\/2023\/10\/LOGOTIPO-COLOR-cac-150px.jpg","width":1771,"height":1006,"caption":"Jeyjo Material de Oficina"},"image":{"@id":"https:\/\/jeyjo.es\/blog\/#\/schema\/logo\/image\/"},"sameAs":["https:\/\/www.facebook.com\/jeyjo.papeleria.9","https:\/\/x.com\/jeyjooficinas","https:\/\/www.youtube.com\/channel\/UCUNp2bZMllJUVIAMZYdGZ8Q","https:\/\/www.instagram.com\/jeyjomaterialdeoficina\/","https:\/\/www.linkedin.com\/in\/jeyjo-material-de-oficina-aba48b49"]},{"@type":"Person","@id":"https:\/\/jeyjo.es\/blog\/#\/schema\/person\/27b39b68644e2843617b9eb0877b528b","name":"Jos\u00e9 Antonio","image":{"@type":"ImageObject","inLanguage":"es","@id":"https:\/\/secure.gravatar.com\/avatar\/e8bbcf4f7a3e91ea18ca5e076249495fd4bcbc0c9bd4e3fb6c8294649ec86fcc?s=96&d=mm&r=g","url":"https:\/\/secure.gravatar.com\/avatar\/e8bbcf4f7a3e91ea18ca5e076249495fd4bcbc0c9bd4e3fb6c8294649ec86fcc?s=96&d=mm&r=g","contentUrl":"https:\/\/secure.gravatar.com\/avatar\/e8bbcf4f7a3e91ea18ca5e076249495fd4bcbc0c9bd4e3fb6c8294649ec86fcc?s=96&d=mm&r=g","caption":"Jos\u00e9 Antonio"},"sameAs":["http:\/\/jeyjo.es\/blog"],"url":"https:\/\/jeyjo.es\/blog\/index.php\/author\/programador\/"}]}},"_links":{"self":[{"href":"https:\/\/jeyjo.es\/blog\/index.php\/wp-json\/wp\/v2\/posts\/2068","targetHints":{"allow":["GET"]}}],"collection":[{"href":"https:\/\/jeyjo.es\/blog\/index.php\/wp-json\/wp\/v2\/posts"}],"about":[{"href":"https:\/\/jeyjo.es\/blog\/index.php\/wp-json\/wp\/v2\/types\/post"}],"author":[{"embeddable":true,"href":"https:\/\/jeyjo.es\/blog\/index.php\/wp-json\/wp\/v2\/users\/1"}],"replies":[{"embeddable":true,"href":"https:\/\/jeyjo.es\/blog\/index.php\/wp-json\/wp\/v2\/comments?post=2068"}],"version-history":[{"count":1,"href":"https:\/\/jeyjo.es\/blog\/index.php\/wp-json\/wp\/v2\/posts\/2068\/revisions"}],"predecessor-version":[{"id":2071,"href":"https:\/\/jeyjo.es\/blog\/index.php\/wp-json\/wp\/v2\/posts\/2068\/revisions\/2071"}],"wp:featuredmedia":[{"embeddable":true,"href":"https:\/\/jeyjo.es\/blog\/index.php\/wp-json\/wp\/v2\/media\/2008"}],"wp:attachment":[{"href":"https:\/\/jeyjo.es\/blog\/index.php\/wp-json\/wp\/v2\/media?parent=2068"}],"wp:term":[{"taxonomy":"category","embeddable":true,"href":"https:\/\/jeyjo.es\/blog\/index.php\/wp-json\/wp\/v2\/categories?post=2068"},{"taxonomy":"post_tag","embeddable":true,"href":"https:\/\/jeyjo.es\/blog\/index.php\/wp-json\/wp\/v2\/tags?post=2068"}],"curies":[{"name":"wp","href":"https:\/\/api.w.org\/{rel}","templated":true}]}}