{"id":2049,"date":"2025-02-25T12:52:26","date_gmt":"2025-02-25T11:52:26","guid":{"rendered":"https:\/\/jeyjo.es\/blog\/?p=2049"},"modified":"2025-02-25T12:54:58","modified_gmt":"2025-02-25T11:54:58","slug":"cizallas-ideal-tu-cortadora-de-papel-profesional","status":"publish","type":"post","link":"https:\/\/jeyjo.es\/blog\/index.php\/2025\/02\/25\/cizallas-ideal-tu-cortadora-de-papel-profesional\/","title":{"rendered":"Cizallas IDEAL, tu cortadora de papel profesional"},"content":{"rendered":"\n<p>Desde <a href=\"https:\/\/jeyjo.es\/index.php?controller=stores\">Jeyjo <\/a>te presentamos unas herramietas de corte de alta precisi\u00f3n \u00abmade in Germany\u00bb indispensables en cualquier oficina.<\/p>\n\n\n\n<p><strong>\u00bfBuscas una cortadora de papel de alta calidad para tu oficina o negocio?<\/strong> Esta cortadora profesional ofrece una longitud de corte de 460 mm y una capacidad de corte de hasta 30 hojas, ideal para trabajos de gran volumen.<\/p>\n\n\n\n<p>La cizalla es una herramienta indispensable en cualquier oficina, escuela, incluso en el hogar y muchas otras dependencias donde se requiere precisi\u00f3n al cortar papel y otros materiales. Desde Jeyjo te ofrecemos una amplia variedad de cizallas pero en \u00e9sta ocasi\u00f3n nos centraremos en el modelo: IDEAL 1046<\/p>\n\n\n\n<h2 class=\"wp-block-heading\"><a href=\"https:\/\/jeyjo.es\/index.php?id_product=3068371304&amp;rewrite=10461000-cizalla-palanca-ideal-1046&amp;controller=product&amp;mot_tcid=5e724151-42d1-4757-8f6d-4c8f88b69415\">IDEAL 1046<\/a><\/h2>\n\n\n\n<p>Hoy presentamos este potente modelo que resulta innovador y robusto. Es capaz de cortar 30 hojas con su cuchilla de acero Solingen cuyas dimensiones permiten cortes de formato americano. Dispone de un s\u00f3lido soporte, protecciones, garant\u00eda de seguridad y ha sido construido en metal. <\/p>\n\n\n\n<p>Dispone de abrazadera autom\u00e1tica para un corte preciso y c\u00f3modo. EASY-LIFT \u2013 la innovadora palanca de liberaci\u00f3n que levanta la abrazadera autom\u00e1tica para facilitar la extracci\u00f3n del papel. Amplia mesa de corte con una s\u00f3lida construcci\u00f3n totalmente met\u00e1lica. Cuchilla de alta calidad y reafilable fabricada en \u00abacero Solingen\u00bb. <\/p>\n\n\n\n<p>S\u00f3lido soporte de montaje de la cuchilla de aluminio fundido con doble cojinete pivotante para el eje de la cuchilla. Protector de seguridad transparente con indicador de l\u00ednea de corte integrado para una alineaci\u00f3n exacta del material a cortar. Tope lateral de metal de precisi\u00f3n y tope trasero ajustable. Escala de medici\u00f3n en mm\/pulgadas. Tama\u00f1os de papel est\u00e1ndar desde A6 hasta A3, tama\u00f1os americanos (carta, legal, ledger) y varias indicaciones de \u00e1ngulo impresas en la mesa. Patas de goma antideslizantes para un funcionamiento seguro. Dise\u00f1o atractivo y funcional. Producto de calidad \u00abHecho en Alemania\u00bb. Seguridad probada por laboratorios de seguridad independientes.<\/p>\n\n\n\n<p><\/p>\n\n\n\n<p><strong>INDICACI\u00d3N DE L\u00cdNEA DE CORTE<\/strong><\/p>\n\n\n\n<p>El indicador de l\u00ednea de corte, integrado en la barra de la abrazadera, permite una alineaci\u00f3n precisa del papel a cortar.<\/p>\n\n\n\n<figure class=\"wp-block-image size-full\"><img loading=\"lazy\" decoding=\"async\" width=\"651\" height=\"651\" src=\"https:\/\/jeyjo.es\/blog\/wp-content\/uploads\/2025\/02\/1134_Formateinteilung_1920x1920.jpg\" alt=\"\" class=\"wp-image-2054\" srcset=\"https:\/\/jeyjo.es\/blog\/wp-content\/uploads\/2025\/02\/1134_Formateinteilung_1920x1920.jpg 651w, https:\/\/jeyjo.es\/blog\/wp-content\/uploads\/2025\/02\/1134_Formateinteilung_1920x1920-300x300.jpg 300w, https:\/\/jeyjo.es\/blog\/wp-content\/uploads\/2025\/02\/1134_Formateinteilung_1920x1920-150x150.jpg 150w\" sizes=\"auto, (max-width: 651px) 100vw, 651px\" \/><\/figure>\n\n\n\n<p><strong>MANGO ERGON\u00d3MICO<\/strong><\/p>\n\n\n\n<p>El mango de dise\u00f1o ergon\u00f3mico ha sido desarrollado para facilitar su manejo y garantizar un corte seguro.<\/p>\n\n\n\n<figure class=\"wp-block-image size-full\"><img loading=\"lazy\" decoding=\"async\" width=\"651\" height=\"651\" src=\"https:\/\/jeyjo.es\/blog\/wp-content\/uploads\/2025\/02\/1134_Griff_1920x1920.jpg\" alt=\"\" class=\"wp-image-2055\" srcset=\"https:\/\/jeyjo.es\/blog\/wp-content\/uploads\/2025\/02\/1134_Griff_1920x1920.jpg 651w, https:\/\/jeyjo.es\/blog\/wp-content\/uploads\/2025\/02\/1134_Griff_1920x1920-300x300.jpg 300w, https:\/\/jeyjo.es\/blog\/wp-content\/uploads\/2025\/02\/1134_Griff_1920x1920-150x150.jpg 150w\" sizes=\"auto, (max-width: 651px) 100vw, 651px\" \/><\/figure>\n\n\n\n<p><strong>INDICACIONES DE FORMATO<\/strong><\/p>\n\n\n\n<p>Para un corte eficiente y sencillo: Tama\u00f1os de papel est\u00e1ndar desde A6 hasta A3, tama\u00f1os americanos y varias indicaciones de \u00e1ngulo impresas en la mesa.<\/p>\n\n\n\n<figure class=\"wp-block-image size-full\"><img loading=\"lazy\" decoding=\"async\" width=\"651\" height=\"651\" src=\"https:\/\/jeyjo.es\/blog\/wp-content\/uploads\/2025\/02\/1134_Messerwinkel_1920x1920.jpg\" alt=\"\" class=\"wp-image-2051\" srcset=\"https:\/\/jeyjo.es\/blog\/wp-content\/uploads\/2025\/02\/1134_Messerwinkel_1920x1920.jpg 651w, https:\/\/jeyjo.es\/blog\/wp-content\/uploads\/2025\/02\/1134_Messerwinkel_1920x1920-300x300.jpg 300w, https:\/\/jeyjo.es\/blog\/wp-content\/uploads\/2025\/02\/1134_Messerwinkel_1920x1920-150x150.jpg 150w\" sizes=\"auto, (max-width: 651px) 100vw, 651px\" \/><\/figure>\n\n\n\n<p><strong>S\u00d3LIDO SOPORTE DE MONTAJE DE LA CUCHILLA<\/strong><\/p>\n\n\n\n<p>El robusto soporte de montaje de la cuchilla garantiza cortes rectangulares de alta precisi\u00f3n.<\/p>\n\n\n\n<figure class=\"wp-block-image size-full\"><img loading=\"lazy\" decoding=\"async\" width=\"651\" height=\"651\" src=\"https:\/\/jeyjo.es\/blog\/wp-content\/uploads\/2025\/02\/1135_Schnittkante_1920x1920.jpg\" alt=\"\" class=\"wp-image-2053\" srcset=\"https:\/\/jeyjo.es\/blog\/wp-content\/uploads\/2025\/02\/1135_Schnittkante_1920x1920.jpg 651w, https:\/\/jeyjo.es\/blog\/wp-content\/uploads\/2025\/02\/1135_Schnittkante_1920x1920-300x300.jpg 300w, https:\/\/jeyjo.es\/blog\/wp-content\/uploads\/2025\/02\/1135_Schnittkante_1920x1920-150x150.jpg 150w\" sizes=\"auto, (max-width: 651px) 100vw, 651px\" \/><\/figure>\n\n\n\n<p><strong>PALANCA DE LIBERACI\u00d3N DE PAPEL (EASY-LIFT)<\/strong><\/p>\n\n\n\n<p>EASY-LIFT garantiza una extracci\u00f3n f\u00e1cil y c\u00f3moda del papel de la mesa de corte al levantar la abrazadera autom\u00e1tica despu\u00e9s de realizar el corte.<\/p>\n\n\n\n<figure class=\"wp-block-image size-full\"><img loading=\"lazy\" decoding=\"async\" width=\"651\" height=\"651\" src=\"https:\/\/jeyjo.es\/blog\/wp-content\/uploads\/2025\/02\/1135_Easy_Lift_1920x1920.jpg\" alt=\"\" class=\"wp-image-2052\" srcset=\"https:\/\/jeyjo.es\/blog\/wp-content\/uploads\/2025\/02\/1135_Easy_Lift_1920x1920.jpg 651w, https:\/\/jeyjo.es\/blog\/wp-content\/uploads\/2025\/02\/1135_Easy_Lift_1920x1920-300x300.jpg 300w, https:\/\/jeyjo.es\/blog\/wp-content\/uploads\/2025\/02\/1135_Easy_Lift_1920x1920-150x150.jpg 150w\" sizes=\"auto, (max-width: 651px) 100vw, 651px\" \/><\/figure>\n\n\n\n<p><\/p>\n\n\n\n<p><strong>Especificaciones T\u00e9cnicas<\/strong><\/p>\n\n\n\n<p><strong>Caracter\u00edsticas del Producto<\/strong><\/p>\n\n\n\n<ul class=\"wp-block-list\">\n<li><strong>Longitud de corte:<\/strong> 460 mm<\/li>\n\n\n\n<li><strong>Capacidad de corte:<\/strong> aprox. 30 hojas*<\/li>\n\n\n\n<li><strong>Tama\u00f1o de la mesa:<\/strong> Ancho 356 x Profundidad 510 mm<\/li>\n\n\n\n<li><strong>Indicaciones de formato:<\/strong> A3 &#8211; A6 + Tama\u00f1os americanos<\/li>\n\n\n\n<li><strong>Dimensiones:<\/strong> Alto 385 x Ancho 390 x Profundidad 700 mm<\/li>\n\n\n\n<li><strong>Peso:<\/strong> 7,5 kg<\/li>\n<\/ul>\n\n\n\n<p>*Nota: La capacidad de corte puede variar seg\u00fan el tipo y gramaje del papel.<\/p>\n\n\n\n<figure class=\"wp-block-embed is-type-video is-provider-youtube wp-block-embed-youtube wp-embed-aspect-16-9 wp-has-aspect-ratio\"><div class=\"wp-block-embed__wrapper\">\n<iframe loading=\"lazy\" title=\"IDEAL Trimmer 1046 english\" width=\"640\" height=\"360\" src=\"https:\/\/www.youtube.com\/embed\/995Sa2gaKW0?feature=oembed\" frameborder=\"0\" allow=\"accelerometer; autoplay; clipboard-write; encrypted-media; gyroscope; picture-in-picture; web-share\" referrerpolicy=\"strict-origin-when-cross-origin\" allowfullscreen><\/iframe>\n<\/div><\/figure>\n","protected":false},"excerpt":{"rendered":"<p class=\"text-justify\">\u00a1Consigue tu cortadora de papel profesional y facilita tus tareas de corte!<\/p>\n","protected":false},"author":1,"featured_media":2050,"comment_status":"open","ping_status":"open","sticky":false,"template":"","format":"standard","meta":{"footnotes":""},"categories":[12],"tags":[1039,1028,1031,1032,1030,1035,1034,1033,1029,1036,1037,1038],"class_list":["post-2049","post","type-post","status-publish","format-standard","has-post-thumbnail","hentry","category-guias-de-compra","tag-cizalla-1046","tag-cortadora-de-papel","tag-cortadora-de-papel-30-hojas","tag-cortadora-de-papel-460-mm","tag-cortadora-de-papel-a3","tag-cortadora-de-papel-industrial","tag-cortadora-de-papel-negocio","tag-cortadora-de-papel-oficina","tag-cortadora-de-papel-profesional","tag-dhale","tag-ideal","tag-ideal-1046"],"yoast_head":"<!-- This site is optimized with the Yoast SEO plugin v27.5 - https:\/\/yoast.com\/product\/yoast-seo-wordpress\/ -->\n<title>Cizallas IDEAL, tu cortadora de papel profesional - Jeyjo<\/title>\n<meta name=\"description\" content=\"Cortadora de papel profesional con 460 mm de longitud de corte y capacidad para 30 hojas. Ideal para oficinas, imprentas y m\u00e1s. \u00a1Cortes precisos y eficientes!\" \/>\n<meta name=\"robots\" content=\"index, follow, max-snippet:-1, max-image-preview:large, max-video-preview:-1\" \/>\n<link rel=\"canonical\" href=\"https:\/\/jeyjo.es\/blog\/index.php\/2025\/02\/25\/cizallas-ideal-tu-cortadora-de-papel-profesional\/\" \/>\n<meta property=\"og:locale\" content=\"es_ES\" \/>\n<meta property=\"og:type\" content=\"article\" \/>\n<meta property=\"og:title\" content=\"Cizallas IDEAL, tu cortadora de papel profesional - Jeyjo\" \/>\n<meta property=\"og:description\" content=\"Cortadora de papel profesional con 460 mm de longitud de corte y capacidad para 30 hojas. Ideal para oficinas, imprentas y m\u00e1s. \u00a1Cortes precisos y eficientes!\" \/>\n<meta property=\"og:url\" content=\"https:\/\/jeyjo.es\/blog\/index.php\/2025\/02\/25\/cizallas-ideal-tu-cortadora-de-papel-profesional\/\" \/>\n<meta property=\"og:site_name\" content=\"Jeyjo\" \/>\n<meta property=\"article:publisher\" content=\"https:\/\/www.facebook.com\/jeyjo.papeleria.9\" \/>\n<meta property=\"article:published_time\" content=\"2025-02-25T11:52:26+00:00\" \/>\n<meta property=\"article:modified_time\" content=\"2025-02-25T11:54:58+00:00\" \/>\n<meta property=\"og:image\" content=\"https:\/\/jeyjo.es\/blog\/wp-content\/uploads\/2025\/02\/cizalla-manual-ideal-1046-img.jpg\" \/>\n\t<meta property=\"og:image:width\" content=\"470\" \/>\n\t<meta property=\"og:image:height\" content=\"470\" \/>\n\t<meta property=\"og:image:type\" content=\"image\/jpeg\" \/>\n<meta name=\"author\" content=\"Jos\u00e9 Antonio\" \/>\n<meta name=\"twitter:card\" content=\"summary_large_image\" \/>\n<meta name=\"twitter:creator\" content=\"@jeyjooficinas\" \/>\n<meta name=\"twitter:site\" content=\"@jeyjooficinas\" \/>\n<meta name=\"twitter:label1\" content=\"Escrito por\" \/>\n\t<meta name=\"twitter:data1\" content=\"Jos\u00e9 Antonio\" \/>\n\t<meta name=\"twitter:label2\" content=\"Tiempo de lectura\" \/>\n\t<meta name=\"twitter:data2\" content=\"4 minutos\" \/>\n<script type=\"application\/ld+json\" class=\"yoast-schema-graph\">{\"@context\":\"https:\\\/\\\/schema.org\",\"@graph\":[{\"@type\":\"Article\",\"@id\":\"https:\\\/\\\/jeyjo.es\\\/blog\\\/index.php\\\/2025\\\/02\\\/25\\\/cizallas-ideal-tu-cortadora-de-papel-profesional\\\/#article\",\"isPartOf\":{\"@id\":\"https:\\\/\\\/jeyjo.es\\\/blog\\\/index.php\\\/2025\\\/02\\\/25\\\/cizallas-ideal-tu-cortadora-de-papel-profesional\\\/\"},\"author\":{\"name\":\"Jos\u00e9 Antonio\",\"@id\":\"https:\\\/\\\/jeyjo.es\\\/blog\\\/#\\\/schema\\\/person\\\/27b39b68644e2843617b9eb0877b528b\"},\"headline\":\"Cizallas IDEAL, tu cortadora de papel profesional\",\"datePublished\":\"2025-02-25T11:52:26+00:00\",\"dateModified\":\"2025-02-25T11:54:58+00:00\",\"mainEntityOfPage\":{\"@id\":\"https:\\\/\\\/jeyjo.es\\\/blog\\\/index.php\\\/2025\\\/02\\\/25\\\/cizallas-ideal-tu-cortadora-de-papel-profesional\\\/\"},\"wordCount\":532,\"commentCount\":0,\"publisher\":{\"@id\":\"https:\\\/\\\/jeyjo.es\\\/blog\\\/#organization\"},\"image\":{\"@id\":\"https:\\\/\\\/jeyjo.es\\\/blog\\\/index.php\\\/2025\\\/02\\\/25\\\/cizallas-ideal-tu-cortadora-de-papel-profesional\\\/#primaryimage\"},\"thumbnailUrl\":\"https:\\\/\\\/jeyjo.es\\\/blog\\\/wp-content\\\/uploads\\\/2025\\\/02\\\/cizalla-manual-ideal-1046-img.jpg\",\"keywords\":[\"cizalla 1046\",\"Cortadora de papel\",\"Cortadora de papel 30 hojas\",\"Cortadora de papel 460 mm\",\"Cortadora de papel A3\",\"Cortadora de papel industrial\",\"Cortadora de papel negocio\",\"Cortadora de papel oficina\",\"Cortadora de papel profesional\",\"dhale\",\"ideal\",\"ideal 1046\"],\"articleSection\":[\"Gu\u00edas de compra\"],\"inLanguage\":\"es\",\"potentialAction\":[{\"@type\":\"CommentAction\",\"name\":\"Comment\",\"target\":[\"https:\\\/\\\/jeyjo.es\\\/blog\\\/index.php\\\/2025\\\/02\\\/25\\\/cizallas-ideal-tu-cortadora-de-papel-profesional\\\/#respond\"]}]},{\"@type\":\"WebPage\",\"@id\":\"https:\\\/\\\/jeyjo.es\\\/blog\\\/index.php\\\/2025\\\/02\\\/25\\\/cizallas-ideal-tu-cortadora-de-papel-profesional\\\/\",\"url\":\"https:\\\/\\\/jeyjo.es\\\/blog\\\/index.php\\\/2025\\\/02\\\/25\\\/cizallas-ideal-tu-cortadora-de-papel-profesional\\\/\",\"name\":\"Cizallas IDEAL, tu cortadora de papel profesional - Jeyjo\",\"isPartOf\":{\"@id\":\"https:\\\/\\\/jeyjo.es\\\/blog\\\/#website\"},\"primaryImageOfPage\":{\"@id\":\"https:\\\/\\\/jeyjo.es\\\/blog\\\/index.php\\\/2025\\\/02\\\/25\\\/cizallas-ideal-tu-cortadora-de-papel-profesional\\\/#primaryimage\"},\"image\":{\"@id\":\"https:\\\/\\\/jeyjo.es\\\/blog\\\/index.php\\\/2025\\\/02\\\/25\\\/cizallas-ideal-tu-cortadora-de-papel-profesional\\\/#primaryimage\"},\"thumbnailUrl\":\"https:\\\/\\\/jeyjo.es\\\/blog\\\/wp-content\\\/uploads\\\/2025\\\/02\\\/cizalla-manual-ideal-1046-img.jpg\",\"datePublished\":\"2025-02-25T11:52:26+00:00\",\"dateModified\":\"2025-02-25T11:54:58+00:00\",\"description\":\"Cortadora de papel profesional con 460 mm de longitud de corte y capacidad para 30 hojas. Ideal para oficinas, imprentas y m\u00e1s. \u00a1Cortes precisos y eficientes!\",\"breadcrumb\":{\"@id\":\"https:\\\/\\\/jeyjo.es\\\/blog\\\/index.php\\\/2025\\\/02\\\/25\\\/cizallas-ideal-tu-cortadora-de-papel-profesional\\\/#breadcrumb\"},\"inLanguage\":\"es\",\"potentialAction\":[{\"@type\":\"ReadAction\",\"target\":[\"https:\\\/\\\/jeyjo.es\\\/blog\\\/index.php\\\/2025\\\/02\\\/25\\\/cizallas-ideal-tu-cortadora-de-papel-profesional\\\/\"]}]},{\"@type\":\"ImageObject\",\"inLanguage\":\"es\",\"@id\":\"https:\\\/\\\/jeyjo.es\\\/blog\\\/index.php\\\/2025\\\/02\\\/25\\\/cizallas-ideal-tu-cortadora-de-papel-profesional\\\/#primaryimage\",\"url\":\"https:\\\/\\\/jeyjo.es\\\/blog\\\/wp-content\\\/uploads\\\/2025\\\/02\\\/cizalla-manual-ideal-1046-img.jpg\",\"contentUrl\":\"https:\\\/\\\/jeyjo.es\\\/blog\\\/wp-content\\\/uploads\\\/2025\\\/02\\\/cizalla-manual-ideal-1046-img.jpg\",\"width\":470,\"height\":470},{\"@type\":\"BreadcrumbList\",\"@id\":\"https:\\\/\\\/jeyjo.es\\\/blog\\\/index.php\\\/2025\\\/02\\\/25\\\/cizallas-ideal-tu-cortadora-de-papel-profesional\\\/#breadcrumb\",\"itemListElement\":[{\"@type\":\"ListItem\",\"position\":1,\"name\":\"Portada\",\"item\":\"https:\\\/\\\/jeyjo.es\\\/blog\\\/\"},{\"@type\":\"ListItem\",\"position\":2,\"name\":\"Cizallas IDEAL, tu cortadora de papel profesional\"}]},{\"@type\":\"WebSite\",\"@id\":\"https:\\\/\\\/jeyjo.es\\\/blog\\\/#website\",\"url\":\"https:\\\/\\\/jeyjo.es\\\/blog\\\/\",\"name\":\"Blog para conocer todo sobre la oficina y el colegio\",\"description\":\"El Blog de tu Oficina - Expertos en Material de Oficina, Papeler\u00eda y Mobiliario\",\"publisher\":{\"@id\":\"https:\\\/\\\/jeyjo.es\\\/blog\\\/#organization\"},\"potentialAction\":[{\"@type\":\"SearchAction\",\"target\":{\"@type\":\"EntryPoint\",\"urlTemplate\":\"https:\\\/\\\/jeyjo.es\\\/blog\\\/?s={search_term_string}\"},\"query-input\":{\"@type\":\"PropertyValueSpecification\",\"valueRequired\":true,\"valueName\":\"search_term_string\"}}],\"inLanguage\":\"es\"},{\"@type\":\"Organization\",\"@id\":\"https:\\\/\\\/jeyjo.es\\\/blog\\\/#organization\",\"name\":\"Jeyjo Material de Oficina\",\"url\":\"https:\\\/\\\/jeyjo.es\\\/blog\\\/\",\"logo\":{\"@type\":\"ImageObject\",\"inLanguage\":\"es\",\"@id\":\"https:\\\/\\\/jeyjo.es\\\/blog\\\/#\\\/schema\\\/logo\\\/image\\\/\",\"url\":\"https:\\\/\\\/jeyjo.es\\\/blog\\\/wp-content\\\/uploads\\\/2023\\\/10\\\/LOGOTIPO-COLOR-cac-150px.jpg\",\"contentUrl\":\"https:\\\/\\\/jeyjo.es\\\/blog\\\/wp-content\\\/uploads\\\/2023\\\/10\\\/LOGOTIPO-COLOR-cac-150px.jpg\",\"width\":1771,\"height\":1006,\"caption\":\"Jeyjo Material de Oficina\"},\"image\":{\"@id\":\"https:\\\/\\\/jeyjo.es\\\/blog\\\/#\\\/schema\\\/logo\\\/image\\\/\"},\"sameAs\":[\"https:\\\/\\\/www.facebook.com\\\/jeyjo.papeleria.9\",\"https:\\\/\\\/x.com\\\/jeyjooficinas\",\"https:\\\/\\\/www.youtube.com\\\/channel\\\/UCUNp2bZMllJUVIAMZYdGZ8Q\",\"https:\\\/\\\/www.instagram.com\\\/jeyjomaterialdeoficina\\\/\",\"https:\\\/\\\/www.linkedin.com\\\/in\\\/jeyjo-material-de-oficina-aba48b49\"]},{\"@type\":\"Person\",\"@id\":\"https:\\\/\\\/jeyjo.es\\\/blog\\\/#\\\/schema\\\/person\\\/27b39b68644e2843617b9eb0877b528b\",\"name\":\"Jos\u00e9 Antonio\",\"image\":{\"@type\":\"ImageObject\",\"inLanguage\":\"es\",\"@id\":\"https:\\\/\\\/secure.gravatar.com\\\/avatar\\\/e8bbcf4f7a3e91ea18ca5e076249495fd4bcbc0c9bd4e3fb6c8294649ec86fcc?s=96&d=mm&r=g\",\"url\":\"https:\\\/\\\/secure.gravatar.com\\\/avatar\\\/e8bbcf4f7a3e91ea18ca5e076249495fd4bcbc0c9bd4e3fb6c8294649ec86fcc?s=96&d=mm&r=g\",\"contentUrl\":\"https:\\\/\\\/secure.gravatar.com\\\/avatar\\\/e8bbcf4f7a3e91ea18ca5e076249495fd4bcbc0c9bd4e3fb6c8294649ec86fcc?s=96&d=mm&r=g\",\"caption\":\"Jos\u00e9 Antonio\"},\"sameAs\":[\"http:\\\/\\\/jeyjo.es\\\/blog\"],\"url\":\"https:\\\/\\\/jeyjo.es\\\/blog\\\/index.php\\\/author\\\/programador\\\/\"}]}<\/script>\n<!-- \/ Yoast SEO plugin. -->","yoast_head_json":{"title":"Cizallas IDEAL, tu cortadora de papel profesional - Jeyjo","description":"Cortadora de papel profesional con 460 mm de longitud de corte y capacidad para 30 hojas. Ideal para oficinas, imprentas y m\u00e1s. \u00a1Cortes precisos y eficientes!","robots":{"index":"index","follow":"follow","max-snippet":"max-snippet:-1","max-image-preview":"max-image-preview:large","max-video-preview":"max-video-preview:-1"},"canonical":"https:\/\/jeyjo.es\/blog\/index.php\/2025\/02\/25\/cizallas-ideal-tu-cortadora-de-papel-profesional\/","og_locale":"es_ES","og_type":"article","og_title":"Cizallas IDEAL, tu cortadora de papel profesional - Jeyjo","og_description":"Cortadora de papel profesional con 460 mm de longitud de corte y capacidad para 30 hojas. Ideal para oficinas, imprentas y m\u00e1s. \u00a1Cortes precisos y eficientes!","og_url":"https:\/\/jeyjo.es\/blog\/index.php\/2025\/02\/25\/cizallas-ideal-tu-cortadora-de-papel-profesional\/","og_site_name":"Jeyjo","article_publisher":"https:\/\/www.facebook.com\/jeyjo.papeleria.9","article_published_time":"2025-02-25T11:52:26+00:00","article_modified_time":"2025-02-25T11:54:58+00:00","og_image":[{"width":470,"height":470,"url":"https:\/\/jeyjo.es\/blog\/wp-content\/uploads\/2025\/02\/cizalla-manual-ideal-1046-img.jpg","type":"image\/jpeg"}],"author":"Jos\u00e9 Antonio","twitter_card":"summary_large_image","twitter_creator":"@jeyjooficinas","twitter_site":"@jeyjooficinas","twitter_misc":{"Escrito por":"Jos\u00e9 Antonio","Tiempo de lectura":"4 minutos"},"schema":{"@context":"https:\/\/schema.org","@graph":[{"@type":"Article","@id":"https:\/\/jeyjo.es\/blog\/index.php\/2025\/02\/25\/cizallas-ideal-tu-cortadora-de-papel-profesional\/#article","isPartOf":{"@id":"https:\/\/jeyjo.es\/blog\/index.php\/2025\/02\/25\/cizallas-ideal-tu-cortadora-de-papel-profesional\/"},"author":{"name":"Jos\u00e9 Antonio","@id":"https:\/\/jeyjo.es\/blog\/#\/schema\/person\/27b39b68644e2843617b9eb0877b528b"},"headline":"Cizallas IDEAL, tu cortadora de papel profesional","datePublished":"2025-02-25T11:52:26+00:00","dateModified":"2025-02-25T11:54:58+00:00","mainEntityOfPage":{"@id":"https:\/\/jeyjo.es\/blog\/index.php\/2025\/02\/25\/cizallas-ideal-tu-cortadora-de-papel-profesional\/"},"wordCount":532,"commentCount":0,"publisher":{"@id":"https:\/\/jeyjo.es\/blog\/#organization"},"image":{"@id":"https:\/\/jeyjo.es\/blog\/index.php\/2025\/02\/25\/cizallas-ideal-tu-cortadora-de-papel-profesional\/#primaryimage"},"thumbnailUrl":"https:\/\/jeyjo.es\/blog\/wp-content\/uploads\/2025\/02\/cizalla-manual-ideal-1046-img.jpg","keywords":["cizalla 1046","Cortadora de papel","Cortadora de papel 30 hojas","Cortadora de papel 460 mm","Cortadora de papel A3","Cortadora de papel industrial","Cortadora de papel negocio","Cortadora de papel oficina","Cortadora de papel profesional","dhale","ideal","ideal 1046"],"articleSection":["Gu\u00edas de compra"],"inLanguage":"es","potentialAction":[{"@type":"CommentAction","name":"Comment","target":["https:\/\/jeyjo.es\/blog\/index.php\/2025\/02\/25\/cizallas-ideal-tu-cortadora-de-papel-profesional\/#respond"]}]},{"@type":"WebPage","@id":"https:\/\/jeyjo.es\/blog\/index.php\/2025\/02\/25\/cizallas-ideal-tu-cortadora-de-papel-profesional\/","url":"https:\/\/jeyjo.es\/blog\/index.php\/2025\/02\/25\/cizallas-ideal-tu-cortadora-de-papel-profesional\/","name":"Cizallas IDEAL, tu cortadora de papel profesional - Jeyjo","isPartOf":{"@id":"https:\/\/jeyjo.es\/blog\/#website"},"primaryImageOfPage":{"@id":"https:\/\/jeyjo.es\/blog\/index.php\/2025\/02\/25\/cizallas-ideal-tu-cortadora-de-papel-profesional\/#primaryimage"},"image":{"@id":"https:\/\/jeyjo.es\/blog\/index.php\/2025\/02\/25\/cizallas-ideal-tu-cortadora-de-papel-profesional\/#primaryimage"},"thumbnailUrl":"https:\/\/jeyjo.es\/blog\/wp-content\/uploads\/2025\/02\/cizalla-manual-ideal-1046-img.jpg","datePublished":"2025-02-25T11:52:26+00:00","dateModified":"2025-02-25T11:54:58+00:00","description":"Cortadora de papel profesional con 460 mm de longitud de corte y capacidad para 30 hojas. Ideal para oficinas, imprentas y m\u00e1s. \u00a1Cortes precisos y eficientes!","breadcrumb":{"@id":"https:\/\/jeyjo.es\/blog\/index.php\/2025\/02\/25\/cizallas-ideal-tu-cortadora-de-papel-profesional\/#breadcrumb"},"inLanguage":"es","potentialAction":[{"@type":"ReadAction","target":["https:\/\/jeyjo.es\/blog\/index.php\/2025\/02\/25\/cizallas-ideal-tu-cortadora-de-papel-profesional\/"]}]},{"@type":"ImageObject","inLanguage":"es","@id":"https:\/\/jeyjo.es\/blog\/index.php\/2025\/02\/25\/cizallas-ideal-tu-cortadora-de-papel-profesional\/#primaryimage","url":"https:\/\/jeyjo.es\/blog\/wp-content\/uploads\/2025\/02\/cizalla-manual-ideal-1046-img.jpg","contentUrl":"https:\/\/jeyjo.es\/blog\/wp-content\/uploads\/2025\/02\/cizalla-manual-ideal-1046-img.jpg","width":470,"height":470},{"@type":"BreadcrumbList","@id":"https:\/\/jeyjo.es\/blog\/index.php\/2025\/02\/25\/cizallas-ideal-tu-cortadora-de-papel-profesional\/#breadcrumb","itemListElement":[{"@type":"ListItem","position":1,"name":"Portada","item":"https:\/\/jeyjo.es\/blog\/"},{"@type":"ListItem","position":2,"name":"Cizallas IDEAL, tu cortadora de papel profesional"}]},{"@type":"WebSite","@id":"https:\/\/jeyjo.es\/blog\/#website","url":"https:\/\/jeyjo.es\/blog\/","name":"Blog para conocer todo sobre la oficina y el colegio","description":"El Blog de tu Oficina - Expertos en Material de Oficina, Papeler\u00eda y Mobiliario","publisher":{"@id":"https:\/\/jeyjo.es\/blog\/#organization"},"potentialAction":[{"@type":"SearchAction","target":{"@type":"EntryPoint","urlTemplate":"https:\/\/jeyjo.es\/blog\/?s={search_term_string}"},"query-input":{"@type":"PropertyValueSpecification","valueRequired":true,"valueName":"search_term_string"}}],"inLanguage":"es"},{"@type":"Organization","@id":"https:\/\/jeyjo.es\/blog\/#organization","name":"Jeyjo Material de Oficina","url":"https:\/\/jeyjo.es\/blog\/","logo":{"@type":"ImageObject","inLanguage":"es","@id":"https:\/\/jeyjo.es\/blog\/#\/schema\/logo\/image\/","url":"https:\/\/jeyjo.es\/blog\/wp-content\/uploads\/2023\/10\/LOGOTIPO-COLOR-cac-150px.jpg","contentUrl":"https:\/\/jeyjo.es\/blog\/wp-content\/uploads\/2023\/10\/LOGOTIPO-COLOR-cac-150px.jpg","width":1771,"height":1006,"caption":"Jeyjo Material de Oficina"},"image":{"@id":"https:\/\/jeyjo.es\/blog\/#\/schema\/logo\/image\/"},"sameAs":["https:\/\/www.facebook.com\/jeyjo.papeleria.9","https:\/\/x.com\/jeyjooficinas","https:\/\/www.youtube.com\/channel\/UCUNp2bZMllJUVIAMZYdGZ8Q","https:\/\/www.instagram.com\/jeyjomaterialdeoficina\/","https:\/\/www.linkedin.com\/in\/jeyjo-material-de-oficina-aba48b49"]},{"@type":"Person","@id":"https:\/\/jeyjo.es\/blog\/#\/schema\/person\/27b39b68644e2843617b9eb0877b528b","name":"Jos\u00e9 Antonio","image":{"@type":"ImageObject","inLanguage":"es","@id":"https:\/\/secure.gravatar.com\/avatar\/e8bbcf4f7a3e91ea18ca5e076249495fd4bcbc0c9bd4e3fb6c8294649ec86fcc?s=96&d=mm&r=g","url":"https:\/\/secure.gravatar.com\/avatar\/e8bbcf4f7a3e91ea18ca5e076249495fd4bcbc0c9bd4e3fb6c8294649ec86fcc?s=96&d=mm&r=g","contentUrl":"https:\/\/secure.gravatar.com\/avatar\/e8bbcf4f7a3e91ea18ca5e076249495fd4bcbc0c9bd4e3fb6c8294649ec86fcc?s=96&d=mm&r=g","caption":"Jos\u00e9 Antonio"},"sameAs":["http:\/\/jeyjo.es\/blog"],"url":"https:\/\/jeyjo.es\/blog\/index.php\/author\/programador\/"}]}},"_links":{"self":[{"href":"https:\/\/jeyjo.es\/blog\/index.php\/wp-json\/wp\/v2\/posts\/2049","targetHints":{"allow":["GET"]}}],"collection":[{"href":"https:\/\/jeyjo.es\/blog\/index.php\/wp-json\/wp\/v2\/posts"}],"about":[{"href":"https:\/\/jeyjo.es\/blog\/index.php\/wp-json\/wp\/v2\/types\/post"}],"author":[{"embeddable":true,"href":"https:\/\/jeyjo.es\/blog\/index.php\/wp-json\/wp\/v2\/users\/1"}],"replies":[{"embeddable":true,"href":"https:\/\/jeyjo.es\/blog\/index.php\/wp-json\/wp\/v2\/comments?post=2049"}],"version-history":[{"count":2,"href":"https:\/\/jeyjo.es\/blog\/index.php\/wp-json\/wp\/v2\/posts\/2049\/revisions"}],"predecessor-version":[{"id":2057,"href":"https:\/\/jeyjo.es\/blog\/index.php\/wp-json\/wp\/v2\/posts\/2049\/revisions\/2057"}],"wp:featuredmedia":[{"embeddable":true,"href":"https:\/\/jeyjo.es\/blog\/index.php\/wp-json\/wp\/v2\/media\/2050"}],"wp:attachment":[{"href":"https:\/\/jeyjo.es\/blog\/index.php\/wp-json\/wp\/v2\/media?parent=2049"}],"wp:term":[{"taxonomy":"category","embeddable":true,"href":"https:\/\/jeyjo.es\/blog\/index.php\/wp-json\/wp\/v2\/categories?post=2049"},{"taxonomy":"post_tag","embeddable":true,"href":"https:\/\/jeyjo.es\/blog\/index.php\/wp-json\/wp\/v2\/tags?post=2049"}],"curies":[{"name":"wp","href":"https:\/\/api.w.org\/{rel}","templated":true}]}}