{"id":2010,"date":"2025-02-25T09:33:22","date_gmt":"2025-02-25T08:33:22","guid":{"rendered":"https:\/\/jeyjo.es\/blog\/?p=2010"},"modified":"2025-02-25T09:33:23","modified_gmt":"2025-02-25T08:33:23","slug":"konica-minolta-tendencias-clave-del-trabajo-digital-en-2025","status":"publish","type":"post","link":"https:\/\/jeyjo.es\/blog\/index.php\/2025\/02\/25\/konica-minolta-tendencias-clave-del-trabajo-digital-en-2025\/","title":{"rendered":"Konica Minolta: Tendencias Clave del Trabajo Digital en 2025"},"content":{"rendered":"\n<p>El <strong>trabajo digital<\/strong> est\u00e1 en constante evoluci\u00f3n. Konica Minolta identifica las principales tendencias que marcar\u00e1n el panorama laboral en 2025, impulsadas por la necesidad de un futuro m\u00e1s sostenible, la centralizaci\u00f3n en las personas, el auge de la IA generativa y la ciberseguridad reforzada.<\/p>\n\n\n\n<h3 class=\"wp-block-heading\">1. Sostenibilidad: el pilar del futuro laboral<\/h3>\n\n\n\n<p>En 2025, la <strong>sostenibilidad<\/strong> ser\u00e1 un factor clave en las decisiones empresariales. La digitalizaci\u00f3n juega un papel fundamental en la reducci\u00f3n del impacto ambiental, desde la eliminaci\u00f3n del papel hasta la optimizaci\u00f3n del consumo energ\u00e9tico.<\/p>\n\n\n\n<ul class=\"wp-block-list\">\n<li><strong>Soluciones de Konica Minolta<\/strong>:*\n<ul class=\"wp-block-list\">\n<li><strong>Intelligent Connected Workplace<\/strong>: Fomenta la colaboraci\u00f3n digital y procesos inteligentes con bajo uso de papel.<\/li>\n\n\n\n<li><strong>Waidok y Dispatcher Phoenix<\/strong>: Digitalizan procesos intensivos en papel.<\/li>\n\n\n\n<li><strong>Microsoft 365<\/strong>: Reduce la transferencia de datos.<\/li>\n\n\n\n<li><strong>Workplace Pure y SafeQ Cloud<\/strong>: Priorizan la energ\u00eda renovable en centros de datos y proveedores.<\/li>\n\n\n\n<li><strong>Equipos Eco y botellas de t\u00f3ner<\/strong>: Promueven la econom\u00eda circular.<\/li>\n<\/ul>\n<\/li>\n<\/ul>\n\n\n\n<h3 class=\"wp-block-heading\">2. Lugares de trabajo centrados en las personas: el talento en el centro<\/h3>\n\n\n\n<p>El bienestar y desarrollo de los empleados ser\u00e1n prioritarios en 2025. Esto implica crear <strong>espacios de trabajo c\u00f3modos y ergon\u00f3micos<\/strong>, fomentar un <strong>entorno inclusivo<\/strong> y apoyar el <strong>equilibrio entre vida personal y profesional<\/strong>.<\/p>\n\n\n\n<ul class=\"wp-block-list\">\n<li><strong>Konica Minolta promueve<\/strong>:*\n<ul class=\"wp-block-list\">\n<li><strong>Flexibilidad laboral<\/strong>: Trabajo desde la oficina, casa o modelo h\u00edbrido.<\/li>\n\n\n\n<li><strong>Herramientas impulsadas por IA<\/strong>: Marketing, informes y servicio al cliente m\u00e1s eficientes.<\/li>\n\n\n\n<li><strong>Bienestar personal<\/strong>: Espacios de trabajo c\u00f3modos, salud f\u00edsica y mental.<\/li>\n\n\n\n<li><strong>Desarrollo profesional<\/strong>: Acuerdos laborales flexibles y remuneraci\u00f3n justa.<\/li>\n<\/ul>\n<\/li>\n<\/ul>\n\n\n\n<h3 class=\"wp-block-heading\">3. IA generativa y automatizaci\u00f3n: la revoluci\u00f3n de la productividad<\/h3>\n\n\n\n<p>La <strong>IA generativa<\/strong> y la <strong>automatizaci\u00f3n<\/strong> transformar\u00e1n la forma en que trabajamos. Desde la creaci\u00f3n de contenido hasta el an\u00e1lisis de datos, estas tecnolog\u00edas impulsar\u00e1n la productividad y la toma de decisiones.<\/p>\n\n\n\n<ul class=\"wp-block-list\">\n<li><strong>Soluciones de Konica Minolta<\/strong>:*\n<ul class=\"wp-block-list\">\n<li><strong>Waidok<\/strong>: Asistente de IA generativa para resumir documentos y responder preguntas.<\/li>\n\n\n\n<li><strong>Microsoft 365 Copilot<\/strong>: Creaci\u00f3n de contenido en Word, Outlook y PowerPoint.<\/li>\n\n\n\n<li><strong>Power Platform<\/strong>: Desarrollo de aplicaciones y chatbots para servicio al cliente.<\/li>\n\n\n\n<li><strong>Workplace Pure<\/strong>: Traducci\u00f3n de documentos con asistencia de IA.<\/li>\n\n\n\n<li><strong>Automatizaci\u00f3n de extracci\u00f3n de datos<\/strong>: Facturas, contratos y pedidos.<\/li>\n<\/ul>\n<\/li>\n<\/ul>\n\n\n\n<h3 class=\"wp-block-heading\">4. Ciberseguridad impulsada por IA: protecci\u00f3n contra amenazas avanzadas<\/h3>\n\n\n\n<p>Los ciberdelincuentes tambi\u00e9n utilizan la IA para lanzar ataques sofisticados. Las empresas deben adoptar <strong>medidas de ciberseguridad avanzadas<\/strong> para proteger sus datos e infraestructuras.<\/p>\n\n\n\n<ul class=\"wp-block-list\">\n<li><strong>Soluciones de Konica Minolta<\/strong>:*\n<ul class=\"wp-block-list\">\n<li><strong>Workplace Intrusion Patrol<\/strong>: Detecta y combate amenazas en tiempo real.<\/li>\n\n\n\n<li><strong>Capacitaci\u00f3n en seguridad<\/strong>: Sensibilizaci\u00f3n y prevenci\u00f3n de ataques.<\/li>\n\n\n\n<li><strong>An\u00e1lisis de flujos de datos<\/strong>: Detecci\u00f3n de anomal\u00edas y respuesta autom\u00e1tica.<\/li>\n<\/ul>\n<\/li>\n<\/ul>\n\n\n\n<h3 class=\"wp-block-heading\">5. Mayor seguridad en la nube: protecci\u00f3n en entornos digitales<\/h3>\n\n\n\n<p>La migraci\u00f3n a la nube exige una <strong>seguridad robusta<\/strong> para proteger datos confidenciales y cumplir con normativas como RGPD y NIS2.<\/p>\n\n\n\n<ul class=\"wp-block-list\">\n<li><strong>Konica Minolta garantiza<\/strong>:*\n<ul class=\"wp-block-list\">\n<li><strong>Certificaciones ISO 27001\/27017 y DIN EN 50600<\/strong>: Seguridad de la informaci\u00f3n y centros de datos.<\/li>\n\n\n\n<li><strong>Cifrado de datos<\/strong>: Protecci\u00f3n en la transferencia.<\/li>\n\n\n\n<li><strong>Autenticaci\u00f3n de dos factores y sincronizaci\u00f3n SSO<\/strong>: Acceso seguro.<\/li>\n\n\n\n<li><strong>Controles de acceso y monitoreo<\/strong>: Protecci\u00f3n de datos en la nube.<\/li>\n<\/ul>\n<\/li>\n<\/ul>\n\n\n\n<h3 class=\"wp-block-heading\">Konica Minolta: su socio en el trabajo digital del futuro<\/h3>\n\n\n\n<p>\u00abA medida que el lugar de trabajo digital evoluciona, tambi\u00e9n lo hacen las oportunidades y los riesgos\u00bb, afirma Olaf Lorenz, director de marketing internacional de Konica Minolta Business Solutions Europe. \u00abEn Konica Minolta, estamos comprometidos con apoyar a las personas y proteger el medio ambiente a trav\u00e9s de nuestra oferta de lugar de trabajo inteligente conectado\u00bb.<\/p>\n\n\n\n<p><strong>\u00bfEst\u00e1s preparado para el futuro del trabajo digital?<\/strong> Konica Minolta te acompa\u00f1a en este camino.<\/p>\n\n\n\n<figure class=\"wp-block-image size-full\"><img loading=\"lazy\" decoding=\"async\" width=\"900\" height=\"500\" src=\"https:\/\/jeyjo.es\/blog\/wp-content\/uploads\/2025\/02\/multifuncion-konica-minolta-bizhub-300i-distribuidor-madrid-iberica-duplicadoras.jpg\" alt=\"\" class=\"wp-image-2012\" srcset=\"https:\/\/jeyjo.es\/blog\/wp-content\/uploads\/2025\/02\/multifuncion-konica-minolta-bizhub-300i-distribuidor-madrid-iberica-duplicadoras.jpg 900w, https:\/\/jeyjo.es\/blog\/wp-content\/uploads\/2025\/02\/multifuncion-konica-minolta-bizhub-300i-distribuidor-madrid-iberica-duplicadoras-300x167.jpg 300w, https:\/\/jeyjo.es\/blog\/wp-content\/uploads\/2025\/02\/multifuncion-konica-minolta-bizhub-300i-distribuidor-madrid-iberica-duplicadoras-768x427.jpg 768w\" sizes=\"auto, (max-width: 900px) 100vw, 900px\" \/><\/figure>\n","protected":false},"excerpt":{"rendered":"<p class=\"text-justify\">Descubre las tendencias que Konica Minolta identifica como clave para el trabajo digital en 2025. \u00a1Prep\u00e1rate para el futuro del trabajo!<\/p>\n","protected":false},"author":1,"featured_media":2011,"comment_status":"open","ping_status":"open","sticky":false,"template":"","format":"standard","meta":{"footnotes":""},"categories":[1],"tags":[989,58,987,30,986,988,868,670,985,984],"class_list":["post-2010","post","type-post","status-publish","format-standard","has-post-thumbnail","hentry","category-sin-categoria","tag-automatizacion","tag-ciberseguridad","tag-ia-generativa","tag-konica-minolta","tag-lugares-de-trabajo","tag-nube","tag-productividad","tag-sostenibilidad","tag-tendencias-trabajo-digital","tag-trabajo-digital-2025"],"yoast_head":"<!-- This site is optimized with the Yoast SEO plugin v27.5 - https:\/\/yoast.com\/product\/yoast-seo-wordpress\/ -->\n<title>Konica Minolta: Tendencias Clave del Trabajo Digital en 2025 - Jeyjo<\/title>\n<meta name=\"description\" content=\"Descubre las tendencias que Konica Minolta identifica como clave para el trabajo digital en 2025. \u00a1Prep\u00e1rate para el futuro del trabajo!\" \/>\n<meta name=\"robots\" content=\"index, follow, max-snippet:-1, max-image-preview:large, max-video-preview:-1\" \/>\n<link rel=\"canonical\" href=\"https:\/\/jeyjo.es\/blog\/index.php\/2025\/02\/25\/konica-minolta-tendencias-clave-del-trabajo-digital-en-2025\/\" \/>\n<meta property=\"og:locale\" content=\"es_ES\" \/>\n<meta property=\"og:type\" content=\"article\" \/>\n<meta property=\"og:title\" content=\"Konica Minolta: Tendencias Clave del Trabajo Digital en 2025 - Jeyjo\" \/>\n<meta property=\"og:description\" content=\"Descubre las tendencias que Konica Minolta identifica como clave para el trabajo digital en 2025. \u00a1Prep\u00e1rate para el futuro del trabajo!\" \/>\n<meta property=\"og:url\" content=\"https:\/\/jeyjo.es\/blog\/index.php\/2025\/02\/25\/konica-minolta-tendencias-clave-del-trabajo-digital-en-2025\/\" \/>\n<meta property=\"og:site_name\" content=\"Jeyjo\" \/>\n<meta property=\"article:publisher\" content=\"https:\/\/www.facebook.com\/jeyjo.papeleria.9\" \/>\n<meta property=\"article:published_time\" content=\"2025-02-25T08:33:22+00:00\" \/>\n<meta property=\"article:modified_time\" content=\"2025-02-25T08:33:23+00:00\" \/>\n<meta property=\"og:image\" content=\"https:\/\/jeyjo.es\/blog\/wp-content\/uploads\/2025\/02\/konica-logo_header_1860x550.jpg\" \/>\n\t<meta property=\"og:image:width\" content=\"1880\" \/>\n\t<meta property=\"og:image:height\" content=\"550\" \/>\n\t<meta property=\"og:image:type\" content=\"image\/jpeg\" \/>\n<meta name=\"author\" content=\"Jos\u00e9 Antonio\" \/>\n<meta name=\"twitter:card\" content=\"summary_large_image\" \/>\n<meta name=\"twitter:creator\" content=\"@jeyjooficinas\" \/>\n<meta name=\"twitter:site\" content=\"@jeyjooficinas\" \/>\n<meta name=\"twitter:label1\" content=\"Escrito por\" \/>\n\t<meta name=\"twitter:data1\" content=\"Jos\u00e9 Antonio\" \/>\n\t<meta name=\"twitter:label2\" content=\"Tiempo de lectura\" \/>\n\t<meta name=\"twitter:data2\" content=\"3 minutos\" \/>\n<script type=\"application\/ld+json\" class=\"yoast-schema-graph\">{\"@context\":\"https:\\\/\\\/schema.org\",\"@graph\":[{\"@type\":\"Article\",\"@id\":\"https:\\\/\\\/jeyjo.es\\\/blog\\\/index.php\\\/2025\\\/02\\\/25\\\/konica-minolta-tendencias-clave-del-trabajo-digital-en-2025\\\/#article\",\"isPartOf\":{\"@id\":\"https:\\\/\\\/jeyjo.es\\\/blog\\\/index.php\\\/2025\\\/02\\\/25\\\/konica-minolta-tendencias-clave-del-trabajo-digital-en-2025\\\/\"},\"author\":{\"name\":\"Jos\u00e9 Antonio\",\"@id\":\"https:\\\/\\\/jeyjo.es\\\/blog\\\/#\\\/schema\\\/person\\\/27b39b68644e2843617b9eb0877b528b\"},\"headline\":\"Konica Minolta: Tendencias Clave del Trabajo Digital en 2025\",\"datePublished\":\"2025-02-25T08:33:22+00:00\",\"dateModified\":\"2025-02-25T08:33:23+00:00\",\"mainEntityOfPage\":{\"@id\":\"https:\\\/\\\/jeyjo.es\\\/blog\\\/index.php\\\/2025\\\/02\\\/25\\\/konica-minolta-tendencias-clave-del-trabajo-digital-en-2025\\\/\"},\"wordCount\":604,\"commentCount\":0,\"publisher\":{\"@id\":\"https:\\\/\\\/jeyjo.es\\\/blog\\\/#organization\"},\"image\":{\"@id\":\"https:\\\/\\\/jeyjo.es\\\/blog\\\/index.php\\\/2025\\\/02\\\/25\\\/konica-minolta-tendencias-clave-del-trabajo-digital-en-2025\\\/#primaryimage\"},\"thumbnailUrl\":\"https:\\\/\\\/jeyjo.es\\\/blog\\\/wp-content\\\/uploads\\\/2025\\\/02\\\/konica-logo_header_1860x550.jpg\",\"keywords\":[\"Automatizaci\u00f3n\",\"ciberseguridad\",\"IA generativa\",\"konica minolta\",\"Lugares de trabajo\",\"Nube\",\"Productividad\",\"sostenibilidad\",\"Tendencias trabajo digital\",\"Trabajo digital 2025\"],\"inLanguage\":\"es\",\"potentialAction\":[{\"@type\":\"CommentAction\",\"name\":\"Comment\",\"target\":[\"https:\\\/\\\/jeyjo.es\\\/blog\\\/index.php\\\/2025\\\/02\\\/25\\\/konica-minolta-tendencias-clave-del-trabajo-digital-en-2025\\\/#respond\"]}]},{\"@type\":\"WebPage\",\"@id\":\"https:\\\/\\\/jeyjo.es\\\/blog\\\/index.php\\\/2025\\\/02\\\/25\\\/konica-minolta-tendencias-clave-del-trabajo-digital-en-2025\\\/\",\"url\":\"https:\\\/\\\/jeyjo.es\\\/blog\\\/index.php\\\/2025\\\/02\\\/25\\\/konica-minolta-tendencias-clave-del-trabajo-digital-en-2025\\\/\",\"name\":\"Konica Minolta: Tendencias Clave del Trabajo Digital en 2025 - Jeyjo\",\"isPartOf\":{\"@id\":\"https:\\\/\\\/jeyjo.es\\\/blog\\\/#website\"},\"primaryImageOfPage\":{\"@id\":\"https:\\\/\\\/jeyjo.es\\\/blog\\\/index.php\\\/2025\\\/02\\\/25\\\/konica-minolta-tendencias-clave-del-trabajo-digital-en-2025\\\/#primaryimage\"},\"image\":{\"@id\":\"https:\\\/\\\/jeyjo.es\\\/blog\\\/index.php\\\/2025\\\/02\\\/25\\\/konica-minolta-tendencias-clave-del-trabajo-digital-en-2025\\\/#primaryimage\"},\"thumbnailUrl\":\"https:\\\/\\\/jeyjo.es\\\/blog\\\/wp-content\\\/uploads\\\/2025\\\/02\\\/konica-logo_header_1860x550.jpg\",\"datePublished\":\"2025-02-25T08:33:22+00:00\",\"dateModified\":\"2025-02-25T08:33:23+00:00\",\"description\":\"Descubre las tendencias que Konica Minolta identifica como clave para el trabajo digital en 2025. \u00a1Prep\u00e1rate para el futuro del trabajo!\",\"breadcrumb\":{\"@id\":\"https:\\\/\\\/jeyjo.es\\\/blog\\\/index.php\\\/2025\\\/02\\\/25\\\/konica-minolta-tendencias-clave-del-trabajo-digital-en-2025\\\/#breadcrumb\"},\"inLanguage\":\"es\",\"potentialAction\":[{\"@type\":\"ReadAction\",\"target\":[\"https:\\\/\\\/jeyjo.es\\\/blog\\\/index.php\\\/2025\\\/02\\\/25\\\/konica-minolta-tendencias-clave-del-trabajo-digital-en-2025\\\/\"]}]},{\"@type\":\"ImageObject\",\"inLanguage\":\"es\",\"@id\":\"https:\\\/\\\/jeyjo.es\\\/blog\\\/index.php\\\/2025\\\/02\\\/25\\\/konica-minolta-tendencias-clave-del-trabajo-digital-en-2025\\\/#primaryimage\",\"url\":\"https:\\\/\\\/jeyjo.es\\\/blog\\\/wp-content\\\/uploads\\\/2025\\\/02\\\/konica-logo_header_1860x550.jpg\",\"contentUrl\":\"https:\\\/\\\/jeyjo.es\\\/blog\\\/wp-content\\\/uploads\\\/2025\\\/02\\\/konica-logo_header_1860x550.jpg\",\"width\":1880,\"height\":550},{\"@type\":\"BreadcrumbList\",\"@id\":\"https:\\\/\\\/jeyjo.es\\\/blog\\\/index.php\\\/2025\\\/02\\\/25\\\/konica-minolta-tendencias-clave-del-trabajo-digital-en-2025\\\/#breadcrumb\",\"itemListElement\":[{\"@type\":\"ListItem\",\"position\":1,\"name\":\"Portada\",\"item\":\"https:\\\/\\\/jeyjo.es\\\/blog\\\/\"},{\"@type\":\"ListItem\",\"position\":2,\"name\":\"Konica Minolta: Tendencias Clave del Trabajo Digital en 2025\"}]},{\"@type\":\"WebSite\",\"@id\":\"https:\\\/\\\/jeyjo.es\\\/blog\\\/#website\",\"url\":\"https:\\\/\\\/jeyjo.es\\\/blog\\\/\",\"name\":\"Blog para conocer todo sobre la oficina y el colegio\",\"description\":\"El Blog de tu Oficina - Expertos en Material de Oficina, Papeler\u00eda y Mobiliario\",\"publisher\":{\"@id\":\"https:\\\/\\\/jeyjo.es\\\/blog\\\/#organization\"},\"potentialAction\":[{\"@type\":\"SearchAction\",\"target\":{\"@type\":\"EntryPoint\",\"urlTemplate\":\"https:\\\/\\\/jeyjo.es\\\/blog\\\/?s={search_term_string}\"},\"query-input\":{\"@type\":\"PropertyValueSpecification\",\"valueRequired\":true,\"valueName\":\"search_term_string\"}}],\"inLanguage\":\"es\"},{\"@type\":\"Organization\",\"@id\":\"https:\\\/\\\/jeyjo.es\\\/blog\\\/#organization\",\"name\":\"Jeyjo Material de Oficina\",\"url\":\"https:\\\/\\\/jeyjo.es\\\/blog\\\/\",\"logo\":{\"@type\":\"ImageObject\",\"inLanguage\":\"es\",\"@id\":\"https:\\\/\\\/jeyjo.es\\\/blog\\\/#\\\/schema\\\/logo\\\/image\\\/\",\"url\":\"https:\\\/\\\/jeyjo.es\\\/blog\\\/wp-content\\\/uploads\\\/2023\\\/10\\\/LOGOTIPO-COLOR-cac-150px.jpg\",\"contentUrl\":\"https:\\\/\\\/jeyjo.es\\\/blog\\\/wp-content\\\/uploads\\\/2023\\\/10\\\/LOGOTIPO-COLOR-cac-150px.jpg\",\"width\":1771,\"height\":1006,\"caption\":\"Jeyjo Material de Oficina\"},\"image\":{\"@id\":\"https:\\\/\\\/jeyjo.es\\\/blog\\\/#\\\/schema\\\/logo\\\/image\\\/\"},\"sameAs\":[\"https:\\\/\\\/www.facebook.com\\\/jeyjo.papeleria.9\",\"https:\\\/\\\/x.com\\\/jeyjooficinas\",\"https:\\\/\\\/www.youtube.com\\\/channel\\\/UCUNp2bZMllJUVIAMZYdGZ8Q\",\"https:\\\/\\\/www.instagram.com\\\/jeyjomaterialdeoficina\\\/\",\"https:\\\/\\\/www.linkedin.com\\\/in\\\/jeyjo-material-de-oficina-aba48b49\"]},{\"@type\":\"Person\",\"@id\":\"https:\\\/\\\/jeyjo.es\\\/blog\\\/#\\\/schema\\\/person\\\/27b39b68644e2843617b9eb0877b528b\",\"name\":\"Jos\u00e9 Antonio\",\"image\":{\"@type\":\"ImageObject\",\"inLanguage\":\"es\",\"@id\":\"https:\\\/\\\/secure.gravatar.com\\\/avatar\\\/e8bbcf4f7a3e91ea18ca5e076249495fd4bcbc0c9bd4e3fb6c8294649ec86fcc?s=96&d=mm&r=g\",\"url\":\"https:\\\/\\\/secure.gravatar.com\\\/avatar\\\/e8bbcf4f7a3e91ea18ca5e076249495fd4bcbc0c9bd4e3fb6c8294649ec86fcc?s=96&d=mm&r=g\",\"contentUrl\":\"https:\\\/\\\/secure.gravatar.com\\\/avatar\\\/e8bbcf4f7a3e91ea18ca5e076249495fd4bcbc0c9bd4e3fb6c8294649ec86fcc?s=96&d=mm&r=g\",\"caption\":\"Jos\u00e9 Antonio\"},\"sameAs\":[\"http:\\\/\\\/jeyjo.es\\\/blog\"],\"url\":\"https:\\\/\\\/jeyjo.es\\\/blog\\\/index.php\\\/author\\\/programador\\\/\"}]}<\/script>\n<!-- \/ Yoast SEO plugin. -->","yoast_head_json":{"title":"Konica Minolta: Tendencias Clave del Trabajo Digital en 2025 - Jeyjo","description":"Descubre las tendencias que Konica Minolta identifica como clave para el trabajo digital en 2025. \u00a1Prep\u00e1rate para el futuro del trabajo!","robots":{"index":"index","follow":"follow","max-snippet":"max-snippet:-1","max-image-preview":"max-image-preview:large","max-video-preview":"max-video-preview:-1"},"canonical":"https:\/\/jeyjo.es\/blog\/index.php\/2025\/02\/25\/konica-minolta-tendencias-clave-del-trabajo-digital-en-2025\/","og_locale":"es_ES","og_type":"article","og_title":"Konica Minolta: Tendencias Clave del Trabajo Digital en 2025 - Jeyjo","og_description":"Descubre las tendencias que Konica Minolta identifica como clave para el trabajo digital en 2025. \u00a1Prep\u00e1rate para el futuro del trabajo!","og_url":"https:\/\/jeyjo.es\/blog\/index.php\/2025\/02\/25\/konica-minolta-tendencias-clave-del-trabajo-digital-en-2025\/","og_site_name":"Jeyjo","article_publisher":"https:\/\/www.facebook.com\/jeyjo.papeleria.9","article_published_time":"2025-02-25T08:33:22+00:00","article_modified_time":"2025-02-25T08:33:23+00:00","og_image":[{"width":1880,"height":550,"url":"https:\/\/jeyjo.es\/blog\/wp-content\/uploads\/2025\/02\/konica-logo_header_1860x550.jpg","type":"image\/jpeg"}],"author":"Jos\u00e9 Antonio","twitter_card":"summary_large_image","twitter_creator":"@jeyjooficinas","twitter_site":"@jeyjooficinas","twitter_misc":{"Escrito por":"Jos\u00e9 Antonio","Tiempo de lectura":"3 minutos"},"schema":{"@context":"https:\/\/schema.org","@graph":[{"@type":"Article","@id":"https:\/\/jeyjo.es\/blog\/index.php\/2025\/02\/25\/konica-minolta-tendencias-clave-del-trabajo-digital-en-2025\/#article","isPartOf":{"@id":"https:\/\/jeyjo.es\/blog\/index.php\/2025\/02\/25\/konica-minolta-tendencias-clave-del-trabajo-digital-en-2025\/"},"author":{"name":"Jos\u00e9 Antonio","@id":"https:\/\/jeyjo.es\/blog\/#\/schema\/person\/27b39b68644e2843617b9eb0877b528b"},"headline":"Konica Minolta: Tendencias Clave del Trabajo Digital en 2025","datePublished":"2025-02-25T08:33:22+00:00","dateModified":"2025-02-25T08:33:23+00:00","mainEntityOfPage":{"@id":"https:\/\/jeyjo.es\/blog\/index.php\/2025\/02\/25\/konica-minolta-tendencias-clave-del-trabajo-digital-en-2025\/"},"wordCount":604,"commentCount":0,"publisher":{"@id":"https:\/\/jeyjo.es\/blog\/#organization"},"image":{"@id":"https:\/\/jeyjo.es\/blog\/index.php\/2025\/02\/25\/konica-minolta-tendencias-clave-del-trabajo-digital-en-2025\/#primaryimage"},"thumbnailUrl":"https:\/\/jeyjo.es\/blog\/wp-content\/uploads\/2025\/02\/konica-logo_header_1860x550.jpg","keywords":["Automatizaci\u00f3n","ciberseguridad","IA generativa","konica minolta","Lugares de trabajo","Nube","Productividad","sostenibilidad","Tendencias trabajo digital","Trabajo digital 2025"],"inLanguage":"es","potentialAction":[{"@type":"CommentAction","name":"Comment","target":["https:\/\/jeyjo.es\/blog\/index.php\/2025\/02\/25\/konica-minolta-tendencias-clave-del-trabajo-digital-en-2025\/#respond"]}]},{"@type":"WebPage","@id":"https:\/\/jeyjo.es\/blog\/index.php\/2025\/02\/25\/konica-minolta-tendencias-clave-del-trabajo-digital-en-2025\/","url":"https:\/\/jeyjo.es\/blog\/index.php\/2025\/02\/25\/konica-minolta-tendencias-clave-del-trabajo-digital-en-2025\/","name":"Konica Minolta: Tendencias Clave del Trabajo Digital en 2025 - Jeyjo","isPartOf":{"@id":"https:\/\/jeyjo.es\/blog\/#website"},"primaryImageOfPage":{"@id":"https:\/\/jeyjo.es\/blog\/index.php\/2025\/02\/25\/konica-minolta-tendencias-clave-del-trabajo-digital-en-2025\/#primaryimage"},"image":{"@id":"https:\/\/jeyjo.es\/blog\/index.php\/2025\/02\/25\/konica-minolta-tendencias-clave-del-trabajo-digital-en-2025\/#primaryimage"},"thumbnailUrl":"https:\/\/jeyjo.es\/blog\/wp-content\/uploads\/2025\/02\/konica-logo_header_1860x550.jpg","datePublished":"2025-02-25T08:33:22+00:00","dateModified":"2025-02-25T08:33:23+00:00","description":"Descubre las tendencias que Konica Minolta identifica como clave para el trabajo digital en 2025. \u00a1Prep\u00e1rate para el futuro del trabajo!","breadcrumb":{"@id":"https:\/\/jeyjo.es\/blog\/index.php\/2025\/02\/25\/konica-minolta-tendencias-clave-del-trabajo-digital-en-2025\/#breadcrumb"},"inLanguage":"es","potentialAction":[{"@type":"ReadAction","target":["https:\/\/jeyjo.es\/blog\/index.php\/2025\/02\/25\/konica-minolta-tendencias-clave-del-trabajo-digital-en-2025\/"]}]},{"@type":"ImageObject","inLanguage":"es","@id":"https:\/\/jeyjo.es\/blog\/index.php\/2025\/02\/25\/konica-minolta-tendencias-clave-del-trabajo-digital-en-2025\/#primaryimage","url":"https:\/\/jeyjo.es\/blog\/wp-content\/uploads\/2025\/02\/konica-logo_header_1860x550.jpg","contentUrl":"https:\/\/jeyjo.es\/blog\/wp-content\/uploads\/2025\/02\/konica-logo_header_1860x550.jpg","width":1880,"height":550},{"@type":"BreadcrumbList","@id":"https:\/\/jeyjo.es\/blog\/index.php\/2025\/02\/25\/konica-minolta-tendencias-clave-del-trabajo-digital-en-2025\/#breadcrumb","itemListElement":[{"@type":"ListItem","position":1,"name":"Portada","item":"https:\/\/jeyjo.es\/blog\/"},{"@type":"ListItem","position":2,"name":"Konica Minolta: Tendencias Clave del Trabajo Digital en 2025"}]},{"@type":"WebSite","@id":"https:\/\/jeyjo.es\/blog\/#website","url":"https:\/\/jeyjo.es\/blog\/","name":"Blog para conocer todo sobre la oficina y el colegio","description":"El Blog de tu Oficina - Expertos en Material de Oficina, Papeler\u00eda y Mobiliario","publisher":{"@id":"https:\/\/jeyjo.es\/blog\/#organization"},"potentialAction":[{"@type":"SearchAction","target":{"@type":"EntryPoint","urlTemplate":"https:\/\/jeyjo.es\/blog\/?s={search_term_string}"},"query-input":{"@type":"PropertyValueSpecification","valueRequired":true,"valueName":"search_term_string"}}],"inLanguage":"es"},{"@type":"Organization","@id":"https:\/\/jeyjo.es\/blog\/#organization","name":"Jeyjo Material de Oficina","url":"https:\/\/jeyjo.es\/blog\/","logo":{"@type":"ImageObject","inLanguage":"es","@id":"https:\/\/jeyjo.es\/blog\/#\/schema\/logo\/image\/","url":"https:\/\/jeyjo.es\/blog\/wp-content\/uploads\/2023\/10\/LOGOTIPO-COLOR-cac-150px.jpg","contentUrl":"https:\/\/jeyjo.es\/blog\/wp-content\/uploads\/2023\/10\/LOGOTIPO-COLOR-cac-150px.jpg","width":1771,"height":1006,"caption":"Jeyjo Material de Oficina"},"image":{"@id":"https:\/\/jeyjo.es\/blog\/#\/schema\/logo\/image\/"},"sameAs":["https:\/\/www.facebook.com\/jeyjo.papeleria.9","https:\/\/x.com\/jeyjooficinas","https:\/\/www.youtube.com\/channel\/UCUNp2bZMllJUVIAMZYdGZ8Q","https:\/\/www.instagram.com\/jeyjomaterialdeoficina\/","https:\/\/www.linkedin.com\/in\/jeyjo-material-de-oficina-aba48b49"]},{"@type":"Person","@id":"https:\/\/jeyjo.es\/blog\/#\/schema\/person\/27b39b68644e2843617b9eb0877b528b","name":"Jos\u00e9 Antonio","image":{"@type":"ImageObject","inLanguage":"es","@id":"https:\/\/secure.gravatar.com\/avatar\/e8bbcf4f7a3e91ea18ca5e076249495fd4bcbc0c9bd4e3fb6c8294649ec86fcc?s=96&d=mm&r=g","url":"https:\/\/secure.gravatar.com\/avatar\/e8bbcf4f7a3e91ea18ca5e076249495fd4bcbc0c9bd4e3fb6c8294649ec86fcc?s=96&d=mm&r=g","contentUrl":"https:\/\/secure.gravatar.com\/avatar\/e8bbcf4f7a3e91ea18ca5e076249495fd4bcbc0c9bd4e3fb6c8294649ec86fcc?s=96&d=mm&r=g","caption":"Jos\u00e9 Antonio"},"sameAs":["http:\/\/jeyjo.es\/blog"],"url":"https:\/\/jeyjo.es\/blog\/index.php\/author\/programador\/"}]}},"_links":{"self":[{"href":"https:\/\/jeyjo.es\/blog\/index.php\/wp-json\/wp\/v2\/posts\/2010","targetHints":{"allow":["GET"]}}],"collection":[{"href":"https:\/\/jeyjo.es\/blog\/index.php\/wp-json\/wp\/v2\/posts"}],"about":[{"href":"https:\/\/jeyjo.es\/blog\/index.php\/wp-json\/wp\/v2\/types\/post"}],"author":[{"embeddable":true,"href":"https:\/\/jeyjo.es\/blog\/index.php\/wp-json\/wp\/v2\/users\/1"}],"replies":[{"embeddable":true,"href":"https:\/\/jeyjo.es\/blog\/index.php\/wp-json\/wp\/v2\/comments?post=2010"}],"version-history":[{"count":1,"href":"https:\/\/jeyjo.es\/blog\/index.php\/wp-json\/wp\/v2\/posts\/2010\/revisions"}],"predecessor-version":[{"id":2013,"href":"https:\/\/jeyjo.es\/blog\/index.php\/wp-json\/wp\/v2\/posts\/2010\/revisions\/2013"}],"wp:featuredmedia":[{"embeddable":true,"href":"https:\/\/jeyjo.es\/blog\/index.php\/wp-json\/wp\/v2\/media\/2011"}],"wp:attachment":[{"href":"https:\/\/jeyjo.es\/blog\/index.php\/wp-json\/wp\/v2\/media?parent=2010"}],"wp:term":[{"taxonomy":"category","embeddable":true,"href":"https:\/\/jeyjo.es\/blog\/index.php\/wp-json\/wp\/v2\/categories?post=2010"},{"taxonomy":"post_tag","embeddable":true,"href":"https:\/\/jeyjo.es\/blog\/index.php\/wp-json\/wp\/v2\/tags?post=2010"}],"curies":[{"name":"wp","href":"https:\/\/api.w.org\/{rel}","templated":true}]}}