{"id":2000,"date":"2024-06-21T09:59:50","date_gmt":"2024-06-21T07:59:50","guid":{"rendered":"https:\/\/jeyjo.es\/blog\/?p=2000"},"modified":"2024-06-21T09:59:52","modified_gmt":"2024-06-21T07:59:52","slug":"ayudas-a-la-compra-de-libros-de-texto-en-la-rioja-para-el-curso-2024-2025","status":"publish","type":"post","link":"https:\/\/jeyjo.es\/blog\/index.php\/2024\/06\/21\/ayudas-a-la-compra-de-libros-de-texto-en-la-rioja-para-el-curso-2024-2025\/","title":{"rendered":"\u00a1Ayudas a la compra de libros de texto en La Rioja para el curso 2024\/2025!"},"content":{"rendered":"\n<p><strong>\u00bfEres estudiante o familiar de un estudiante en La Rioja?<\/strong> \u00a1Atenci\u00f3n! El Gobierno de La Rioja ha convocado ayudas para la compra de libros de texto para el curso 2024\/2025.<\/p>\n\n\n\n<p><strong>\u00bfQui\u00e9nes pueden solicitarlas?<\/strong><\/p>\n\n\n\n<ul class=\"wp-block-list\">\n<li>Estudiantes de 1\u00ba y 2\u00ba de Educaci\u00f3n Primaria.<\/li>\n\n\n\n<li>Estudiantes de Educaci\u00f3n Secundaria Obligatoria (ESO).<\/li>\n\n\n\n<li>Estudiantes de Ciclos Formativos de Grado B\u00e1sico.<\/li>\n<\/ul>\n\n\n\n<p><strong>\u00bfC\u00f3mo puedo solicitar la ayuda?<\/strong><\/p>\n\n\n\n<p>Las solicitudes pueden presentarse de forma <strong>electr\u00f3nica<\/strong> o <strong>presencial<\/strong> desde el <strong>19 de junio hasta el 2 de julio de 2024<\/strong>.<\/p>\n\n\n\n<p><strong>\u00bfQu\u00e9 documentaci\u00f3n necesito?<\/strong><\/p>\n\n\n\n<ul class=\"wp-block-list\">\n<li>Solicitud cumplimentada.<\/li>\n\n\n\n<li>Fotocopia del libro de familia.<\/li>\n\n\n\n<li>Fotocopia de la sentencia de separaci\u00f3n o divorcio (si procede).<\/li>\n\n\n\n<li>Certificado de defunci\u00f3n (si procede).<\/li>\n\n\n\n<li>Certificado de Territorio Foral del Impuesto de la Renta (para quienes tributen en territorios forales).<\/li>\n\n\n\n<li>Volantes de empadronamiento de todos los miembros de la unidad familiar.<\/li>\n\n\n\n<li>Documentaci\u00f3n adicional seg\u00fan el caso (por ejemplo, autorizaci\u00f3n de ingreso en cuenta del centro).<\/li>\n<\/ul>\n\n\n\n<p><strong>\u00bfC\u00f3mo puedo obtener m\u00e1s informaci\u00f3n?<\/strong><\/p>\n\n\n\n<p>Toda la informaci\u00f3n sobre las ayudas, requisitos, documentaci\u00f3n y plazos est\u00e1 disponible en el siguiente enlace: <a href=\"https:\/\/web.larioja.org\/oficina-electronica\/tramite?n=20987\" target=\"_blank\" rel=\"noreferrer noopener\">https:\/\/www.larioja.org\/educacion\/es\/oficina-electronica?web=110&amp;proc=20987#tab4<\/a><\/p>\n\n\n\n<p><strong>\u00a1Pide tus libros de texto con Jeyjo y aprovecha las ayudas!<\/strong><\/p>\n\n\n\n<p>En Jeyjo Material de Oficina, librer\u00eda especializada en libros para estudiantes, te ofrecemos una amplia variedad de libros de texto para todos los cursos y niveles. Adem\u00e1s, te facilitamos la compra de tus libros online y te los enviamos a domicilio.<\/p>\n\n\n\n<p><strong>Pide tus libros de texto ahora y benef\u00edciate de las ayudas del Gobierno de La Rioja.<\/strong><\/p>\n\n\n\n<p><strong>\u00a1No te quedes sin tus libros!<\/strong><\/p>\n\n\n\n<p><strong>Enlace al formulario de pedido online:<\/strong><a href=\"https:\/\/docs.google.com\/forms\/d\/e\/1FAIpQLSfPu1tUpsKeW2l7zElPL6d0FPI-5dsL0WNhig2O46OFYjzVkg\/viewform?usp=sf_link\" target=\"_blank\" rel=\"noreferrer noopener\"> Formulario de pedido de libros de texto JEYJO<\/a><\/p>\n\n\n\n<p><strong>\u00a1Te esperamos en Jeyjo Material de Oficina!<\/strong><\/p>\n","protected":false},"excerpt":{"rendered":"<p class=\"text-justify\">\u00bfEres estudiante o familiar de un estudiante en La Rioja? \u00a1Atenci\u00f3n! El Gobierno de La Rioja ha convocado ayudas para la compra [&hellip;]<\/p>\n","protected":false},"author":1,"featured_media":2001,"comment_status":"open","ping_status":"open","sticky":false,"template":"","format":"standard","meta":{"footnotes":""},"categories":[11],"tags":[975,955,962,964,620,973,965,726,960,971,723,957,972,961,969,967,9,121,970,956,974,959,966,968,129,963,727,954,976,958],"class_list":["post-2000","post","type-post","status-publish","format-standard","has-post-thumbnail","hentry","category-noticias","tag-ayudas","tag-ayudas-a-la-compra-de-libros-de-texto-la-rioja","tag-ayudas-economicas-la-rioja","tag-becas-la-rioja","tag-compra-online","tag-compra-online-libros-de-texto-la-rioja","tag-curso-2024-2025","tag-educacion","tag-educacion-la-rioja","tag-envio-a-domicilio-libros-de-texto-la-rioja","tag-estudiantes","tag-estudiantes-la-rioja","tag-familias","tag-familias-la-rioja","tag-gobierno","tag-gobierno-de-la-rioja","tag-jeyjo","tag-la-rioja","tag-libreria","tag-libreria-jeyjo-material-de-oficina-la-rioja","tag-libros-de-texto","tag-libros-de-texto-curso-2024-2025-la-rioja","tag-libros-infantiles-la-rioja","tag-libros-juveniles-la-rioja","tag-material-de-oficina","tag-material-educativo-la-rioja","tag-material-escolar","tag-material-escolar-la-rioja","tag-subvenciones","tag-subvenciones-libros-de-texto-la-rioja"],"yoast_head":"<!-- This site is optimized with the Yoast SEO plugin v27.5 - https:\/\/yoast.com\/product\/yoast-seo-wordpress\/ -->\n<title>\u00a1Ayudas a la compra de libros de texto en La Rioja para el curso 2024\/2025! - Jeyjo<\/title>\n<meta name=\"robots\" content=\"index, follow, max-snippet:-1, max-image-preview:large, max-video-preview:-1\" \/>\n<link rel=\"canonical\" href=\"https:\/\/jeyjo.es\/blog\/index.php\/2024\/06\/21\/ayudas-a-la-compra-de-libros-de-texto-en-la-rioja-para-el-curso-2024-2025\/\" \/>\n<meta property=\"og:locale\" content=\"es_ES\" \/>\n<meta property=\"og:type\" content=\"article\" \/>\n<meta property=\"og:title\" content=\"\u00a1Ayudas a la compra de libros de texto en La Rioja para el curso 2024\/2025! - Jeyjo\" \/>\n<meta property=\"og:description\" content=\"\u00bfEres estudiante o familiar de un estudiante en La Rioja? \u00a1Atenci\u00f3n! El Gobierno de La Rioja ha convocado ayudas para la compra [&hellip;]\" \/>\n<meta property=\"og:url\" content=\"https:\/\/jeyjo.es\/blog\/index.php\/2024\/06\/21\/ayudas-a-la-compra-de-libros-de-texto-en-la-rioja-para-el-curso-2024-2025\/\" \/>\n<meta property=\"og:site_name\" content=\"Jeyjo\" \/>\n<meta property=\"article:publisher\" content=\"https:\/\/www.facebook.com\/jeyjo.papeleria.9\" \/>\n<meta property=\"article:published_time\" content=\"2024-06-21T07:59:50+00:00\" \/>\n<meta property=\"article:modified_time\" content=\"2024-06-21T07:59:52+00:00\" \/>\n<meta property=\"og:image\" content=\"https:\/\/jeyjo.es\/blog\/wp-content\/uploads\/2024\/06\/PORTADA-AYUDAS-CHEQUELIBROS-2024-2025.jpg\" \/>\n\t<meta property=\"og:image:width\" content=\"1713\" \/>\n\t<meta property=\"og:image:height\" content=\"1181\" \/>\n\t<meta property=\"og:image:type\" content=\"image\/jpeg\" \/>\n<meta name=\"author\" content=\"Jos\u00e9 Antonio\" \/>\n<meta name=\"twitter:card\" content=\"summary_large_image\" \/>\n<meta name=\"twitter:creator\" content=\"@jeyjooficinas\" \/>\n<meta name=\"twitter:site\" content=\"@jeyjooficinas\" \/>\n<meta name=\"twitter:label1\" content=\"Escrito por\" \/>\n\t<meta name=\"twitter:data1\" content=\"Jos\u00e9 Antonio\" \/>\n\t<meta name=\"twitter:label2\" content=\"Tiempo de lectura\" \/>\n\t<meta name=\"twitter:data2\" content=\"2 minutos\" \/>\n<script type=\"application\/ld+json\" class=\"yoast-schema-graph\">{\"@context\":\"https:\\\/\\\/schema.org\",\"@graph\":[{\"@type\":\"Article\",\"@id\":\"https:\\\/\\\/jeyjo.es\\\/blog\\\/index.php\\\/2024\\\/06\\\/21\\\/ayudas-a-la-compra-de-libros-de-texto-en-la-rioja-para-el-curso-2024-2025\\\/#article\",\"isPartOf\":{\"@id\":\"https:\\\/\\\/jeyjo.es\\\/blog\\\/index.php\\\/2024\\\/06\\\/21\\\/ayudas-a-la-compra-de-libros-de-texto-en-la-rioja-para-el-curso-2024-2025\\\/\"},\"author\":{\"name\":\"Jos\u00e9 Antonio\",\"@id\":\"https:\\\/\\\/jeyjo.es\\\/blog\\\/#\\\/schema\\\/person\\\/27b39b68644e2843617b9eb0877b528b\"},\"headline\":\"\u00a1Ayudas a la compra de libros de texto en La Rioja para el curso 2024\\\/2025!\",\"datePublished\":\"2024-06-21T07:59:50+00:00\",\"dateModified\":\"2024-06-21T07:59:52+00:00\",\"mainEntityOfPage\":{\"@id\":\"https:\\\/\\\/jeyjo.es\\\/blog\\\/index.php\\\/2024\\\/06\\\/21\\\/ayudas-a-la-compra-de-libros-de-texto-en-la-rioja-para-el-curso-2024-2025\\\/\"},\"wordCount\":301,\"commentCount\":0,\"publisher\":{\"@id\":\"https:\\\/\\\/jeyjo.es\\\/blog\\\/#organization\"},\"image\":{\"@id\":\"https:\\\/\\\/jeyjo.es\\\/blog\\\/index.php\\\/2024\\\/06\\\/21\\\/ayudas-a-la-compra-de-libros-de-texto-en-la-rioja-para-el-curso-2024-2025\\\/#primaryimage\"},\"thumbnailUrl\":\"https:\\\/\\\/jeyjo.es\\\/blog\\\/wp-content\\\/uploads\\\/2024\\\/06\\\/PORTADA-AYUDAS-CHEQUELIBROS-2024-2025.jpg\",\"keywords\":[\"ayudas\",\"Ayudas a la compra de libros de texto La Rioja\",\"Ayudas econ\u00f3micas La Rioja\",\"Becas La Rioja\",\"Compra online\",\"Compra online libros de texto La Rioja\",\"curso 2024\\\/2025\",\"educaci\u00f3n\",\"Educaci\u00f3n La Rioja\",\"Env\u00edo a domicilio libros de texto La Rioja\",\"estudiantes\",\"Estudiantes La Rioja\",\"familias\",\"Familias La Rioja\",\"gobierno\",\"Gobierno de La Rioja\",\"jeyjo\",\"la rioja\",\"librer\u00eda\",\"Librer\u00eda Jeyjo Material de Oficina La Rioja\",\"libros de texto\",\"Libros de texto curso 2024\\\/2025 La Rioja\",\"Libros infantiles La Rioja\",\"Libros juveniles La Rioja\",\"material de oficina\",\"Material educativo La Rioja\",\"material escolar\",\"Material escolar La Rioja\",\"subvenciones\",\"Subvenciones libros de texto La Rioja\"],\"articleSection\":[\"Noticias\"],\"inLanguage\":\"es\",\"potentialAction\":[{\"@type\":\"CommentAction\",\"name\":\"Comment\",\"target\":[\"https:\\\/\\\/jeyjo.es\\\/blog\\\/index.php\\\/2024\\\/06\\\/21\\\/ayudas-a-la-compra-de-libros-de-texto-en-la-rioja-para-el-curso-2024-2025\\\/#respond\"]}]},{\"@type\":\"WebPage\",\"@id\":\"https:\\\/\\\/jeyjo.es\\\/blog\\\/index.php\\\/2024\\\/06\\\/21\\\/ayudas-a-la-compra-de-libros-de-texto-en-la-rioja-para-el-curso-2024-2025\\\/\",\"url\":\"https:\\\/\\\/jeyjo.es\\\/blog\\\/index.php\\\/2024\\\/06\\\/21\\\/ayudas-a-la-compra-de-libros-de-texto-en-la-rioja-para-el-curso-2024-2025\\\/\",\"name\":\"\u00a1Ayudas a la compra de libros de texto en La Rioja para el curso 2024\\\/2025! - Jeyjo\",\"isPartOf\":{\"@id\":\"https:\\\/\\\/jeyjo.es\\\/blog\\\/#website\"},\"primaryImageOfPage\":{\"@id\":\"https:\\\/\\\/jeyjo.es\\\/blog\\\/index.php\\\/2024\\\/06\\\/21\\\/ayudas-a-la-compra-de-libros-de-texto-en-la-rioja-para-el-curso-2024-2025\\\/#primaryimage\"},\"image\":{\"@id\":\"https:\\\/\\\/jeyjo.es\\\/blog\\\/index.php\\\/2024\\\/06\\\/21\\\/ayudas-a-la-compra-de-libros-de-texto-en-la-rioja-para-el-curso-2024-2025\\\/#primaryimage\"},\"thumbnailUrl\":\"https:\\\/\\\/jeyjo.es\\\/blog\\\/wp-content\\\/uploads\\\/2024\\\/06\\\/PORTADA-AYUDAS-CHEQUELIBROS-2024-2025.jpg\",\"datePublished\":\"2024-06-21T07:59:50+00:00\",\"dateModified\":\"2024-06-21T07:59:52+00:00\",\"breadcrumb\":{\"@id\":\"https:\\\/\\\/jeyjo.es\\\/blog\\\/index.php\\\/2024\\\/06\\\/21\\\/ayudas-a-la-compra-de-libros-de-texto-en-la-rioja-para-el-curso-2024-2025\\\/#breadcrumb\"},\"inLanguage\":\"es\",\"potentialAction\":[{\"@type\":\"ReadAction\",\"target\":[\"https:\\\/\\\/jeyjo.es\\\/blog\\\/index.php\\\/2024\\\/06\\\/21\\\/ayudas-a-la-compra-de-libros-de-texto-en-la-rioja-para-el-curso-2024-2025\\\/\"]}]},{\"@type\":\"ImageObject\",\"inLanguage\":\"es\",\"@id\":\"https:\\\/\\\/jeyjo.es\\\/blog\\\/index.php\\\/2024\\\/06\\\/21\\\/ayudas-a-la-compra-de-libros-de-texto-en-la-rioja-para-el-curso-2024-2025\\\/#primaryimage\",\"url\":\"https:\\\/\\\/jeyjo.es\\\/blog\\\/wp-content\\\/uploads\\\/2024\\\/06\\\/PORTADA-AYUDAS-CHEQUELIBROS-2024-2025.jpg\",\"contentUrl\":\"https:\\\/\\\/jeyjo.es\\\/blog\\\/wp-content\\\/uploads\\\/2024\\\/06\\\/PORTADA-AYUDAS-CHEQUELIBROS-2024-2025.jpg\",\"width\":1713,\"height\":1181},{\"@type\":\"BreadcrumbList\",\"@id\":\"https:\\\/\\\/jeyjo.es\\\/blog\\\/index.php\\\/2024\\\/06\\\/21\\\/ayudas-a-la-compra-de-libros-de-texto-en-la-rioja-para-el-curso-2024-2025\\\/#breadcrumb\",\"itemListElement\":[{\"@type\":\"ListItem\",\"position\":1,\"name\":\"Portada\",\"item\":\"https:\\\/\\\/jeyjo.es\\\/blog\\\/\"},{\"@type\":\"ListItem\",\"position\":2,\"name\":\"\u00a1Ayudas a la compra de libros de texto en La Rioja para el curso 2024\\\/2025!\"}]},{\"@type\":\"WebSite\",\"@id\":\"https:\\\/\\\/jeyjo.es\\\/blog\\\/#website\",\"url\":\"https:\\\/\\\/jeyjo.es\\\/blog\\\/\",\"name\":\"Blog para conocer todo sobre la oficina y el colegio\",\"description\":\"El Blog de tu Oficina - Expertos en Material de Oficina, Papeler\u00eda y Mobiliario\",\"publisher\":{\"@id\":\"https:\\\/\\\/jeyjo.es\\\/blog\\\/#organization\"},\"potentialAction\":[{\"@type\":\"SearchAction\",\"target\":{\"@type\":\"EntryPoint\",\"urlTemplate\":\"https:\\\/\\\/jeyjo.es\\\/blog\\\/?s={search_term_string}\"},\"query-input\":{\"@type\":\"PropertyValueSpecification\",\"valueRequired\":true,\"valueName\":\"search_term_string\"}}],\"inLanguage\":\"es\"},{\"@type\":\"Organization\",\"@id\":\"https:\\\/\\\/jeyjo.es\\\/blog\\\/#organization\",\"name\":\"Jeyjo Material de Oficina\",\"url\":\"https:\\\/\\\/jeyjo.es\\\/blog\\\/\",\"logo\":{\"@type\":\"ImageObject\",\"inLanguage\":\"es\",\"@id\":\"https:\\\/\\\/jeyjo.es\\\/blog\\\/#\\\/schema\\\/logo\\\/image\\\/\",\"url\":\"https:\\\/\\\/jeyjo.es\\\/blog\\\/wp-content\\\/uploads\\\/2023\\\/10\\\/LOGOTIPO-COLOR-cac-150px.jpg\",\"contentUrl\":\"https:\\\/\\\/jeyjo.es\\\/blog\\\/wp-content\\\/uploads\\\/2023\\\/10\\\/LOGOTIPO-COLOR-cac-150px.jpg\",\"width\":1771,\"height\":1006,\"caption\":\"Jeyjo Material de Oficina\"},\"image\":{\"@id\":\"https:\\\/\\\/jeyjo.es\\\/blog\\\/#\\\/schema\\\/logo\\\/image\\\/\"},\"sameAs\":[\"https:\\\/\\\/www.facebook.com\\\/jeyjo.papeleria.9\",\"https:\\\/\\\/x.com\\\/jeyjooficinas\",\"https:\\\/\\\/www.youtube.com\\\/channel\\\/UCUNp2bZMllJUVIAMZYdGZ8Q\",\"https:\\\/\\\/www.instagram.com\\\/jeyjomaterialdeoficina\\\/\",\"https:\\\/\\\/www.linkedin.com\\\/in\\\/jeyjo-material-de-oficina-aba48b49\"]},{\"@type\":\"Person\",\"@id\":\"https:\\\/\\\/jeyjo.es\\\/blog\\\/#\\\/schema\\\/person\\\/27b39b68644e2843617b9eb0877b528b\",\"name\":\"Jos\u00e9 Antonio\",\"image\":{\"@type\":\"ImageObject\",\"inLanguage\":\"es\",\"@id\":\"https:\\\/\\\/secure.gravatar.com\\\/avatar\\\/e8bbcf4f7a3e91ea18ca5e076249495fd4bcbc0c9bd4e3fb6c8294649ec86fcc?s=96&d=mm&r=g\",\"url\":\"https:\\\/\\\/secure.gravatar.com\\\/avatar\\\/e8bbcf4f7a3e91ea18ca5e076249495fd4bcbc0c9bd4e3fb6c8294649ec86fcc?s=96&d=mm&r=g\",\"contentUrl\":\"https:\\\/\\\/secure.gravatar.com\\\/avatar\\\/e8bbcf4f7a3e91ea18ca5e076249495fd4bcbc0c9bd4e3fb6c8294649ec86fcc?s=96&d=mm&r=g\",\"caption\":\"Jos\u00e9 Antonio\"},\"sameAs\":[\"http:\\\/\\\/jeyjo.es\\\/blog\"],\"url\":\"https:\\\/\\\/jeyjo.es\\\/blog\\\/index.php\\\/author\\\/programador\\\/\"}]}<\/script>\n<!-- \/ Yoast SEO plugin. -->","yoast_head_json":{"title":"\u00a1Ayudas a la compra de libros de texto en La Rioja para el curso 2024\/2025! - Jeyjo","robots":{"index":"index","follow":"follow","max-snippet":"max-snippet:-1","max-image-preview":"max-image-preview:large","max-video-preview":"max-video-preview:-1"},"canonical":"https:\/\/jeyjo.es\/blog\/index.php\/2024\/06\/21\/ayudas-a-la-compra-de-libros-de-texto-en-la-rioja-para-el-curso-2024-2025\/","og_locale":"es_ES","og_type":"article","og_title":"\u00a1Ayudas a la compra de libros de texto en La Rioja para el curso 2024\/2025! - Jeyjo","og_description":"\u00bfEres estudiante o familiar de un estudiante en La Rioja? \u00a1Atenci\u00f3n! El Gobierno de La Rioja ha convocado ayudas para la compra [&hellip;]","og_url":"https:\/\/jeyjo.es\/blog\/index.php\/2024\/06\/21\/ayudas-a-la-compra-de-libros-de-texto-en-la-rioja-para-el-curso-2024-2025\/","og_site_name":"Jeyjo","article_publisher":"https:\/\/www.facebook.com\/jeyjo.papeleria.9","article_published_time":"2024-06-21T07:59:50+00:00","article_modified_time":"2024-06-21T07:59:52+00:00","og_image":[{"width":1713,"height":1181,"url":"https:\/\/jeyjo.es\/blog\/wp-content\/uploads\/2024\/06\/PORTADA-AYUDAS-CHEQUELIBROS-2024-2025.jpg","type":"image\/jpeg"}],"author":"Jos\u00e9 Antonio","twitter_card":"summary_large_image","twitter_creator":"@jeyjooficinas","twitter_site":"@jeyjooficinas","twitter_misc":{"Escrito por":"Jos\u00e9 Antonio","Tiempo de lectura":"2 minutos"},"schema":{"@context":"https:\/\/schema.org","@graph":[{"@type":"Article","@id":"https:\/\/jeyjo.es\/blog\/index.php\/2024\/06\/21\/ayudas-a-la-compra-de-libros-de-texto-en-la-rioja-para-el-curso-2024-2025\/#article","isPartOf":{"@id":"https:\/\/jeyjo.es\/blog\/index.php\/2024\/06\/21\/ayudas-a-la-compra-de-libros-de-texto-en-la-rioja-para-el-curso-2024-2025\/"},"author":{"name":"Jos\u00e9 Antonio","@id":"https:\/\/jeyjo.es\/blog\/#\/schema\/person\/27b39b68644e2843617b9eb0877b528b"},"headline":"\u00a1Ayudas a la compra de libros de texto en La Rioja para el curso 2024\/2025!","datePublished":"2024-06-21T07:59:50+00:00","dateModified":"2024-06-21T07:59:52+00:00","mainEntityOfPage":{"@id":"https:\/\/jeyjo.es\/blog\/index.php\/2024\/06\/21\/ayudas-a-la-compra-de-libros-de-texto-en-la-rioja-para-el-curso-2024-2025\/"},"wordCount":301,"commentCount":0,"publisher":{"@id":"https:\/\/jeyjo.es\/blog\/#organization"},"image":{"@id":"https:\/\/jeyjo.es\/blog\/index.php\/2024\/06\/21\/ayudas-a-la-compra-de-libros-de-texto-en-la-rioja-para-el-curso-2024-2025\/#primaryimage"},"thumbnailUrl":"https:\/\/jeyjo.es\/blog\/wp-content\/uploads\/2024\/06\/PORTADA-AYUDAS-CHEQUELIBROS-2024-2025.jpg","keywords":["ayudas","Ayudas a la compra de libros de texto La Rioja","Ayudas econ\u00f3micas La Rioja","Becas La Rioja","Compra online","Compra online libros de texto La Rioja","curso 2024\/2025","educaci\u00f3n","Educaci\u00f3n La Rioja","Env\u00edo a domicilio libros de texto La Rioja","estudiantes","Estudiantes La Rioja","familias","Familias La Rioja","gobierno","Gobierno de La Rioja","jeyjo","la rioja","librer\u00eda","Librer\u00eda Jeyjo Material de Oficina La Rioja","libros de texto","Libros de texto curso 2024\/2025 La Rioja","Libros infantiles La Rioja","Libros juveniles La Rioja","material de oficina","Material educativo La Rioja","material escolar","Material escolar La Rioja","subvenciones","Subvenciones libros de texto La Rioja"],"articleSection":["Noticias"],"inLanguage":"es","potentialAction":[{"@type":"CommentAction","name":"Comment","target":["https:\/\/jeyjo.es\/blog\/index.php\/2024\/06\/21\/ayudas-a-la-compra-de-libros-de-texto-en-la-rioja-para-el-curso-2024-2025\/#respond"]}]},{"@type":"WebPage","@id":"https:\/\/jeyjo.es\/blog\/index.php\/2024\/06\/21\/ayudas-a-la-compra-de-libros-de-texto-en-la-rioja-para-el-curso-2024-2025\/","url":"https:\/\/jeyjo.es\/blog\/index.php\/2024\/06\/21\/ayudas-a-la-compra-de-libros-de-texto-en-la-rioja-para-el-curso-2024-2025\/","name":"\u00a1Ayudas a la compra de libros de texto en La Rioja para el curso 2024\/2025! - Jeyjo","isPartOf":{"@id":"https:\/\/jeyjo.es\/blog\/#website"},"primaryImageOfPage":{"@id":"https:\/\/jeyjo.es\/blog\/index.php\/2024\/06\/21\/ayudas-a-la-compra-de-libros-de-texto-en-la-rioja-para-el-curso-2024-2025\/#primaryimage"},"image":{"@id":"https:\/\/jeyjo.es\/blog\/index.php\/2024\/06\/21\/ayudas-a-la-compra-de-libros-de-texto-en-la-rioja-para-el-curso-2024-2025\/#primaryimage"},"thumbnailUrl":"https:\/\/jeyjo.es\/blog\/wp-content\/uploads\/2024\/06\/PORTADA-AYUDAS-CHEQUELIBROS-2024-2025.jpg","datePublished":"2024-06-21T07:59:50+00:00","dateModified":"2024-06-21T07:59:52+00:00","breadcrumb":{"@id":"https:\/\/jeyjo.es\/blog\/index.php\/2024\/06\/21\/ayudas-a-la-compra-de-libros-de-texto-en-la-rioja-para-el-curso-2024-2025\/#breadcrumb"},"inLanguage":"es","potentialAction":[{"@type":"ReadAction","target":["https:\/\/jeyjo.es\/blog\/index.php\/2024\/06\/21\/ayudas-a-la-compra-de-libros-de-texto-en-la-rioja-para-el-curso-2024-2025\/"]}]},{"@type":"ImageObject","inLanguage":"es","@id":"https:\/\/jeyjo.es\/blog\/index.php\/2024\/06\/21\/ayudas-a-la-compra-de-libros-de-texto-en-la-rioja-para-el-curso-2024-2025\/#primaryimage","url":"https:\/\/jeyjo.es\/blog\/wp-content\/uploads\/2024\/06\/PORTADA-AYUDAS-CHEQUELIBROS-2024-2025.jpg","contentUrl":"https:\/\/jeyjo.es\/blog\/wp-content\/uploads\/2024\/06\/PORTADA-AYUDAS-CHEQUELIBROS-2024-2025.jpg","width":1713,"height":1181},{"@type":"BreadcrumbList","@id":"https:\/\/jeyjo.es\/blog\/index.php\/2024\/06\/21\/ayudas-a-la-compra-de-libros-de-texto-en-la-rioja-para-el-curso-2024-2025\/#breadcrumb","itemListElement":[{"@type":"ListItem","position":1,"name":"Portada","item":"https:\/\/jeyjo.es\/blog\/"},{"@type":"ListItem","position":2,"name":"\u00a1Ayudas a la compra de libros de texto en La Rioja para el curso 2024\/2025!"}]},{"@type":"WebSite","@id":"https:\/\/jeyjo.es\/blog\/#website","url":"https:\/\/jeyjo.es\/blog\/","name":"Blog para conocer todo sobre la oficina y el colegio","description":"El Blog de tu Oficina - Expertos en Material de Oficina, Papeler\u00eda y Mobiliario","publisher":{"@id":"https:\/\/jeyjo.es\/blog\/#organization"},"potentialAction":[{"@type":"SearchAction","target":{"@type":"EntryPoint","urlTemplate":"https:\/\/jeyjo.es\/blog\/?s={search_term_string}"},"query-input":{"@type":"PropertyValueSpecification","valueRequired":true,"valueName":"search_term_string"}}],"inLanguage":"es"},{"@type":"Organization","@id":"https:\/\/jeyjo.es\/blog\/#organization","name":"Jeyjo Material de Oficina","url":"https:\/\/jeyjo.es\/blog\/","logo":{"@type":"ImageObject","inLanguage":"es","@id":"https:\/\/jeyjo.es\/blog\/#\/schema\/logo\/image\/","url":"https:\/\/jeyjo.es\/blog\/wp-content\/uploads\/2023\/10\/LOGOTIPO-COLOR-cac-150px.jpg","contentUrl":"https:\/\/jeyjo.es\/blog\/wp-content\/uploads\/2023\/10\/LOGOTIPO-COLOR-cac-150px.jpg","width":1771,"height":1006,"caption":"Jeyjo Material de Oficina"},"image":{"@id":"https:\/\/jeyjo.es\/blog\/#\/schema\/logo\/image\/"},"sameAs":["https:\/\/www.facebook.com\/jeyjo.papeleria.9","https:\/\/x.com\/jeyjooficinas","https:\/\/www.youtube.com\/channel\/UCUNp2bZMllJUVIAMZYdGZ8Q","https:\/\/www.instagram.com\/jeyjomaterialdeoficina\/","https:\/\/www.linkedin.com\/in\/jeyjo-material-de-oficina-aba48b49"]},{"@type":"Person","@id":"https:\/\/jeyjo.es\/blog\/#\/schema\/person\/27b39b68644e2843617b9eb0877b528b","name":"Jos\u00e9 Antonio","image":{"@type":"ImageObject","inLanguage":"es","@id":"https:\/\/secure.gravatar.com\/avatar\/e8bbcf4f7a3e91ea18ca5e076249495fd4bcbc0c9bd4e3fb6c8294649ec86fcc?s=96&d=mm&r=g","url":"https:\/\/secure.gravatar.com\/avatar\/e8bbcf4f7a3e91ea18ca5e076249495fd4bcbc0c9bd4e3fb6c8294649ec86fcc?s=96&d=mm&r=g","contentUrl":"https:\/\/secure.gravatar.com\/avatar\/e8bbcf4f7a3e91ea18ca5e076249495fd4bcbc0c9bd4e3fb6c8294649ec86fcc?s=96&d=mm&r=g","caption":"Jos\u00e9 Antonio"},"sameAs":["http:\/\/jeyjo.es\/blog"],"url":"https:\/\/jeyjo.es\/blog\/index.php\/author\/programador\/"}]}},"_links":{"self":[{"href":"https:\/\/jeyjo.es\/blog\/index.php\/wp-json\/wp\/v2\/posts\/2000","targetHints":{"allow":["GET"]}}],"collection":[{"href":"https:\/\/jeyjo.es\/blog\/index.php\/wp-json\/wp\/v2\/posts"}],"about":[{"href":"https:\/\/jeyjo.es\/blog\/index.php\/wp-json\/wp\/v2\/types\/post"}],"author":[{"embeddable":true,"href":"https:\/\/jeyjo.es\/blog\/index.php\/wp-json\/wp\/v2\/users\/1"}],"replies":[{"embeddable":true,"href":"https:\/\/jeyjo.es\/blog\/index.php\/wp-json\/wp\/v2\/comments?post=2000"}],"version-history":[{"count":1,"href":"https:\/\/jeyjo.es\/blog\/index.php\/wp-json\/wp\/v2\/posts\/2000\/revisions"}],"predecessor-version":[{"id":2002,"href":"https:\/\/jeyjo.es\/blog\/index.php\/wp-json\/wp\/v2\/posts\/2000\/revisions\/2002"}],"wp:featuredmedia":[{"embeddable":true,"href":"https:\/\/jeyjo.es\/blog\/index.php\/wp-json\/wp\/v2\/media\/2001"}],"wp:attachment":[{"href":"https:\/\/jeyjo.es\/blog\/index.php\/wp-json\/wp\/v2\/media?parent=2000"}],"wp:term":[{"taxonomy":"category","embeddable":true,"href":"https:\/\/jeyjo.es\/blog\/index.php\/wp-json\/wp\/v2\/categories?post=2000"},{"taxonomy":"post_tag","embeddable":true,"href":"https:\/\/jeyjo.es\/blog\/index.php\/wp-json\/wp\/v2\/tags?post=2000"}],"curies":[{"name":"wp","href":"https:\/\/api.w.org\/{rel}","templated":true}]}}