{"id":1823,"date":"2024-02-16T18:14:46","date_gmt":"2024-02-16T17:14:46","guid":{"rendered":"https:\/\/jeyjo.es\/blog\/?p=1823"},"modified":"2024-02-16T18:58:19","modified_gmt":"2024-02-16T17:58:19","slug":"escuela-digital-ola-de-desdigitalizacion-masiva-en-las-escuelas","status":"publish","type":"post","link":"https:\/\/jeyjo.es\/blog\/index.php\/2024\/02\/16\/escuela-digital-ola-de-desdigitalizacion-masiva-en-las-escuelas\/","title":{"rendered":"\u00bfESCUELA DIGITAL?&#8230; Ola de desdigitalizaci\u00f3n masiva en las escuelas"},"content":{"rendered":"\n<p>Estamos en el 2024 y la idea de un aula o una oficina sin papeles no se ha materializado.<\/p>\n\n\n\n<p>Esta realidad resulta chocante si tenemos en cuenta que lo digital no s\u00f3lo se ha vendido como lo m\u00e1s innovador y m\u00e1s moderno en las escuelas&#8230;. sino tambi\u00e9n como lo \u00a1m\u00e1s ecol\u00f3gico!<\/p>\n\n\n\n<p>En 2015, Arrigo Berni (Administrador Delegado de Moleskine) dec\u00eda que \u00abcuando el acto de la escritura adquiere una dimensi\u00f3n personal, es cuando el papel se muestra superior al teclado\u00bb. Sucede con los escritores, que dicen sentirse m\u00e1s creativos cuando escriben sus historias a mano, y quiz\u00e1s hasta ahora no hayamos valorado la dimensi\u00f3n personal de los ni\u00f1os y j\u00f3venes que se educan en la llamada \u00abescuela digital\u00bb.<\/p>\n\n\n\n<p>Lo dicho por A. Berni signific\u00f3 en su momento un buen apoyo para la industria del l\u00e1piz, del papel y de todos los dem\u00e1s objetos, escolares y de oficina, cuya vigencia comenzaba a cuestionarse en favor de la tecnolog\u00eda digital. Lo cierto es que durante m\u00e1s de tres d\u00e9cadas las pantallas de tablets y ordenadores han sido el s\u00edmbolo de la modernidad en las escuelas, colegios e institutos.<\/p>\n\n\n\n<figure class=\"wp-block-image size-full\"><img loading=\"lazy\" decoding=\"async\" width=\"1024\" height=\"640\" src=\"https:\/\/jeyjo.es\/blog\/wp-content\/uploads\/2024\/02\/vuelta-al-cole-o-estudiar-desde-casa.jpg\" alt=\"\" class=\"wp-image-1825\" srcset=\"https:\/\/jeyjo.es\/blog\/wp-content\/uploads\/2024\/02\/vuelta-al-cole-o-estudiar-desde-casa.jpg 1024w, https:\/\/jeyjo.es\/blog\/wp-content\/uploads\/2024\/02\/vuelta-al-cole-o-estudiar-desde-casa-300x188.jpg 300w, https:\/\/jeyjo.es\/blog\/wp-content\/uploads\/2024\/02\/vuelta-al-cole-o-estudiar-desde-casa-768x480.jpg 768w\" sizes=\"auto, (max-width: 1024px) 100vw, 1024px\" \/><\/figure>\n\n\n\n<p>\u00daltimamente, sin embargo, ha surgido la necesidad e una reflexi\u00f3n y una racionalizaci\u00f3n del uso de las tecnolog\u00edas dentro y fuera de las aulas. Un interesante art\u00edculo (Sa\u00fal Castiblanco \/Gaudium Presss publicado por el peri\u00f3dico &lt;&lt;El mundo>>) apuntaba como el neurocient\u00edfico Michel Desmurget (Director de Investigaci\u00f3n del Instituto Nacional de Salud de Francia), y autor del libro \u00abLa f\u00e1brica de cretinos digitales\u00bb, advert\u00eda sobre los efetos devastadores de la tecnolog\u00eda entre los m\u00e1s j\u00f3venes. \u00abLos nativos digitales son un mito. Lo que hemos hecho a nuestros hijos en nombre de la codicia es imperdonable\u00bb, afirm\u00f3, demostrando con datos que el consumo excesivo de interfaces digitales afectan gravemente el desarrollo neuronal de ni\u00f1os y j\u00f3venes. \u00abCuando aumenta el uso de televisi\u00f3n, videojuegos, etc., el coeficiente intelectual y el desarrollo cognitivo caen, afectando seriamente al lenguaje, concentraci\u00f3n, memoria, entre otras habilidades\u00bb.  El coeficiente intelectual que ven\u00eda creciendo de generaci\u00f3n en generaci\u00f3n, ha comenzado a decrecer en pa\u00edses como Noruega, Dinamarca, Finlandia, Pa\u00edses Bajos, Francia&#8230; \u00bfY en Espa\u00f1a? No tenemos estad\u00edsticas.<\/p>\n\n\n\n<p>En t\u00e9rminos globales se acepta que el promedio del coeficiente intelectual de pa\u00eds est\u00e1 vinculado a su desarrollo econ\u00f3mico y a su capacidad de innovaci\u00f3n cient\u00edfica, aunque pocos pa\u00edses se han preocupado de analizar el asunto con la seriedad requerida.<\/p>\n\n\n\n<p>Expertos en educaci\u00f3n de pa\u00edses del norte de Europa debaten si hay que dar marcha atr\u00e1s y redescubrir la importancia del aula, la memorizaci\u00f3n, la caligraf\u00eda y los libros en papel. Auguran que en los pr\u00f3ximos a\u00f1os asistiremos a una ola de \u00abDesdigitalizaci\u00f3n\u00bb masiva&#8230;.. como tendencia mundial.<\/p>\n\n\n\n<p>Por lo pronto, el pasado 15 de mayo del 2023, Lotta Edholm (Ministra de Educaci\u00f3n de Noruega) anunci\u00f3 la cancelaci\u00f3n del Plan de Educaci\u00f3n Digital de su Agencia de Nacional de Educaci\u00f3n Escolar. Sus fondos, 60 millones de euros en 2023 y 44 millones de euros anuales en el presente a\u00f1o y en el 2025- ser\u00e1n destinados a la distribuci\u00f3n de \u00a1libros de texto! \u00abForma parte del regreso de la lectura a la escuela, en detrimento del tiempo ante la pantalla\u00bb, dijo claramente.<\/p>\n\n\n\n<figure class=\"wp-block-image size-full\"><img loading=\"lazy\" decoding=\"async\" width=\"730\" height=\"437\" src=\"https:\/\/jeyjo.es\/blog\/wp-content\/uploads\/2024\/02\/escuela-digital-o-desdigitalizacion.jpg\" alt=\"\" class=\"wp-image-1826\" srcset=\"https:\/\/jeyjo.es\/blog\/wp-content\/uploads\/2024\/02\/escuela-digital-o-desdigitalizacion.jpg 730w, https:\/\/jeyjo.es\/blog\/wp-content\/uploads\/2024\/02\/escuela-digital-o-desdigitalizacion-300x180.jpg 300w\" sizes=\"auto, (max-width: 730px) 100vw, 730px\" \/><\/figure>\n\n\n\n<p><\/p>\n\n\n\n<p><\/p>\n\n\n\n<p>S\u00f3lo el 34% de los estudiantes espa\u00f1oles ven necesario hoy por hoy llevar un bol\u00edgrafo a clase, as\u00ed que el debate sobre la vuelta a la educaci\u00f3n cl\u00e1sica ofrece un apoyo para la industria, tanto a fabricantes o distribuidores como a los detallistas, que durante d\u00e9cadas han tenido que adaptarse y reinventarse para mantener sus productos en armon\u00eda con la competencia de los digitales (tablets, port\u00e1tiles, etc.) m\u00e1s modernos que los tradicionales y desarrollar nuevos productos para los nuevos entornos del trabajo h\u00edbrido, cuyo impacto econ\u00f3mico tambi\u00e9n es cuestionado en algunos pa\u00edses como Estados Unidos, donde la mayor\u00eda de empresas prefieren que sus trabajadores vuelvan a ocupar los espacios de la oficina tradicional. Y es que el<strong> trabajo en remoto est\u00e1 asociado a una productividad entre un 10% y 20% menor que el presencial<\/strong>, seg\u00fan este informe. La productividad de los empleados ha concentrado parte del debate laboral desde que, con la llegada de la pandemia, el teletrabajo y el formato h\u00edbrido se instauraran de manera generalizada.<\/p>\n\n\n\n<p><\/p>\n\n\n\n<p>Fuente: Block<\/p>\n","protected":false},"excerpt":{"rendered":"<p class=\"text-justify\">Esta realidad resulta chocante si tenemos en cuenta que lo digital no s\u00f3lo se ha vendido como lo m\u00e1s innovador y m\u00e1s moderno en las escuelas&#8230;. sino tambi\u00e9n como lo \u00a1m\u00e1s ecol\u00f3gico!<\/p>\n","protected":false},"author":1,"featured_media":1824,"comment_status":"open","ping_status":"open","sticky":false,"template":"","format":"standard","meta":{"footnotes":""},"categories":[11],"tags":[557,558,556,560,562,561,559],"class_list":["post-1823","post","type-post","status-publish","format-standard","has-post-thumbnail","hentry","category-noticias","tag-desdigitalizacion-de-la-escuela","tag-desdigitalizacion-del-trabajo","tag-escuela-digital","tag-estudiar-en-casa-o-en-clase","tag-libro-o-tablet","tag-perdida-de-coeficinete-intelectual","tag-trabajar-en-casa-o-en-la-oficina"],"yoast_head":"<!-- This site is optimized with the Yoast SEO plugin v27.5 - https:\/\/yoast.com\/product\/yoast-seo-wordpress\/ -->\n<title>\u00bfESCUELA DIGITAL?... Ola de desdigitalizaci\u00f3n masiva en las escuelas - Jeyjo<\/title>\n<meta name=\"robots\" content=\"index, follow, max-snippet:-1, max-image-preview:large, max-video-preview:-1\" \/>\n<link rel=\"canonical\" href=\"https:\/\/jeyjo.es\/blog\/index.php\/2024\/02\/16\/escuela-digital-ola-de-desdigitalizacion-masiva-en-las-escuelas\/\" \/>\n<meta property=\"og:locale\" content=\"es_ES\" \/>\n<meta property=\"og:type\" content=\"article\" \/>\n<meta property=\"og:title\" content=\"\u00bfESCUELA DIGITAL?... Ola de desdigitalizaci\u00f3n masiva en las escuelas - Jeyjo\" \/>\n<meta property=\"og:description\" content=\"Esta realidad resulta chocante si tenemos en cuenta que lo digital no s\u00f3lo se ha vendido como lo m\u00e1s innovador y m\u00e1s moderno en las escuelas.... sino tambi\u00e9n como lo \u00a1m\u00e1s ecol\u00f3gico!\" \/>\n<meta property=\"og:url\" content=\"https:\/\/jeyjo.es\/blog\/index.php\/2024\/02\/16\/escuela-digital-ola-de-desdigitalizacion-masiva-en-las-escuelas\/\" \/>\n<meta property=\"og:site_name\" content=\"Jeyjo\" \/>\n<meta property=\"article:publisher\" content=\"https:\/\/www.facebook.com\/jeyjo.papeleria.9\" \/>\n<meta property=\"article:published_time\" content=\"2024-02-16T17:14:46+00:00\" \/>\n<meta property=\"article:modified_time\" content=\"2024-02-16T17:58:19+00:00\" \/>\n<meta property=\"og:image\" content=\"https:\/\/jeyjo.es\/blog\/wp-content\/uploads\/2024\/02\/nino-dando-clase-desde-casa.jpg\" \/>\n\t<meta property=\"og:image:width\" content=\"300\" \/>\n\t<meta property=\"og:image:height\" content=\"168\" \/>\n\t<meta property=\"og:image:type\" content=\"image\/jpeg\" \/>\n<meta name=\"author\" content=\"Jos\u00e9 Antonio\" \/>\n<meta name=\"twitter:card\" content=\"summary_large_image\" \/>\n<meta name=\"twitter:creator\" content=\"@jeyjooficinas\" \/>\n<meta name=\"twitter:site\" content=\"@jeyjooficinas\" \/>\n<meta name=\"twitter:label1\" content=\"Escrito por\" \/>\n\t<meta name=\"twitter:data1\" content=\"Jos\u00e9 Antonio\" \/>\n\t<meta name=\"twitter:label2\" content=\"Tiempo de lectura\" \/>\n\t<meta name=\"twitter:data2\" content=\"4 minutos\" \/>\n<script type=\"application\/ld+json\" class=\"yoast-schema-graph\">{\"@context\":\"https:\\\/\\\/schema.org\",\"@graph\":[{\"@type\":[\"Article\",\"BlogPosting\"],\"@id\":\"https:\\\/\\\/jeyjo.es\\\/blog\\\/index.php\\\/2024\\\/02\\\/16\\\/escuela-digital-ola-de-desdigitalizacion-masiva-en-las-escuelas\\\/#article\",\"isPartOf\":{\"@id\":\"https:\\\/\\\/jeyjo.es\\\/blog\\\/index.php\\\/2024\\\/02\\\/16\\\/escuela-digital-ola-de-desdigitalizacion-masiva-en-las-escuelas\\\/\"},\"author\":{\"name\":\"Jos\u00e9 Antonio\",\"@id\":\"https:\\\/\\\/jeyjo.es\\\/blog\\\/#\\\/schema\\\/person\\\/27b39b68644e2843617b9eb0877b528b\"},\"headline\":\"\u00bfESCUELA DIGITAL?&#8230; Ola de desdigitalizaci\u00f3n masiva en las escuelas\",\"datePublished\":\"2024-02-16T17:14:46+00:00\",\"dateModified\":\"2024-02-16T17:58:19+00:00\",\"mainEntityOfPage\":{\"@id\":\"https:\\\/\\\/jeyjo.es\\\/blog\\\/index.php\\\/2024\\\/02\\\/16\\\/escuela-digital-ola-de-desdigitalizacion-masiva-en-las-escuelas\\\/\"},\"wordCount\":775,\"commentCount\":0,\"publisher\":{\"@id\":\"https:\\\/\\\/jeyjo.es\\\/blog\\\/#organization\"},\"image\":{\"@id\":\"https:\\\/\\\/jeyjo.es\\\/blog\\\/index.php\\\/2024\\\/02\\\/16\\\/escuela-digital-ola-de-desdigitalizacion-masiva-en-las-escuelas\\\/#primaryimage\"},\"thumbnailUrl\":\"https:\\\/\\\/jeyjo.es\\\/blog\\\/wp-content\\\/uploads\\\/2024\\\/02\\\/nino-dando-clase-desde-casa.jpg\",\"keywords\":[\"desdigitalizacion de la escuela\",\"desdigitalizacion del trabajo\",\"escuela digital\",\"estudiar en casa o en clase\",\"libro o tablet\",\"perdida de coeficinete intelectual\",\"trabajar en casa o en la oficina\"],\"articleSection\":[\"Noticias\"],\"inLanguage\":\"es\",\"potentialAction\":[{\"@type\":\"CommentAction\",\"name\":\"Comment\",\"target\":[\"https:\\\/\\\/jeyjo.es\\\/blog\\\/index.php\\\/2024\\\/02\\\/16\\\/escuela-digital-ola-de-desdigitalizacion-masiva-en-las-escuelas\\\/#respond\"]}]},{\"@type\":[\"WebPage\",\"ItemPage\"],\"@id\":\"https:\\\/\\\/jeyjo.es\\\/blog\\\/index.php\\\/2024\\\/02\\\/16\\\/escuela-digital-ola-de-desdigitalizacion-masiva-en-las-escuelas\\\/\",\"url\":\"https:\\\/\\\/jeyjo.es\\\/blog\\\/index.php\\\/2024\\\/02\\\/16\\\/escuela-digital-ola-de-desdigitalizacion-masiva-en-las-escuelas\\\/\",\"name\":\"\u00bfESCUELA DIGITAL?... Ola de desdigitalizaci\u00f3n masiva en las escuelas - Jeyjo\",\"isPartOf\":{\"@id\":\"https:\\\/\\\/jeyjo.es\\\/blog\\\/#website\"},\"primaryImageOfPage\":{\"@id\":\"https:\\\/\\\/jeyjo.es\\\/blog\\\/index.php\\\/2024\\\/02\\\/16\\\/escuela-digital-ola-de-desdigitalizacion-masiva-en-las-escuelas\\\/#primaryimage\"},\"image\":{\"@id\":\"https:\\\/\\\/jeyjo.es\\\/blog\\\/index.php\\\/2024\\\/02\\\/16\\\/escuela-digital-ola-de-desdigitalizacion-masiva-en-las-escuelas\\\/#primaryimage\"},\"thumbnailUrl\":\"https:\\\/\\\/jeyjo.es\\\/blog\\\/wp-content\\\/uploads\\\/2024\\\/02\\\/nino-dando-clase-desde-casa.jpg\",\"datePublished\":\"2024-02-16T17:14:46+00:00\",\"dateModified\":\"2024-02-16T17:58:19+00:00\",\"breadcrumb\":{\"@id\":\"https:\\\/\\\/jeyjo.es\\\/blog\\\/index.php\\\/2024\\\/02\\\/16\\\/escuela-digital-ola-de-desdigitalizacion-masiva-en-las-escuelas\\\/#breadcrumb\"},\"inLanguage\":\"es\",\"potentialAction\":[{\"@type\":\"ReadAction\",\"target\":[\"https:\\\/\\\/jeyjo.es\\\/blog\\\/index.php\\\/2024\\\/02\\\/16\\\/escuela-digital-ola-de-desdigitalizacion-masiva-en-las-escuelas\\\/\"]}]},{\"@type\":\"ImageObject\",\"inLanguage\":\"es\",\"@id\":\"https:\\\/\\\/jeyjo.es\\\/blog\\\/index.php\\\/2024\\\/02\\\/16\\\/escuela-digital-ola-de-desdigitalizacion-masiva-en-las-escuelas\\\/#primaryimage\",\"url\":\"https:\\\/\\\/jeyjo.es\\\/blog\\\/wp-content\\\/uploads\\\/2024\\\/02\\\/nino-dando-clase-desde-casa.jpg\",\"contentUrl\":\"https:\\\/\\\/jeyjo.es\\\/blog\\\/wp-content\\\/uploads\\\/2024\\\/02\\\/nino-dando-clase-desde-casa.jpg\",\"width\":300,\"height\":168},{\"@type\":\"BreadcrumbList\",\"@id\":\"https:\\\/\\\/jeyjo.es\\\/blog\\\/index.php\\\/2024\\\/02\\\/16\\\/escuela-digital-ola-de-desdigitalizacion-masiva-en-las-escuelas\\\/#breadcrumb\",\"itemListElement\":[{\"@type\":\"ListItem\",\"position\":1,\"name\":\"Portada\",\"item\":\"https:\\\/\\\/jeyjo.es\\\/blog\\\/\"},{\"@type\":\"ListItem\",\"position\":2,\"name\":\"\u00bfESCUELA DIGITAL?&#8230; Ola de desdigitalizaci\u00f3n masiva en las escuelas\"}]},{\"@type\":\"WebSite\",\"@id\":\"https:\\\/\\\/jeyjo.es\\\/blog\\\/#website\",\"url\":\"https:\\\/\\\/jeyjo.es\\\/blog\\\/\",\"name\":\"Blog para conocer todo sobre la oficina y el colegio\",\"description\":\"El Blog de tu Oficina - Expertos en Material de Oficina, Papeler\u00eda y Mobiliario\",\"publisher\":{\"@id\":\"https:\\\/\\\/jeyjo.es\\\/blog\\\/#organization\"},\"potentialAction\":[{\"@type\":\"SearchAction\",\"target\":{\"@type\":\"EntryPoint\",\"urlTemplate\":\"https:\\\/\\\/jeyjo.es\\\/blog\\\/?s={search_term_string}\"},\"query-input\":{\"@type\":\"PropertyValueSpecification\",\"valueRequired\":true,\"valueName\":\"search_term_string\"}}],\"inLanguage\":\"es\"},{\"@type\":\"Organization\",\"@id\":\"https:\\\/\\\/jeyjo.es\\\/blog\\\/#organization\",\"name\":\"Jeyjo Material de Oficina\",\"url\":\"https:\\\/\\\/jeyjo.es\\\/blog\\\/\",\"logo\":{\"@type\":\"ImageObject\",\"inLanguage\":\"es\",\"@id\":\"https:\\\/\\\/jeyjo.es\\\/blog\\\/#\\\/schema\\\/logo\\\/image\\\/\",\"url\":\"https:\\\/\\\/jeyjo.es\\\/blog\\\/wp-content\\\/uploads\\\/2023\\\/10\\\/LOGOTIPO-COLOR-cac-150px.jpg\",\"contentUrl\":\"https:\\\/\\\/jeyjo.es\\\/blog\\\/wp-content\\\/uploads\\\/2023\\\/10\\\/LOGOTIPO-COLOR-cac-150px.jpg\",\"width\":1771,\"height\":1006,\"caption\":\"Jeyjo Material de Oficina\"},\"image\":{\"@id\":\"https:\\\/\\\/jeyjo.es\\\/blog\\\/#\\\/schema\\\/logo\\\/image\\\/\"},\"sameAs\":[\"https:\\\/\\\/www.facebook.com\\\/jeyjo.papeleria.9\",\"https:\\\/\\\/x.com\\\/jeyjooficinas\",\"https:\\\/\\\/www.youtube.com\\\/channel\\\/UCUNp2bZMllJUVIAMZYdGZ8Q\",\"https:\\\/\\\/www.instagram.com\\\/jeyjomaterialdeoficina\\\/\",\"https:\\\/\\\/www.linkedin.com\\\/in\\\/jeyjo-material-de-oficina-aba48b49\"]},{\"@type\":\"Person\",\"@id\":\"https:\\\/\\\/jeyjo.es\\\/blog\\\/#\\\/schema\\\/person\\\/27b39b68644e2843617b9eb0877b528b\",\"name\":\"Jos\u00e9 Antonio\",\"image\":{\"@type\":\"ImageObject\",\"inLanguage\":\"es\",\"@id\":\"https:\\\/\\\/secure.gravatar.com\\\/avatar\\\/e8bbcf4f7a3e91ea18ca5e076249495fd4bcbc0c9bd4e3fb6c8294649ec86fcc?s=96&d=mm&r=g\",\"url\":\"https:\\\/\\\/secure.gravatar.com\\\/avatar\\\/e8bbcf4f7a3e91ea18ca5e076249495fd4bcbc0c9bd4e3fb6c8294649ec86fcc?s=96&d=mm&r=g\",\"contentUrl\":\"https:\\\/\\\/secure.gravatar.com\\\/avatar\\\/e8bbcf4f7a3e91ea18ca5e076249495fd4bcbc0c9bd4e3fb6c8294649ec86fcc?s=96&d=mm&r=g\",\"caption\":\"Jos\u00e9 Antonio\"},\"sameAs\":[\"http:\\\/\\\/jeyjo.es\\\/blog\"],\"url\":\"https:\\\/\\\/jeyjo.es\\\/blog\\\/index.php\\\/author\\\/programador\\\/\"}]}<\/script>\n<!-- \/ Yoast SEO plugin. -->","yoast_head_json":{"title":"\u00bfESCUELA DIGITAL?... Ola de desdigitalizaci\u00f3n masiva en las escuelas - Jeyjo","robots":{"index":"index","follow":"follow","max-snippet":"max-snippet:-1","max-image-preview":"max-image-preview:large","max-video-preview":"max-video-preview:-1"},"canonical":"https:\/\/jeyjo.es\/blog\/index.php\/2024\/02\/16\/escuela-digital-ola-de-desdigitalizacion-masiva-en-las-escuelas\/","og_locale":"es_ES","og_type":"article","og_title":"\u00bfESCUELA DIGITAL?... Ola de desdigitalizaci\u00f3n masiva en las escuelas - Jeyjo","og_description":"Esta realidad resulta chocante si tenemos en cuenta que lo digital no s\u00f3lo se ha vendido como lo m\u00e1s innovador y m\u00e1s moderno en las escuelas.... sino tambi\u00e9n como lo \u00a1m\u00e1s ecol\u00f3gico!","og_url":"https:\/\/jeyjo.es\/blog\/index.php\/2024\/02\/16\/escuela-digital-ola-de-desdigitalizacion-masiva-en-las-escuelas\/","og_site_name":"Jeyjo","article_publisher":"https:\/\/www.facebook.com\/jeyjo.papeleria.9","article_published_time":"2024-02-16T17:14:46+00:00","article_modified_time":"2024-02-16T17:58:19+00:00","og_image":[{"width":300,"height":168,"url":"https:\/\/jeyjo.es\/blog\/wp-content\/uploads\/2024\/02\/nino-dando-clase-desde-casa.jpg","type":"image\/jpeg"}],"author":"Jos\u00e9 Antonio","twitter_card":"summary_large_image","twitter_creator":"@jeyjooficinas","twitter_site":"@jeyjooficinas","twitter_misc":{"Escrito por":"Jos\u00e9 Antonio","Tiempo de lectura":"4 minutos"},"schema":{"@context":"https:\/\/schema.org","@graph":[{"@type":["Article","BlogPosting"],"@id":"https:\/\/jeyjo.es\/blog\/index.php\/2024\/02\/16\/escuela-digital-ola-de-desdigitalizacion-masiva-en-las-escuelas\/#article","isPartOf":{"@id":"https:\/\/jeyjo.es\/blog\/index.php\/2024\/02\/16\/escuela-digital-ola-de-desdigitalizacion-masiva-en-las-escuelas\/"},"author":{"name":"Jos\u00e9 Antonio","@id":"https:\/\/jeyjo.es\/blog\/#\/schema\/person\/27b39b68644e2843617b9eb0877b528b"},"headline":"\u00bfESCUELA DIGITAL?&#8230; Ola de desdigitalizaci\u00f3n masiva en las escuelas","datePublished":"2024-02-16T17:14:46+00:00","dateModified":"2024-02-16T17:58:19+00:00","mainEntityOfPage":{"@id":"https:\/\/jeyjo.es\/blog\/index.php\/2024\/02\/16\/escuela-digital-ola-de-desdigitalizacion-masiva-en-las-escuelas\/"},"wordCount":775,"commentCount":0,"publisher":{"@id":"https:\/\/jeyjo.es\/blog\/#organization"},"image":{"@id":"https:\/\/jeyjo.es\/blog\/index.php\/2024\/02\/16\/escuela-digital-ola-de-desdigitalizacion-masiva-en-las-escuelas\/#primaryimage"},"thumbnailUrl":"https:\/\/jeyjo.es\/blog\/wp-content\/uploads\/2024\/02\/nino-dando-clase-desde-casa.jpg","keywords":["desdigitalizacion de la escuela","desdigitalizacion del trabajo","escuela digital","estudiar en casa o en clase","libro o tablet","perdida de coeficinete intelectual","trabajar en casa o en la oficina"],"articleSection":["Noticias"],"inLanguage":"es","potentialAction":[{"@type":"CommentAction","name":"Comment","target":["https:\/\/jeyjo.es\/blog\/index.php\/2024\/02\/16\/escuela-digital-ola-de-desdigitalizacion-masiva-en-las-escuelas\/#respond"]}]},{"@type":["WebPage","ItemPage"],"@id":"https:\/\/jeyjo.es\/blog\/index.php\/2024\/02\/16\/escuela-digital-ola-de-desdigitalizacion-masiva-en-las-escuelas\/","url":"https:\/\/jeyjo.es\/blog\/index.php\/2024\/02\/16\/escuela-digital-ola-de-desdigitalizacion-masiva-en-las-escuelas\/","name":"\u00bfESCUELA DIGITAL?... Ola de desdigitalizaci\u00f3n masiva en las escuelas - Jeyjo","isPartOf":{"@id":"https:\/\/jeyjo.es\/blog\/#website"},"primaryImageOfPage":{"@id":"https:\/\/jeyjo.es\/blog\/index.php\/2024\/02\/16\/escuela-digital-ola-de-desdigitalizacion-masiva-en-las-escuelas\/#primaryimage"},"image":{"@id":"https:\/\/jeyjo.es\/blog\/index.php\/2024\/02\/16\/escuela-digital-ola-de-desdigitalizacion-masiva-en-las-escuelas\/#primaryimage"},"thumbnailUrl":"https:\/\/jeyjo.es\/blog\/wp-content\/uploads\/2024\/02\/nino-dando-clase-desde-casa.jpg","datePublished":"2024-02-16T17:14:46+00:00","dateModified":"2024-02-16T17:58:19+00:00","breadcrumb":{"@id":"https:\/\/jeyjo.es\/blog\/index.php\/2024\/02\/16\/escuela-digital-ola-de-desdigitalizacion-masiva-en-las-escuelas\/#breadcrumb"},"inLanguage":"es","potentialAction":[{"@type":"ReadAction","target":["https:\/\/jeyjo.es\/blog\/index.php\/2024\/02\/16\/escuela-digital-ola-de-desdigitalizacion-masiva-en-las-escuelas\/"]}]},{"@type":"ImageObject","inLanguage":"es","@id":"https:\/\/jeyjo.es\/blog\/index.php\/2024\/02\/16\/escuela-digital-ola-de-desdigitalizacion-masiva-en-las-escuelas\/#primaryimage","url":"https:\/\/jeyjo.es\/blog\/wp-content\/uploads\/2024\/02\/nino-dando-clase-desde-casa.jpg","contentUrl":"https:\/\/jeyjo.es\/blog\/wp-content\/uploads\/2024\/02\/nino-dando-clase-desde-casa.jpg","width":300,"height":168},{"@type":"BreadcrumbList","@id":"https:\/\/jeyjo.es\/blog\/index.php\/2024\/02\/16\/escuela-digital-ola-de-desdigitalizacion-masiva-en-las-escuelas\/#breadcrumb","itemListElement":[{"@type":"ListItem","position":1,"name":"Portada","item":"https:\/\/jeyjo.es\/blog\/"},{"@type":"ListItem","position":2,"name":"\u00bfESCUELA DIGITAL?&#8230; Ola de desdigitalizaci\u00f3n masiva en las escuelas"}]},{"@type":"WebSite","@id":"https:\/\/jeyjo.es\/blog\/#website","url":"https:\/\/jeyjo.es\/blog\/","name":"Blog para conocer todo sobre la oficina y el colegio","description":"El Blog de tu Oficina - Expertos en Material de Oficina, Papeler\u00eda y Mobiliario","publisher":{"@id":"https:\/\/jeyjo.es\/blog\/#organization"},"potentialAction":[{"@type":"SearchAction","target":{"@type":"EntryPoint","urlTemplate":"https:\/\/jeyjo.es\/blog\/?s={search_term_string}"},"query-input":{"@type":"PropertyValueSpecification","valueRequired":true,"valueName":"search_term_string"}}],"inLanguage":"es"},{"@type":"Organization","@id":"https:\/\/jeyjo.es\/blog\/#organization","name":"Jeyjo Material de Oficina","url":"https:\/\/jeyjo.es\/blog\/","logo":{"@type":"ImageObject","inLanguage":"es","@id":"https:\/\/jeyjo.es\/blog\/#\/schema\/logo\/image\/","url":"https:\/\/jeyjo.es\/blog\/wp-content\/uploads\/2023\/10\/LOGOTIPO-COLOR-cac-150px.jpg","contentUrl":"https:\/\/jeyjo.es\/blog\/wp-content\/uploads\/2023\/10\/LOGOTIPO-COLOR-cac-150px.jpg","width":1771,"height":1006,"caption":"Jeyjo Material de Oficina"},"image":{"@id":"https:\/\/jeyjo.es\/blog\/#\/schema\/logo\/image\/"},"sameAs":["https:\/\/www.facebook.com\/jeyjo.papeleria.9","https:\/\/x.com\/jeyjooficinas","https:\/\/www.youtube.com\/channel\/UCUNp2bZMllJUVIAMZYdGZ8Q","https:\/\/www.instagram.com\/jeyjomaterialdeoficina\/","https:\/\/www.linkedin.com\/in\/jeyjo-material-de-oficina-aba48b49"]},{"@type":"Person","@id":"https:\/\/jeyjo.es\/blog\/#\/schema\/person\/27b39b68644e2843617b9eb0877b528b","name":"Jos\u00e9 Antonio","image":{"@type":"ImageObject","inLanguage":"es","@id":"https:\/\/secure.gravatar.com\/avatar\/e8bbcf4f7a3e91ea18ca5e076249495fd4bcbc0c9bd4e3fb6c8294649ec86fcc?s=96&d=mm&r=g","url":"https:\/\/secure.gravatar.com\/avatar\/e8bbcf4f7a3e91ea18ca5e076249495fd4bcbc0c9bd4e3fb6c8294649ec86fcc?s=96&d=mm&r=g","contentUrl":"https:\/\/secure.gravatar.com\/avatar\/e8bbcf4f7a3e91ea18ca5e076249495fd4bcbc0c9bd4e3fb6c8294649ec86fcc?s=96&d=mm&r=g","caption":"Jos\u00e9 Antonio"},"sameAs":["http:\/\/jeyjo.es\/blog"],"url":"https:\/\/jeyjo.es\/blog\/index.php\/author\/programador\/"}]}},"_links":{"self":[{"href":"https:\/\/jeyjo.es\/blog\/index.php\/wp-json\/wp\/v2\/posts\/1823","targetHints":{"allow":["GET"]}}],"collection":[{"href":"https:\/\/jeyjo.es\/blog\/index.php\/wp-json\/wp\/v2\/posts"}],"about":[{"href":"https:\/\/jeyjo.es\/blog\/index.php\/wp-json\/wp\/v2\/types\/post"}],"author":[{"embeddable":true,"href":"https:\/\/jeyjo.es\/blog\/index.php\/wp-json\/wp\/v2\/users\/1"}],"replies":[{"embeddable":true,"href":"https:\/\/jeyjo.es\/blog\/index.php\/wp-json\/wp\/v2\/comments?post=1823"}],"version-history":[{"count":1,"href":"https:\/\/jeyjo.es\/blog\/index.php\/wp-json\/wp\/v2\/posts\/1823\/revisions"}],"predecessor-version":[{"id":1827,"href":"https:\/\/jeyjo.es\/blog\/index.php\/wp-json\/wp\/v2\/posts\/1823\/revisions\/1827"}],"wp:featuredmedia":[{"embeddable":true,"href":"https:\/\/jeyjo.es\/blog\/index.php\/wp-json\/wp\/v2\/media\/1824"}],"wp:attachment":[{"href":"https:\/\/jeyjo.es\/blog\/index.php\/wp-json\/wp\/v2\/media?parent=1823"}],"wp:term":[{"taxonomy":"category","embeddable":true,"href":"https:\/\/jeyjo.es\/blog\/index.php\/wp-json\/wp\/v2\/categories?post=1823"},{"taxonomy":"post_tag","embeddable":true,"href":"https:\/\/jeyjo.es\/blog\/index.php\/wp-json\/wp\/v2\/tags?post=1823"}],"curies":[{"name":"wp","href":"https:\/\/api.w.org\/{rel}","templated":true}]}}